{"id":1060,"date":"2023-10-31T10:00:00","date_gmt":"2023-10-31T09:00:00","guid":{"rendered":"http:\/\/wekab.vl24616.dinaserver.com\/blog\/?p=1060"},"modified":"2023-10-25T10:32:04","modified_gmt":"2023-10-25T09:32:04","slug":"subvencion-acciones-formativas","status":"publish","type":"post","link":"https:\/\/wekab.com\/blog\/subvencion-acciones-formativas\/","title":{"rendered":"Aspectos clave en la concesi\u00f3n de subvenci\u00f3n a acciones formativas"},"content":{"rendered":"\n<p>La b\u00fasqueda de recursos financieros para impulsar acciones formativas es una tarea fundamental para numerosas organizaciones y profesionales.<\/p>\n\n\n\n<p>Las subvenciones representan una valiosa fuente de financiamiento que puede hacer que estas iniciativas sean una realidad. Sin embargo, el proceso de solicitud de subvenciones puede ser complejo y requerir un enfoque estrat\u00e9gico y detallado.&nbsp;<\/p>\n\n\n\n<p>En este art\u00edculo exploraremos los pasos esenciales que debes seguir para solicitar con \u00e9xito una subvenci\u00f3n para tus acciones formativas. Desde la identificaci\u00f3n de oportunidades de financiamiento hasta la preparaci\u00f3n de una solicitud efectiva, te guiaremos a trav\u00e9s de cada fase de este proceso crucial.<\/p>\n\n\n\n<div id=\"ez-toc-container\" class=\"ez-toc-v2_0_74 counter-hierarchy ez-toc-counter ez-toc-custom ez-toc-container-direction\">\n<div class=\"ez-toc-title-container\">\n<p class=\"ez-toc-title\" style=\"cursor:inherit\">Tabla de contenidos<\/p>\n<span class=\"ez-toc-title-toggle\"><a href=\"#\" class=\"ez-toc-pull-right ez-toc-btn ez-toc-btn-xs ez-toc-btn-default ez-toc-toggle\" aria-label=\"Alternar tabla de contenidos\"><span class=\"ez-toc-js-icon-con\"><span class=\"\"><span class=\"eztoc-hide\" style=\"display:none;\">Toggle<\/span><span class=\"ez-toc-icon-toggle-span\"><svg style=\"fill: #999;color:#999\" xmlns=\"http:\/\/www.w3.org\/2000\/svg\" class=\"list-377408\" width=\"20px\" height=\"20px\" viewBox=\"0 0 24 24\" fill=\"none\"><path d=\"M6 6H4v2h2V6zm14 0H8v2h12V6zM4 11h2v2H4v-2zm16 0H8v2h12v-2zM4 16h2v2H4v-2zm16 0H8v2h12v-2z\" fill=\"currentColor\"><\/path><\/svg><svg style=\"fill: #999;color:#999\" class=\"arrow-unsorted-368013\" xmlns=\"http:\/\/www.w3.org\/2000\/svg\" width=\"10px\" height=\"10px\" viewBox=\"0 0 24 24\" version=\"1.2\" baseProfile=\"tiny\"><path d=\"M18.2 9.3l-6.2-6.3-6.2 6.3c-.2.2-.3.4-.3.7s.1.5.3.7c.2.2.4.3.7.3h11c.3 0 .5-.1.7-.3.2-.2.3-.5.3-.7s-.1-.5-.3-.7zM5.8 14.7l6.2 6.3 6.2-6.3c.2-.2.3-.5.3-.7s-.1-.5-.3-.7c-.2-.2-.4-.3-.7-.3h-11c-.3 0-.5.1-.7.3-.2.2-.3.5-.3.7s.1.5.3.7z\"\/><\/svg><\/span><\/span><\/span><\/a><\/span><\/div>\n<nav><ul class='ez-toc-list ez-toc-list-level-1 eztoc-toggle-hide-by-default' ><li class='ez-toc-page-1 ez-toc-heading-level-2'><a class=\"ez-toc-link ez-toc-heading-1\" href=\"https:\/\/wekab.com\/blog\/subvencion-acciones-formativas\/#%C2%BFQuien_puede_solicitar_la_subvencion\" >\u00bfQui\u00e9n puede solicitar la subvenci\u00f3n?<\/a><\/li><li class='ez-toc-page-1 ez-toc-heading-level-2'><a class=\"ez-toc-link ez-toc-heading-2\" href=\"https:\/\/wekab.com\/blog\/subvencion-acciones-formativas\/#En_el_caso_de_un_centro_o_entidad_de_formacion_%C2%BFque_requisitos_debe_cumplir_para_ser_beneficiario_de_la_subvencion\" >En el caso de un centro o entidad de formaci\u00f3n, \u00bfqu\u00e9 requisitos debe cumplir para ser beneficiario de la subvenci\u00f3n?<\/a><\/li><li class='ez-toc-page-1 ez-toc-heading-level-2'><a class=\"ez-toc-link ez-toc-heading-3\" href=\"https:\/\/wekab.com\/blog\/subvencion-acciones-formativas\/#%C2%BFY_que_pasa_con_las_agrupaciones\" >\u00bfY qu\u00e9 pasa con las agrupaciones?<\/a><\/li><li class='ez-toc-page-1 ez-toc-heading-level-2'><a class=\"ez-toc-link ez-toc-heading-4\" href=\"https:\/\/wekab.com\/blog\/subvencion-acciones-formativas\/#%C2%BFA_donde_se_deben_dirigir_las_solicitudes_y_la_documentacion\" >\u00bfA d\u00f3nde se deben dirigir las solicitudes y la documentaci\u00f3n?<\/a><\/li><li class='ez-toc-page-1 ez-toc-heading-level-2'><a class=\"ez-toc-link ez-toc-heading-5\" href=\"https:\/\/wekab.com\/blog\/subvencion-acciones-formativas\/#%C2%BFCuanto_tiempo_tengo_para_presentar_la_documentacion\" >\u00bfCu\u00e1nto tiempo tengo para presentar la documentaci\u00f3n?<\/a><\/li><li class='ez-toc-page-1 ez-toc-heading-level-2'><a class=\"ez-toc-link ez-toc-heading-6\" href=\"https:\/\/wekab.com\/blog\/subvencion-acciones-formativas\/#%C2%BFQue_necesita_mi_solicitud_de_subvencion_para_ser_aprobada\" >\u00bfQu\u00e9 necesita mi solicitud de subvenci\u00f3n para ser aprobada?<\/a><\/li><li class='ez-toc-page-1 ez-toc-heading-level-2'><a class=\"ez-toc-link ez-toc-heading-7\" href=\"https:\/\/wekab.com\/blog\/subvencion-acciones-formativas\/#%C2%BFQuien_otorga_la_subvencion\" >\u00bfQui\u00e9n otorga la subvenci\u00f3n?<\/a><\/li><li class='ez-toc-page-1 ez-toc-heading-level-2'><a class=\"ez-toc-link ez-toc-heading-8\" href=\"https:\/\/wekab.com\/blog\/subvencion-acciones-formativas\/#%C2%BFCual_es_el_plazo_para_que_se_resuelva_y_notifique_la_resolucion\" >\u00bfCu\u00e1l es el plazo para que se resuelva y notifique la resoluci\u00f3n?<\/a><\/li><li class='ez-toc-page-1 ez-toc-heading-level-2'><a class=\"ez-toc-link ez-toc-heading-9\" href=\"https:\/\/wekab.com\/blog\/subvencion-acciones-formativas\/#No_me_encuentro_conforme_con_la_resolucion_%C2%BFComo_puedo_proceder\" >No me encuentro conforme con la resoluci\u00f3n. \u00bfC\u00f3mo puedo proceder?<\/a><\/li><\/ul><\/nav><\/div>\n<h2 class=\"wp-block-heading\"><span class=\"ez-toc-section\" id=\"%C2%BFQuien_puede_solicitar_la_subvencion\"><\/span><strong>\u00bfQui\u00e9n puede solicitar la subvenci\u00f3n?<\/strong><span class=\"ez-toc-section-end\"><\/span><\/h2>\n\n\n\n<ol class=\"wp-block-list\">\n<li>Entidades de formaci\u00f3n, tanto p\u00fablicas como privadas, que se encuentren acreditadas e inscritas en el correspondiente Registro de Entidades de Formaci\u00f3n para la impartici\u00f3n de certificados de profesionalidad.<\/li>\n\n\n\n<li>Agrupaciones de personas f\u00edsicas o jur\u00eddicas (tanto p\u00fablicas como privadas), as\u00ed como comunidades de bienes (u otra unidad econ\u00f3mica sin personalidad jur\u00eddica) que puedan llevar a cabo los proyectos, actividades o comportamientos o se encuentren en la situaci\u00f3n que motiva la concesi\u00f3n de la subvenci\u00f3n.<\/li>\n\n\n\n<li>En la oferta de formaci\u00f3n p\u00fablica, impartida con car\u00e1cter extraordinario a trav\u00e9s de la red p\u00fablica de centros de formaci\u00f3n, los <em>beneficiarios<\/em> podr\u00e1n ser los centros de formaci\u00f3n de la red p\u00fablica que est\u00e9n acreditados, e inscritos en su caso, para las ofertas formativas objeto de la formaci\u00f3n.<\/li>\n<\/ol>\n\n\n\n<h2 class=\"wp-block-heading\"><span class=\"ez-toc-section\" id=\"En_el_caso_de_un_centro_o_entidad_de_formacion_%C2%BFque_requisitos_debe_cumplir_para_ser_beneficiario_de_la_subvencion\"><\/span><strong>En el caso de un centro o entidad de formaci\u00f3n, \u00bfqu\u00e9 requisitos debe cumplir para ser beneficiario de la subvenci\u00f3n?<\/strong><span class=\"ez-toc-section-end\"><\/span><\/h2>\n\n\n\n<p>Depende de la convocatoria, ya que establecer\u00e1 las condiciones y forma de acreditaci\u00f3n. De todas maneras, los requisitos generales para cada entidad son los siguientes:<\/p>\n\n\n\n<ul class=\"wp-block-list\">\n<li>Que la entidad tenga presencia territorial en el \u00e1mbito de la convocatoria.<\/li>\n\n\n\n<li>Que disponga de instalaciones y recursos humanos que garanticen la realizaci\u00f3n de las formaciones. Estos podr\u00e1n ser propios o de terceras entidades privadas o p\u00fablicas, siempre que <em>no implique subcontratar<\/em> la ejecuci\u00f3n de la actividad formativa.<\/li>\n\n\n\n<li>No haber sido sancionado mediante resoluci\u00f3n firme sanci\u00f3n, por infracci\u00f3n grave y\/o muy grave en materia de formaci\u00f3n profesional, que conlleve la sanci\u00f3n accesoria de exclusi\u00f3n del acceso a subvenciones y ayudas (para m\u00e1s informaci\u00f3n, mira el art\u00edculo 13 de la <a href=\"https:\/\/www.boe.es\/buscar\/pdf\/2003\/BOE-A-2003-20977-consolidado.pdf\">Ley 38\/2003 del 17 de noviembre<\/a>, y este art\u00edculo sobre los <a href=\"http:\/\/wekab.vl24616.dinaserver.com\/blog\/infracciones-centros-de-formacion\/\">tipos de infracciones<\/a>).<\/li>\n<\/ul>\n\n\n\n<p>Adem\u00e1s, la Administraci\u00f3n competente podr\u00e1 establecer que sea necesario que en los dos a\u00f1os previos a la convocatoria:<\/p>\n\n\n\n<ul class=\"wp-block-list\">\n<li>No se haya incurrido en incumplimientos totales o parciales.<\/li>\n\n\n\n<li>No haya abandonado m\u00e1s del 50% del alumnado con respecto al total de los comunicados e iniciados del conjunto de las acciones formativas financiadas.<\/li>\n\n\n\n<li>Se haya comunicado e iniciado m\u00e1s del 60% de las plazas financiadas con respecto al total de los comunicados e iniciados del conjunto de las acciones formativas financiadas.<\/li>\n\n\n\n<li>Exista una evaluaci\u00f3n favorable de la formaci\u00f3n.<\/li>\n<\/ul>\n\n\n\n<h2 class=\"wp-block-heading\"><span class=\"ez-toc-section\" id=\"%C2%BFY_que_pasa_con_las_agrupaciones\"><\/span><strong>\u00bfY qu\u00e9 pasa con las agrupaciones?<\/strong><span class=\"ez-toc-section-end\"><\/span><\/h2>\n\n\n\n<p>Podr\u00e1n ser beneficiarias si as\u00ed se contempla en las bases reguladoras de una convocatoria. En este caso, deber\u00e1n:<\/p>\n\n\n\n<ul class=\"wp-block-list\">\n<li>Tener presencia en el \u00e1mbito territorial de la convocatoria.<\/li>\n\n\n\n<li>Disponer de instalaciones debidamente acreditadas y adecuadas para la acci\u00f3n formativa solicitada.<\/li>\n\n\n\n<li>Estar constituidas por entidades de formaci\u00f3n p\u00fablicas o privadas, ya acreditadas y\/o inscritas en el correspondiente Registro de Entidades de Formaci\u00f3n.<\/li>\n\n\n\n<li>Nombrar un\/a representante o apoderada\/o para cumplir las obligaciones de la agrupaci\u00f3n (en su condici\u00f3n de beneficiaria).&nbsp;<\/li>\n\n\n\n<li>Todos los miembros agrupados que participen en las acciones formativas tienen la condici\u00f3n de beneficiarios, por lo que deber\u00e1n estar acreditados e inscritos seg\u00fan las condiciones marcadas por cada convocatoria, as\u00ed como cumplir todos los requisitos.<\/li>\n\n\n\n<li>La agrupaci\u00f3n no podr\u00e1 disolverse hasta que transcurra el plazo de prescripci\u00f3n, que ser\u00e1 efectivo a partir de 4 a\u00f1os:\n<ul class=\"wp-block-list\">\n<li>Desde que venza el plazo para que el beneficiario presente la justificaci\u00f3n de la subvenci\u00f3n.<\/li>\n\n\n\n<li>Desde el momento de la concesi\u00f3n.<\/li>\n\n\n\n<li>O desde el momento que venci\u00f3 tal plazo si se establecieron condiciones u obligaciones al beneficiario o entidad colaboradora.<\/li>\n<\/ul>\n<\/li>\n<\/ul>\n\n\n\n<h2 class=\"wp-block-heading\"><span class=\"ez-toc-section\" id=\"%C2%BFA_donde_se_deben_dirigir_las_solicitudes_y_la_documentacion\"><\/span><strong>\u00bfA d\u00f3nde se deben dirigir las solicitudes y la documentaci\u00f3n?<\/strong><span class=\"ez-toc-section-end\"><\/span><\/h2>\n\n\n\n<p>Ambas cuestiones deben presentarse mediante medios electr\u00f3nicos a&nbsp; la Secretar\u00eda General de Formaci\u00f3n Profesional, a trav\u00e9s de la Subdirecci\u00f3n General de Planificaci\u00f3n y Gesti\u00f3n de la Formaci\u00f3n Profesional, o al \u00f3rgano competente de la Comunidad Aut\u00f3noma seg\u00fan el \u00e1mbito de la convocatoria.<\/p>\n\n\n\n<p>En el caso de una convocatoria gestionada directamente por la Administraci\u00f3n General del Estado, tendr\u00e1s que presentar todo a trav\u00e9s de la <strong>sede electr\u00f3nica<\/strong> del <strong>Ministerio de Educaci\u00f3n y Formaci\u00f3n Profesional<\/strong>.<\/p>\n\n\n\n<h2 class=\"wp-block-heading\"><span class=\"ez-toc-section\" id=\"%C2%BFCuanto_tiempo_tengo_para_presentar_la_documentacion\"><\/span><strong>\u00bfCu\u00e1nto tiempo tengo para presentar la documentaci\u00f3n?<\/strong><span class=\"ez-toc-section-end\"><\/span><\/h2>\n\n\n\n<p>Tendr\u00e1s un plazo m\u00e1ximo de 3 meses. De todas formas, cada convocatoria establece los plazos y lugares de solicitud, as\u00ed que te recomendamos que mires bien las bases.<\/p>\n\n\n\n<h2 class=\"wp-block-heading\"><span class=\"ez-toc-section\" id=\"%C2%BFQue_necesita_mi_solicitud_de_subvencion_para_ser_aprobada\"><\/span><strong>\u00bfQu\u00e9 necesita mi solicitud de subvenci\u00f3n para ser aprobada?<\/strong><span class=\"ez-toc-section-end\"><\/span><\/h2>\n\n\n\n<p>Tendr\u00e1 que obtener la valoraci\u00f3n t\u00e9cnica que se establezca en la metodolog\u00eda aprobada por la Administraci\u00f3n competente. Para ello deber\u00e1 cumplir estos criterios m\u00ednimos:<\/p>\n\n\n\n<ul class=\"wp-block-list\">\n<li>Adecuaci\u00f3n de la oferta formativa a los sectores y acciones formativas que se especifiquen como prioritarios.<\/li>\n\n\n\n<li>Capacidad acreditada de la entidad solicitante para desarrollar la formaci\u00f3n.<\/li>\n\n\n\n<li>Valoraci\u00f3n positiva de las acciones formativas ejecutadas en los dos a\u00f1os anteriores, abandono no superior al 50%.<\/li>\n<\/ul>\n\n\n\n<h2 class=\"wp-block-heading\"><span class=\"ez-toc-section\" id=\"%C2%BFQuien_otorga_la_subvencion\"><\/span><strong>\u00bfQui\u00e9n otorga la subvenci\u00f3n?<\/strong><span class=\"ez-toc-section-end\"><\/span><\/h2>\n\n\n\n<p>El \u00f3rgano competente. En el caso de la Administraci\u00f3n General del Estado el \u00f3rgano ser\u00e1 la persona titular de la Secretar\u00eda General de Formaci\u00f3n Profesional, mientras que en el \u00e1mbito auton\u00f3mico ser\u00e1 determinado seg\u00fan cada normativa auton\u00f3mica.<\/p>\n\n\n\n<h2 class=\"wp-block-heading\"><span class=\"ez-toc-section\" id=\"%C2%BFCual_es_el_plazo_para_que_se_resuelva_y_notifique_la_resolucion\"><\/span><strong>\u00bfCu\u00e1l es el plazo para que se resuelva y notifique la resoluci\u00f3n?<\/strong><span class=\"ez-toc-section-end\"><\/span><\/h2>\n\n\n\n<p>Tendr\u00e1n un plazo m\u00e1ximo de 6 meses<em> <\/em>desde que se publique la convocatoria, salvo que la propia convocatoria posponga sus efectos a una fecha posterior.<\/p>\n\n\n\n<p>Si la resoluci\u00f3n es de concesi\u00f3n, se identificar\u00e1 la parte de la subvenci\u00f3n cofinanciada por el Fondo Social Europeo o el fondo comunitario o supranacional.<\/p>\n\n\n\n<h2 class=\"wp-block-heading\"><span class=\"ez-toc-section\" id=\"No_me_encuentro_conforme_con_la_resolucion_%C2%BFComo_puedo_proceder\"><\/span><strong>No me encuentro conforme con la resoluci\u00f3n. \u00bfC\u00f3mo puedo proceder?<\/strong><span class=\"ez-toc-section-end\"><\/span><\/h2>\n\n\n\n<p>En el plazo de un mes podr\u00edas interponer un recurso de reposici\u00f3n ante el \u00f3rgano que la dict\u00f3.&nbsp;<\/p>\n\n\n\n<p>En el caso de la Administraci\u00f3n General del Estado, adem\u00e1s de este recurso de reposici\u00f3n, se puede interponer un recurso contencioso administrativo ante la Sala de lo Contencioso-Administrativo de la Audiencia Nacional. Tendr\u00edas que presentarlo en un plazo de 2 meses (resoluci\u00f3n expresa), o de 6 meses (si no lo fuera).<\/p>\n\n\n\n<p>Tambi\u00e9n podr\u00edas solicitar modificaciones debido a circunstancias ajenas y excepcionales (razones sanitarias, cat\u00e1strofes naturales) que imposibiliten la formaci\u00f3n en las condiciones establecidas en la resoluci\u00f3n de concesi\u00f3n. La petici\u00f3n deber\u00e1 fundamentarse, mediante memoria justificativa, en las circunstancias sobrevenidas tras la resoluci\u00f3n y durante el plazo de ejecuci\u00f3n de la formaci\u00f3n.<\/p>\n","protected":false},"excerpt":{"rendered":"<p>La b\u00fasqueda de recursos financieros para impulsar acciones formativas es una tarea fundamental para numerosas organizaciones y profesionales. Las subvenciones representan una valiosa fuente de financiamiento que puede hacer que estas iniciativas sean una realidad. Sin embargo, el proceso de solicitud de subvenciones puede ser complejo y requerir un enfoque estrat\u00e9gico y detallado.&nbsp; En este&#8230;<\/p>\n","protected":false},"author":2,"featured_media":1253,"comment_status":"open","ping_status":"open","sticky":false,"template":"","format":"standard","meta":{"_kad_post_transparent":"","_kad_post_title":"","_kad_post_layout":"","_kad_post_sidebar_id":"","_kad_post_content_style":"","_kad_post_vertical_padding":"","_kad_post_feature":"","_kad_post_feature_position":"","_kad_post_header":false,"_kad_post_footer":false,"footnotes":""},"categories":[179,166],"tags":[164,67,27,242],"class_list":["post-1060","post","type-post","status-publish","format-standard","has-post-thumbnail","hentry","category-ayudas-a-la-formacion","category-espacios-para-la-formacion","tag-acciones-formativas","tag-docencia-de-formacion-para-el-empleo","tag-entidad-formadora","tag-subvencion"],"yoast_head":"<!-- This site is optimized with the Yoast SEO plugin v25.2 - https:\/\/yoast.com\/wordpress\/plugins\/seo\/ -->\n<title>Aspectos clave en la concesi\u00f3n de subvenci\u00f3n a acciones formativas - El Blog de WeKAb<\/title>\n<meta name=\"description\" content=\"Las subvenciones destinadas a acciones formativas desempe\u00f1an un papel esencial en el fortalecimiento de la educaci\u00f3n y la formaci\u00f3n profesional. Estas subvenciones permiten que organizaciones, instituciones educativas y empresas proporcionen programas de capacitaci\u00f3n de alta calidad a individuos en busca de mejorar sus habilidades y conocimientos.\" \/>\n<meta name=\"robots\" content=\"index, follow, max-snippet:-1, max-image-preview:large, max-video-preview:-1\" \/>\n<link rel=\"canonical\" href=\"https:\/\/wekab.com\/blog\/subvencion-acciones-formativas\/\" \/>\n<meta property=\"og:locale\" content=\"es_ES\" \/>\n<meta property=\"og:type\" content=\"article\" \/>\n<meta property=\"og:title\" content=\"Aspectos clave en la concesi\u00f3n de subvenci\u00f3n a acciones formativas - El Blog de WeKAb\" \/>\n<meta property=\"og:description\" content=\"Las subvenciones destinadas a acciones formativas desempe\u00f1an un papel esencial en el fortalecimiento de la educaci\u00f3n y la formaci\u00f3n profesional. Estas subvenciones permiten que organizaciones, instituciones educativas y empresas proporcionen programas de capacitaci\u00f3n de alta calidad a individuos en busca de mejorar sus habilidades y conocimientos.\" \/>\n<meta property=\"og:url\" content=\"https:\/\/wekab.com\/blog\/subvencion-acciones-formativas\/\" \/>\n<meta property=\"og:site_name\" content=\"El Blog de WeKAb\" \/>\n<meta property=\"article:publisher\" content=\"https:\/\/www.facebook.com\/WeKnowAbout\/\" \/>\n<meta property=\"article:author\" content=\"www.facebook.com\/weknowabout\" \/>\n<meta property=\"article:published_time\" content=\"2023-10-31T09:00:00+00:00\" \/>\n<meta property=\"og:image\" content=\"https:\/\/wekab.com\/blog\/wp-content\/uploads\/2023\/10\/Concesion-subvencion.jpg\" \/>\n\t<meta property=\"og:image:width\" content=\"1920\" \/>\n\t<meta property=\"og:image:height\" content=\"1080\" \/>\n\t<meta property=\"og:image:type\" content=\"image\/jpeg\" \/>\n<meta name=\"author\" content=\"WeKAb\" \/>\n<meta name=\"twitter:card\" content=\"summary_large_image\" \/>\n<meta name=\"twitter:creator\" content=\"@https:\/\/twitter.com\/WeKAb\" \/>\n<meta name=\"twitter:site\" content=\"@wekab\" \/>\n<meta name=\"twitter:label1\" content=\"Escrito por\" \/>\n\t<meta name=\"twitter:data1\" content=\"WeKAb\" \/>\n\t<meta name=\"twitter:label2\" content=\"Tiempo de lectura\" \/>\n\t<meta name=\"twitter:data2\" content=\"5 minutos\" \/>\n<script type=\"application\/ld+json\" class=\"yoast-schema-graph\">{\"@context\":\"https:\/\/schema.org\",\"@graph\":[{\"@type\":\"Article\",\"@id\":\"https:\/\/wekab.com\/blog\/subvencion-acciones-formativas\/#article\",\"isPartOf\":{\"@id\":\"https:\/\/wekab.com\/blog\/subvencion-acciones-formativas\/\"},\"author\":{\"name\":\"WeKAb\",\"@id\":\"https:\/\/wekab.com\/blog\/#\/schema\/person\/4549c377f58dfe2e7c89ee9fe7b524e2\"},\"headline\":\"Aspectos clave en la concesi\u00f3n de subvenci\u00f3n a acciones formativas\",\"datePublished\":\"2023-10-31T09:00:00+00:00\",\"mainEntityOfPage\":{\"@id\":\"https:\/\/wekab.com\/blog\/subvencion-acciones-formativas\/\"},\"wordCount\":1211,\"commentCount\":0,\"publisher\":{\"@id\":\"https:\/\/wekab.com\/blog\/#organization\"},\"image\":{\"@id\":\"https:\/\/wekab.com\/blog\/subvencion-acciones-formativas\/#primaryimage\"},\"thumbnailUrl\":\"https:\/\/wekab.com\/blog\/wp-content\/uploads\/2023\/10\/Concesion-subvencion.jpg\",\"keywords\":[\"acciones formativas\",\"docencia de formaci\u00f3n para el empleo\",\"entidad formadora\",\"subvenci\u00f3n\"],\"articleSection\":[\"Ayudas a la formaci\u00f3n\",\"Espacios para la formaci\u00f3n\"],\"inLanguage\":\"es\",\"potentialAction\":[{\"@type\":\"CommentAction\",\"name\":\"Comment\",\"target\":[\"https:\/\/wekab.com\/blog\/subvencion-acciones-formativas\/#respond\"]}]},{\"@type\":\"WebPage\",\"@id\":\"https:\/\/wekab.com\/blog\/subvencion-acciones-formativas\/\",\"url\":\"https:\/\/wekab.com\/blog\/subvencion-acciones-formativas\/\",\"name\":\"Aspectos clave en la concesi\u00f3n de subvenci\u00f3n a acciones formativas - El Blog de WeKAb\",\"isPartOf\":{\"@id\":\"https:\/\/wekab.com\/blog\/#website\"},\"primaryImageOfPage\":{\"@id\":\"https:\/\/wekab.com\/blog\/subvencion-acciones-formativas\/#primaryimage\"},\"image\":{\"@id\":\"https:\/\/wekab.com\/blog\/subvencion-acciones-formativas\/#primaryimage\"},\"thumbnailUrl\":\"https:\/\/wekab.com\/blog\/wp-content\/uploads\/2023\/10\/Concesion-subvencion.jpg\",\"datePublished\":\"2023-10-31T09:00:00+00:00\",\"description\":\"Las subvenciones destinadas a acciones formativas desempe\u00f1an un papel esencial en el fortalecimiento de la educaci\u00f3n y la formaci\u00f3n profesional. Estas subvenciones permiten que organizaciones, instituciones educativas y empresas proporcionen programas de capacitaci\u00f3n de alta calidad a individuos en busca de mejorar sus habilidades y conocimientos.\",\"breadcrumb\":{\"@id\":\"https:\/\/wekab.com\/blog\/subvencion-acciones-formativas\/#breadcrumb\"},\"inLanguage\":\"es\",\"potentialAction\":[{\"@type\":\"ReadAction\",\"target\":[\"https:\/\/wekab.com\/blog\/subvencion-acciones-formativas\/\"]}]},{\"@type\":\"ImageObject\",\"inLanguage\":\"es\",\"@id\":\"https:\/\/wekab.com\/blog\/subvencion-acciones-formativas\/#primaryimage\",\"url\":\"https:\/\/wekab.com\/blog\/wp-content\/uploads\/2023\/10\/Concesion-subvencion.jpg\",\"contentUrl\":\"https:\/\/wekab.com\/blog\/wp-content\/uploads\/2023\/10\/Concesion-subvencion.jpg\",\"width\":1920,\"height\":1080,\"caption\":\"Aspectos clave en la concesi\u00f3n de subvenciones a las accinoes formativas\"},{\"@type\":\"BreadcrumbList\",\"@id\":\"https:\/\/wekab.com\/blog\/subvencion-acciones-formativas\/#breadcrumb\",\"itemListElement\":[{\"@type\":\"ListItem\",\"position\":1,\"name\":\"Portada\",\"item\":\"https:\/\/wekab.com\/blog\/\"},{\"@type\":\"ListItem\",\"position\":2,\"name\":\"Gesti\u00f3n de la formaci\u00f3n\",\"item\":\"https:\/\/wekab.com\/blog\/category\/gestion-de-la-formacion\/\"},{\"@type\":\"ListItem\",\"position\":3,\"name\":\"Ayudas a la formaci\u00f3n\",\"item\":\"https:\/\/wekab.com\/blog\/category\/gestion-de-la-formacion\/ayudas-a-la-formacion\/\"},{\"@type\":\"ListItem\",\"position\":4,\"name\":\"Aspectos clave en la concesi\u00f3n de subvenci\u00f3n a acciones formativas\"}]},{\"@type\":\"WebSite\",\"@id\":\"https:\/\/wekab.com\/blog\/#website\",\"url\":\"https:\/\/wekab.com\/blog\/\",\"name\":\"El Blog de WeKAb\",\"description\":\"Trabajo para formadores\",\"publisher\":{\"@id\":\"https:\/\/wekab.com\/blog\/#organization\"},\"potentialAction\":[{\"@type\":\"SearchAction\",\"target\":{\"@type\":\"EntryPoint\",\"urlTemplate\":\"https:\/\/wekab.com\/blog\/?s={search_term_string}\"},\"query-input\":{\"@type\":\"PropertyValueSpecification\",\"valueRequired\":true,\"valueName\":\"search_term_string\"}}],\"inLanguage\":\"es\"},{\"@type\":\"Organization\",\"@id\":\"https:\/\/wekab.com\/blog\/#organization\",\"name\":\"WeKAb\",\"url\":\"https:\/\/wekab.com\/blog\/\",\"logo\":{\"@type\":\"ImageObject\",\"inLanguage\":\"es\",\"@id\":\"https:\/\/wekab.com\/blog\/#\/schema\/logo\/image\/\",\"url\":\"https:\/\/wekab.com\/blog\/wp-content\/uploads\/2015\/04\/logo_0003_ConectConocimiento_white_320__120.png\",\"contentUrl\":\"https:\/\/wekab.com\/blog\/wp-content\/uploads\/2015\/04\/logo_0003_ConectConocimiento_white_320__120.png\",\"width\":320,\"height\":120,\"caption\":\"WeKAb\"},\"image\":{\"@id\":\"https:\/\/wekab.com\/blog\/#\/schema\/logo\/image\/\"},\"sameAs\":[\"https:\/\/www.facebook.com\/WeKnowAbout\/\",\"https:\/\/x.com\/wekab\",\"https:\/\/www.linkedin.com\/company\/wekab\",\"https:\/\/www.youtube.com\/user\/WeKnowAbout\"]},{\"@type\":\"Person\",\"@id\":\"https:\/\/wekab.com\/blog\/#\/schema\/person\/4549c377f58dfe2e7c89ee9fe7b524e2\",\"name\":\"WeKAb\",\"image\":{\"@type\":\"ImageObject\",\"inLanguage\":\"es\",\"@id\":\"https:\/\/wekab.com\/blog\/#\/schema\/person\/image\/\",\"url\":\"https:\/\/secure.gravatar.com\/avatar\/1683069b8479db2ab50e72c0866b4ae05544a7061daba4f941ae697f8925a319?s=96&d=mm&r=g\",\"contentUrl\":\"https:\/\/secure.gravatar.com\/avatar\/1683069b8479db2ab50e72c0866b4ae05544a7061daba4f941ae697f8925a319?s=96&d=mm&r=g\",\"caption\":\"WeKAb\"},\"sameAs\":[\"http:\/\/www.wekab.com\",\"www.facebook.com\/weknowabout\",\"https:\/\/www.linkedin.com\/company\/wekab\",\"https:\/\/x.com\/https:\/\/twitter.com\/WeKAb\",\"https:\/\/www.youtube.com\/user\/WeKnowAbout\"],\"url\":\"https:\/\/wekab.com\/blog\/author\/wekab\/\"}]}<\/script>\n<!-- \/ Yoast SEO plugin. -->","yoast_head_json":{"title":"Aspectos clave en la concesi\u00f3n de subvenci\u00f3n a acciones formativas - El Blog de WeKAb","description":"Las subvenciones destinadas a acciones formativas desempe\u00f1an un papel esencial en el fortalecimiento de la educaci\u00f3n y la formaci\u00f3n profesional. Estas subvenciones permiten que organizaciones, instituciones educativas y empresas proporcionen programas de capacitaci\u00f3n de alta calidad a individuos en busca de mejorar sus habilidades y conocimientos.","robots":{"index":"index","follow":"follow","max-snippet":"max-snippet:-1","max-image-preview":"max-image-preview:large","max-video-preview":"max-video-preview:-1"},"canonical":"https:\/\/wekab.com\/blog\/subvencion-acciones-formativas\/","og_locale":"es_ES","og_type":"article","og_title":"Aspectos clave en la concesi\u00f3n de subvenci\u00f3n a acciones formativas - El Blog de WeKAb","og_description":"Las subvenciones destinadas a acciones formativas desempe\u00f1an un papel esencial en el fortalecimiento de la educaci\u00f3n y la formaci\u00f3n profesional. Estas subvenciones permiten que organizaciones, instituciones educativas y empresas proporcionen programas de capacitaci\u00f3n de alta calidad a individuos en busca de mejorar sus habilidades y conocimientos.","og_url":"https:\/\/wekab.com\/blog\/subvencion-acciones-formativas\/","og_site_name":"El Blog de WeKAb","article_publisher":"https:\/\/www.facebook.com\/WeKnowAbout\/","article_author":"www.facebook.com\/weknowabout","article_published_time":"2023-10-31T09:00:00+00:00","og_image":[{"width":1920,"height":1080,"url":"https:\/\/wekab.com\/blog\/wp-content\/uploads\/2023\/10\/Concesion-subvencion.jpg","type":"image\/jpeg"}],"author":"WeKAb","twitter_card":"summary_large_image","twitter_creator":"@https:\/\/twitter.com\/WeKAb","twitter_site":"@wekab","twitter_misc":{"Escrito por":"WeKAb","Tiempo de lectura":"5 minutos"},"schema":{"@context":"https:\/\/schema.org","@graph":[{"@type":"Article","@id":"https:\/\/wekab.com\/blog\/subvencion-acciones-formativas\/#article","isPartOf":{"@id":"https:\/\/wekab.com\/blog\/subvencion-acciones-formativas\/"},"author":{"name":"WeKAb","@id":"https:\/\/wekab.com\/blog\/#\/schema\/person\/4549c377f58dfe2e7c89ee9fe7b524e2"},"headline":"Aspectos clave en la concesi\u00f3n de subvenci\u00f3n a acciones formativas","datePublished":"2023-10-31T09:00:00+00:00","mainEntityOfPage":{"@id":"https:\/\/wekab.com\/blog\/subvencion-acciones-formativas\/"},"wordCount":1211,"commentCount":0,"publisher":{"@id":"https:\/\/wekab.com\/blog\/#organization"},"image":{"@id":"https:\/\/wekab.com\/blog\/subvencion-acciones-formativas\/#primaryimage"},"thumbnailUrl":"https:\/\/wekab.com\/blog\/wp-content\/uploads\/2023\/10\/Concesion-subvencion.jpg","keywords":["acciones formativas","docencia de formaci\u00f3n para el empleo","entidad formadora","subvenci\u00f3n"],"articleSection":["Ayudas a la formaci\u00f3n","Espacios para la formaci\u00f3n"],"inLanguage":"es","potentialAction":[{"@type":"CommentAction","name":"Comment","target":["https:\/\/wekab.com\/blog\/subvencion-acciones-formativas\/#respond"]}]},{"@type":"WebPage","@id":"https:\/\/wekab.com\/blog\/subvencion-acciones-formativas\/","url":"https:\/\/wekab.com\/blog\/subvencion-acciones-formativas\/","name":"Aspectos clave en la concesi\u00f3n de subvenci\u00f3n a acciones formativas - El Blog de WeKAb","isPartOf":{"@id":"https:\/\/wekab.com\/blog\/#website"},"primaryImageOfPage":{"@id":"https:\/\/wekab.com\/blog\/subvencion-acciones-formativas\/#primaryimage"},"image":{"@id":"https:\/\/wekab.com\/blog\/subvencion-acciones-formativas\/#primaryimage"},"thumbnailUrl":"https:\/\/wekab.com\/blog\/wp-content\/uploads\/2023\/10\/Concesion-subvencion.jpg","datePublished":"2023-10-31T09:00:00+00:00","description":"Las subvenciones destinadas a acciones formativas desempe\u00f1an un papel esencial en el fortalecimiento de la educaci\u00f3n y la formaci\u00f3n profesional. Estas subvenciones permiten que organizaciones, instituciones educativas y empresas proporcionen programas de capacitaci\u00f3n de alta calidad a individuos en busca de mejorar sus habilidades y conocimientos.","breadcrumb":{"@id":"https:\/\/wekab.com\/blog\/subvencion-acciones-formativas\/#breadcrumb"},"inLanguage":"es","potentialAction":[{"@type":"ReadAction","target":["https:\/\/wekab.com\/blog\/subvencion-acciones-formativas\/"]}]},{"@type":"ImageObject","inLanguage":"es","@id":"https:\/\/wekab.com\/blog\/subvencion-acciones-formativas\/#primaryimage","url":"https:\/\/wekab.com\/blog\/wp-content\/uploads\/2023\/10\/Concesion-subvencion.jpg","contentUrl":"https:\/\/wekab.com\/blog\/wp-content\/uploads\/2023\/10\/Concesion-subvencion.jpg","width":1920,"height":1080,"caption":"Aspectos clave en la concesi\u00f3n de subvenciones a las accinoes formativas"},{"@type":"BreadcrumbList","@id":"https:\/\/wekab.com\/blog\/subvencion-acciones-formativas\/#breadcrumb","itemListElement":[{"@type":"ListItem","position":1,"name":"Portada","item":"https:\/\/wekab.com\/blog\/"},{"@type":"ListItem","position":2,"name":"Gesti\u00f3n de la formaci\u00f3n","item":"https:\/\/wekab.com\/blog\/category\/gestion-de-la-formacion\/"},{"@type":"ListItem","position":3,"name":"Ayudas a la formaci\u00f3n","item":"https:\/\/wekab.com\/blog\/category\/gestion-de-la-formacion\/ayudas-a-la-formacion\/"},{"@type":"ListItem","position":4,"name":"Aspectos clave en la concesi\u00f3n de subvenci\u00f3n a acciones formativas"}]},{"@type":"WebSite","@id":"https:\/\/wekab.com\/blog\/#website","url":"https:\/\/wekab.com\/blog\/","name":"El Blog de WeKAb","description":"Trabajo para formadores","publisher":{"@id":"https:\/\/wekab.com\/blog\/#organization"},"potentialAction":[{"@type":"SearchAction","target":{"@type":"EntryPoint","urlTemplate":"https:\/\/wekab.com\/blog\/?s={search_term_string}"},"query-input":{"@type":"PropertyValueSpecification","valueRequired":true,"valueName":"search_term_string"}}],"inLanguage":"es"},{"@type":"Organization","@id":"https:\/\/wekab.com\/blog\/#organization","name":"WeKAb","url":"https:\/\/wekab.com\/blog\/","logo":{"@type":"ImageObject","inLanguage":"es","@id":"https:\/\/wekab.com\/blog\/#\/schema\/logo\/image\/","url":"https:\/\/wekab.com\/blog\/wp-content\/uploads\/2015\/04\/logo_0003_ConectConocimiento_white_320__120.png","contentUrl":"https:\/\/wekab.com\/blog\/wp-content\/uploads\/2015\/04\/logo_0003_ConectConocimiento_white_320__120.png","width":320,"height":120,"caption":"WeKAb"},"image":{"@id":"https:\/\/wekab.com\/blog\/#\/schema\/logo\/image\/"},"sameAs":["https:\/\/www.facebook.com\/WeKnowAbout\/","https:\/\/x.com\/wekab","https:\/\/www.linkedin.com\/company\/wekab","https:\/\/www.youtube.com\/user\/WeKnowAbout"]},{"@type":"Person","@id":"https:\/\/wekab.com\/blog\/#\/schema\/person\/4549c377f58dfe2e7c89ee9fe7b524e2","name":"WeKAb","image":{"@type":"ImageObject","inLanguage":"es","@id":"https:\/\/wekab.com\/blog\/#\/schema\/person\/image\/","url":"https:\/\/secure.gravatar.com\/avatar\/1683069b8479db2ab50e72c0866b4ae05544a7061daba4f941ae697f8925a319?s=96&d=mm&r=g","contentUrl":"https:\/\/secure.gravatar.com\/avatar\/1683069b8479db2ab50e72c0866b4ae05544a7061daba4f941ae697f8925a319?s=96&d=mm&r=g","caption":"WeKAb"},"sameAs":["http:\/\/www.wekab.com","www.facebook.com\/weknowabout","https:\/\/www.linkedin.com\/company\/wekab","https:\/\/x.com\/https:\/\/twitter.com\/WeKAb","https:\/\/www.youtube.com\/user\/WeKnowAbout"],"url":"https:\/\/wekab.com\/blog\/author\/wekab\/"}]}},"_links":{"self":[{"href":"https:\/\/wekab.com\/blog\/wp-json\/wp\/v2\/posts\/1060","targetHints":{"allow":["GET"]}}],"collection":[{"href":"https:\/\/wekab.com\/blog\/wp-json\/wp\/v2\/posts"}],"about":[{"href":"https:\/\/wekab.com\/blog\/wp-json\/wp\/v2\/types\/post"}],"author":[{"embeddable":true,"href":"https:\/\/wekab.com\/blog\/wp-json\/wp\/v2\/users\/2"}],"replies":[{"embeddable":true,"href":"https:\/\/wekab.com\/blog\/wp-json\/wp\/v2\/comments?post=1060"}],"version-history":[{"count":0,"href":"https:\/\/wekab.com\/blog\/wp-json\/wp\/v2\/posts\/1060\/revisions"}],"wp:featuredmedia":[{"embeddable":true,"href":"https:\/\/wekab.com\/blog\/wp-json\/wp\/v2\/media\/1253"}],"wp:attachment":[{"href":"https:\/\/wekab.com\/blog\/wp-json\/wp\/v2\/media?parent=1060"}],"wp:term":[{"taxonomy":"category","embeddable":true,"href":"https:\/\/wekab.com\/blog\/wp-json\/wp\/v2\/categories?post=1060"},{"taxonomy":"post_tag","embeddable":true,"href":"https:\/\/wekab.com\/blog\/wp-json\/wp\/v2\/tags?post=1060"}],"curies":[{"name":"wp","href":"https:\/\/api.w.org\/{rel}","templated":true}]}}