{"id":1067,"date":"2024-02-20T10:00:00","date_gmt":"2024-02-20T09:00:00","guid":{"rendered":"http:\/\/wekab.vl24616.dinaserver.com\/blog\/?p=1067"},"modified":"2023-10-25T10:30:06","modified_gmt":"2023-10-25T09:30:06","slug":"seguimiento-acciones-formativas-certificado-de-profesionalidad","status":"publish","type":"post","link":"https:\/\/wekab.com\/blog\/seguimiento-acciones-formativas-certificado-de-profesionalidad\/","title":{"rendered":"Control y seguimiento de las acciones formativas de certificados de profesionalidad"},"content":{"rendered":"\n<p>Los certificados de profesionalidad son t\u00edtulos oficiales que acreditan la formaci\u00f3n y las habilidades necesarias para desempe\u00f1ar una ocupaci\u00f3n espec\u00edfica. Son ejecutados por entidades de formaci\u00f3n, que a mayores deben realizar una serie de acciones de seguimiento y evaluaci\u00f3n.&nbsp;<\/p>\n\n\n\n<p>En este art\u00edculo trataremos unas cuestiones relacionadas con diferentes dudas que pueden surgir a dichas entidades de formaci\u00f3n, como por ejemplo: \u00bfQu\u00e9 es el Plan de calidad de la formaci\u00f3n profesional? \u00bfC\u00f3mo se realizan las actuaciones de seguimiento y control? \u00bfQui\u00e9n las realiza? \u00bfDurante cu\u00e1nto tiempo?<\/p>\n\n\n\n<div id=\"ez-toc-container\" class=\"ez-toc-v2_0_74 counter-hierarchy ez-toc-counter ez-toc-custom ez-toc-container-direction\">\n<div class=\"ez-toc-title-container\">\n<p class=\"ez-toc-title\" style=\"cursor:inherit\">Tabla de contenidos<\/p>\n<span class=\"ez-toc-title-toggle\"><a href=\"#\" class=\"ez-toc-pull-right ez-toc-btn ez-toc-btn-xs ez-toc-btn-default ez-toc-toggle\" aria-label=\"Alternar tabla de contenidos\"><span class=\"ez-toc-js-icon-con\"><span class=\"\"><span class=\"eztoc-hide\" style=\"display:none;\">Toggle<\/span><span class=\"ez-toc-icon-toggle-span\"><svg style=\"fill: #999;color:#999\" xmlns=\"http:\/\/www.w3.org\/2000\/svg\" class=\"list-377408\" width=\"20px\" height=\"20px\" viewBox=\"0 0 24 24\" fill=\"none\"><path d=\"M6 6H4v2h2V6zm14 0H8v2h12V6zM4 11h2v2H4v-2zm16 0H8v2h12v-2zM4 16h2v2H4v-2zm16 0H8v2h12v-2z\" fill=\"currentColor\"><\/path><\/svg><svg style=\"fill: #999;color:#999\" class=\"arrow-unsorted-368013\" xmlns=\"http:\/\/www.w3.org\/2000\/svg\" width=\"10px\" height=\"10px\" viewBox=\"0 0 24 24\" version=\"1.2\" baseProfile=\"tiny\"><path d=\"M18.2 9.3l-6.2-6.3-6.2 6.3c-.2.2-.3.4-.3.7s.1.5.3.7c.2.2.4.3.7.3h11c.3 0 .5-.1.7-.3.2-.2.3-.5.3-.7s-.1-.5-.3-.7zM5.8 14.7l6.2 6.3 6.2-6.3c.2-.2.3-.5.3-.7s-.1-.5-.3-.7c-.2-.2-.4-.3-.7-.3h-11c-.3 0-.5.1-.7.3-.2.2-.3.5-.3.7s.1.5.3.7z\"\/><\/svg><\/span><\/span><\/span><\/a><\/span><\/div>\n<nav><ul class='ez-toc-list ez-toc-list-level-1 eztoc-toggle-hide-by-default' ><li class='ez-toc-page-1 ez-toc-heading-level-2'><a class=\"ez-toc-link ez-toc-heading-1\" href=\"https:\/\/wekab.com\/blog\/seguimiento-acciones-formativas-certificado-de-profesionalidad\/#%C2%BFQue_es_el_Plan_de_calidad_del_sistema_de_formacion_profesional_en_el_ambito_laboral\" >\u00bfQu\u00e9 es el Plan de calidad del sistema de formaci\u00f3n profesional en el \u00e1mbito laboral?<\/a><\/li><li class='ez-toc-page-1 ez-toc-heading-level-2'><a class=\"ez-toc-link ez-toc-heading-2\" href=\"https:\/\/wekab.com\/blog\/seguimiento-acciones-formativas-certificado-de-profesionalidad\/#%C2%BFQue_medios_utiliza_la_Administracion_publica_para_ejecutar_este_plan_de_calidad\" >\u00bfQu\u00e9 medios utiliza la Administraci\u00f3n p\u00fablica para ejecutar este plan de calidad?<\/a><\/li><li class='ez-toc-page-1 ez-toc-heading-level-2'><a class=\"ez-toc-link ez-toc-heading-3\" href=\"https:\/\/wekab.com\/blog\/seguimiento-acciones-formativas-certificado-de-profesionalidad\/#Como_centro_o_entidad_de_formacion_%C2%BFtenemos_la_obligacion_de_colaborar_en_el_seguimiento_y_control\" >Como centro o entidad de formaci\u00f3n, \u00bftenemos la obligaci\u00f3n de colaborar en el seguimiento y control?<\/a><\/li><li class='ez-toc-page-1 ez-toc-heading-level-2'><a class=\"ez-toc-link ez-toc-heading-4\" href=\"https:\/\/wekab.com\/blog\/seguimiento-acciones-formativas-certificado-de-profesionalidad\/#%C2%BFQuien_realiza_las_actividades_de_control_y_seguimiento\" >\u00bfQui\u00e9n realiza las actividades de control y seguimiento?<\/a><\/li><li class='ez-toc-page-1 ez-toc-heading-level-2'><a class=\"ez-toc-link ez-toc-heading-5\" href=\"https:\/\/wekab.com\/blog\/seguimiento-acciones-formativas-certificado-de-profesionalidad\/#%C2%BFCuando_se_realizara_el_seguimiento_de_la_actividad_formativa\" >\u00bfCu\u00e1ndo se realizar\u00e1 el seguimiento de la actividad formativa?<\/a><\/li><li class='ez-toc-page-1 ez-toc-heading-level-2'><a class=\"ez-toc-link ez-toc-heading-6\" href=\"https:\/\/wekab.com\/blog\/seguimiento-acciones-formativas-certificado-de-profesionalidad\/#%C2%BFComo_se_recogeran_los_datos\" >\u00bfC\u00f3mo se recoger\u00e1n los datos?<\/a><\/li><li class='ez-toc-page-1 ez-toc-heading-level-2'><a class=\"ez-toc-link ez-toc-heading-7\" href=\"https:\/\/wekab.com\/blog\/seguimiento-acciones-formativas-certificado-de-profesionalidad\/#%C2%BFComo_se_procede_cuando_las_formaciones_sean_online\" >\u00bfC\u00f3mo se procede cuando las formaciones sean online?<\/a><\/li><li class='ez-toc-page-1 ez-toc-heading-level-2'><a class=\"ez-toc-link ez-toc-heading-8\" href=\"https:\/\/wekab.com\/blog\/seguimiento-acciones-formativas-certificado-de-profesionalidad\/#En_el_caso_de_actuaciones_de_control_y_seguimiento_posteriores_a_la_formacion_%C2%BFque_evidencias_se_recogen\" >En el caso de actuaciones de control y seguimiento posteriores a la formaci\u00f3n, \u00bfqu\u00e9 evidencias se recogen?<\/a><\/li><li class='ez-toc-page-1 ez-toc-heading-level-2'><a class=\"ez-toc-link ez-toc-heading-9\" href=\"https:\/\/wekab.com\/blog\/seguimiento-acciones-formativas-certificado-de-profesionalidad\/#%C2%BFQue_ocurre_si_se_detecta_alguna_infraccion\" >\u00bfQu\u00e9 ocurre si se detecta alguna infracci\u00f3n?<\/a><\/li><li class='ez-toc-page-1 ez-toc-heading-level-2'><a class=\"ez-toc-link ez-toc-heading-10\" href=\"https:\/\/wekab.com\/blog\/seguimiento-acciones-formativas-certificado-de-profesionalidad\/#%C2%BFHay_excepciones_a_la_implantacion_de_sistemas_de_gestion_de_calidad\" >\u00bfHay excepciones a la implantaci\u00f3n de sistemas de gesti\u00f3n de calidad?<\/a><\/li><\/ul><\/nav><\/div>\n<h2 class=\"wp-block-heading\"><span class=\"ez-toc-section\" id=\"%C2%BFQue_es_el_Plan_de_calidad_del_sistema_de_formacion_profesional_en_el_ambito_laboral\"><\/span><strong>\u00bfQu\u00e9 es el Plan de calidad del sistema de formaci\u00f3n profesional en el \u00e1mbito laboral?<\/strong><span class=\"ez-toc-section-end\"><\/span><\/h2>\n\n\n\n<p>Se trata de la evaluaci\u00f3n de la formaci\u00f3n programada y gestionada por las empresas para sus propios trabajadores. Permite conocer la calidad y el impacto de la formaci\u00f3n en el acceso y mantenimiento del empleo, la mejora de la competitividad de las empresas y de la cualificaci\u00f3n de los\/as trabajadores\/as, la adecuaci\u00f3n de las acciones formativas al mercado laboral, y la eficiencia de los recursos econ\u00f3micos y medios empleados.<\/p>\n\n\n\n<p>Comprende la totalidad de las iniciativas y modalidades, la comprobaci\u00f3n de requisitos y formalidades, y la evaluaci\u00f3n de los resultados. Si no, se realizar\u00e1 el seguimiento y control en base a una muestra estad\u00edstica suficientemente representativa.<\/p>\n\n\n\n<h2 class=\"wp-block-heading\"><span class=\"ez-toc-section\" id=\"%C2%BFQue_medios_utiliza_la_Administracion_publica_para_ejecutar_este_plan_de_calidad\"><\/span><strong>\u00bfQu\u00e9 medios utiliza la Administraci\u00f3n p\u00fablica para ejecutar este plan de calidad?<\/strong><span class=\"ez-toc-section-end\"><\/span><\/h2>\n\n\n\n<p>Sistemas y dispositivos de mejora continua, que implantar\u00e1 en cada centro de formaci\u00f3n. Tambi\u00e9n podr\u00e1 fijar criterios de evaluaci\u00f3n para cada uno de los instrumentos empleados.<\/p>\n\n\n\n<p>El Ministerio de Educaci\u00f3n y Formaci\u00f3n Profesional pondr\u00e1 a disposici\u00f3n de las administraciones y beneficiarios, una plataforma para la evaluaci\u00f3n, seguimiento y control de calidad de las acciones formativas.<\/p>\n\n\n\n<h2 class=\"wp-block-heading\"><span class=\"ez-toc-section\" id=\"Como_centro_o_entidad_de_formacion_%C2%BFtenemos_la_obligacion_de_colaborar_en_el_seguimiento_y_control\"><\/span><strong>Como centro o entidad de formaci\u00f3n, \u00bftenemos la obligaci\u00f3n de colaborar en el seguimiento y control?<\/strong><span class=\"ez-toc-section-end\"><\/span><\/h2>\n\n\n\n<p>S\u00ed, siempre. Os recomendamos que revis\u00e9is la convocatoria, resoluci\u00f3n, contrato y convenio para conocer los criterios e indicadores b\u00e1sicos de la evaluaci\u00f3n, el tama\u00f1o de la muestra representativa y la parte de la subvenci\u00f3n destinada.<\/p>\n\n\n\n<p>Despu\u00e9s, la Administraci\u00f3n correspondiente comunicar\u00e1 los resultados a la Administraci\u00f3n del Estado y los publicar\u00e1 en el espacio de informaci\u00f3n y consulta, de manera que resulte f\u00e1cilmente accesible e identificable.<\/p>\n\n\n\n<h2 class=\"wp-block-heading\"><span class=\"ez-toc-section\" id=\"%C2%BFQuien_realiza_las_actividades_de_control_y_seguimiento\"><\/span><strong>\u00bfQui\u00e9n realiza las actividades de control y seguimiento?<\/strong><span class=\"ez-toc-section-end\"><\/span><\/h2>\n\n\n\n<p>Normalmente las realizan las propias Administraciones, aunque tambi\u00e9n podr\u00e1n apoyarse en entidades externas especializadas e independientes. Dicho apoyo no podr\u00e1 suponer, en ning\u00fan caso, que una Administraci\u00f3n p\u00fablica asociada al seguimiento y control de la actividad formativa delegue sus funciones.<\/p>\n\n\n\n<p>En cuanto a las entidades externas, tendr\u00e1n que ser ajenas a los \u00f3rganos de participaci\u00f3n y gobernanza del sistema de formaci\u00f3n profesional para el empleo, as\u00ed como a la impartici\u00f3n y a la organizaci\u00f3n de la formaci\u00f3n programada por terceros. Su financiaci\u00f3n no podr\u00e1 superar el 5% de los fondos de formaci\u00f3n gestionados en el respectivo \u00e1mbito competencial.<\/p>\n\n\n\n<h2 class=\"wp-block-heading\"><span class=\"ez-toc-section\" id=\"%C2%BFCuando_se_realizara_el_seguimiento_de_la_actividad_formativa\"><\/span><strong>\u00bfCu\u00e1ndo se realizar\u00e1 el seguimiento de la actividad formativa?<\/strong><span class=\"ez-toc-section-end\"><\/span><\/h2>\n\n\n\n<p>Se realizar\u00e1 en el lugar de su impartici\u00f3n, al inicio y durante la misma, aunque tambi\u00e9n se podr\u00e1 realizar al final<\/p>\n\n\n\n<h2 class=\"wp-block-heading\"><span class=\"ez-toc-section\" id=\"%C2%BFComo_se_recogeran_los_datos\"><\/span><strong>\u00bfC\u00f3mo se recoger\u00e1n los datos?<\/strong><span class=\"ez-toc-section-end\"><\/span><\/h2>\n\n\n\n<p>Todas las evidencias f\u00edsicas y testimonios ser\u00e1n recabados mediante entrevistas y cuestionarios a los responsables de la formaci\u00f3n, alumnado y profesorado&nbsp;<\/p>\n\n\n\n<p>Se investigar\u00e1 sobre los contenidos, el n\u00famero real de participantes, instalaciones y medios pedag\u00f3gicos, as\u00ed como la calidad e impacto de la formaci\u00f3n, y auditor\u00edas de calidad de las entidades de formaci\u00f3n en base a indicadores objetivos y de los resultados.<\/p>\n\n\n\n<p>En el marco de estas actuaciones se podr\u00e1n realizar requerimientos para subsanar cualquier incidencia detectada.<\/p>\n\n\n\n<h2 class=\"wp-block-heading\"><span class=\"ez-toc-section\" id=\"%C2%BFComo_se_procede_cuando_las_formaciones_sean_online\"><\/span><strong>\u00bfC\u00f3mo se procede cuando las formaciones sean online?<\/strong><span class=\"ez-toc-section-end\"><\/span><\/h2>\n\n\n\n<p>En este caso, tu entidad o centro deber\u00e1 facilitar la direcci\u00f3n virtual (URL) de acceso al software de seguimiento formativo, indicando sus credenciales de acceso.<\/p>\n\n\n\n<h2 class=\"wp-block-heading\"><span class=\"ez-toc-section\" id=\"En_el_caso_de_actuaciones_de_control_y_seguimiento_posteriores_a_la_formacion_%C2%BFque_evidencias_se_recogen\"><\/span><strong>En el caso de actuaciones de control y seguimiento posteriores a la formaci\u00f3n, \u00bfqu\u00e9 evidencias se recogen?<\/strong><span class=\"ez-toc-section-end\"><\/span><\/h2>\n\n\n\n<ul class=\"wp-block-list\">\n<li>Caracter\u00edsticas de la ejecuci\u00f3n de la acci\u00f3n formativa.<\/li>\n\n\n\n<li>N\u00famero real de participantes.<\/li>\n\n\n\n<li>Certificaci\u00f3n de la formaci\u00f3n superada o certificado de asistencia, inclusi\u00f3n de los emblemas o logotipos que sean necesarios.<\/li>\n\n\n\n<li>Documentaci\u00f3n que permita acreditar la justificaci\u00f3n de la subvenci\u00f3n percibida, seg\u00fan el sistema utilizado, su contabilizaci\u00f3n y pago.<\/li>\n<\/ul>\n\n\n\n<h2 class=\"wp-block-heading\"><span class=\"ez-toc-section\" id=\"%C2%BFQue_ocurre_si_se_detecta_alguna_infraccion\"><\/span><strong>\u00bfQu\u00e9 ocurre si se detecta alguna infracci\u00f3n?<\/strong><span class=\"ez-toc-section-end\"><\/span><\/h2>\n\n\n\n<p>Que deber\u00e1 constar en los informes, que a su vez ser\u00e1n trasladados a la unidad de la Inspecci\u00f3n de Trabajo y de la Seguridad Social para comenzar, de ser necesario, el procedimiento sancionador.<\/p>\n\n\n\n<p>Si quieres m\u00e1s informaci\u00f3n sobre el tipo de infracciones, te recomendamos que leas <a href=\"http:\/\/wekab.vl24616.dinaserver.com\/blog\/infracciones-centros-de-formacion\/\">este art\u00edculo<\/a>. A mayores, es recomendable que revises el <a href=\"https:\/\/www.boe.es\/buscar\/pdf\/2000\/BOE-A-2000-15060-consolidado.pdf\">Real Decreto 5\/2000, de 4 de agosto<\/a>, por el que se aprueba la Ley sobre Infracciones y Sanciones en el Orden Social.<\/p>\n\n\n\n<h2 class=\"wp-block-heading\"><span class=\"ez-toc-section\" id=\"%C2%BFHay_excepciones_a_la_implantacion_de_sistemas_de_gestion_de_calidad\"><\/span><strong>\u00bfHay excepciones a la implantaci\u00f3n de sistemas de gesti\u00f3n de calidad?<\/strong><span class=\"ez-toc-section-end\"><\/span><\/h2>\n\n\n\n<p>S\u00ed. Los centros de formaci\u00f3n profesional para el empleo, con oferta autorizada del sistema educativo, no tendr\u00e1n que justificar la implantaci\u00f3n de sistemas de gesti\u00f3n de la calidad de la formaci\u00f3n para impartir certificados de profesionalidad.<\/p>\n\n\n\n<p>En los centros de titularidad p\u00fablica de otras administraciones, podr\u00e1 sustituirse por un certificado expreso de la administraci\u00f3n competente en materia de formaci\u00f3n profesional en el \u00e1mbito laboral indicando la superaci\u00f3n de los criterios de calidad establecidos. El requisito de certificaci\u00f3n podr\u00e1 diferirse hasta la fecha de inicio de la impartici\u00f3n de las acciones formativas.<\/p>\n","protected":false},"excerpt":{"rendered":"<p>Los certificados de profesionalidad son t\u00edtulos oficiales que acreditan la formaci\u00f3n y las habilidades necesarias para desempe\u00f1ar una ocupaci\u00f3n espec\u00edfica. Son ejecutados por entidades de formaci\u00f3n, que a mayores deben realizar una serie de acciones de seguimiento y evaluaci\u00f3n.&nbsp; En este art\u00edculo trataremos unas cuestiones relacionadas con diferentes dudas que pueden surgir a dichas entidades&#8230;<\/p>\n","protected":false},"author":2,"featured_media":1252,"comment_status":"open","ping_status":"open","sticky":false,"template":"","format":"standard","meta":{"_kad_post_transparent":"","_kad_post_title":"","_kad_post_layout":"","_kad_post_sidebar_id":"","_kad_post_content_style":"","_kad_post_vertical_padding":"","_kad_post_feature":"","_kad_post_feature_position":"","_kad_post_header":false,"_kad_post_footer":false,"footnotes":""},"categories":[166,180,181,178],"tags":[121,67,27,31],"class_list":["post-1067","post","type-post","status-publish","format-standard","has-post-thumbnail","hentry","category-espacios-para-la-formacion","category-formacion-bonificada","category-formacion-para-el-empleo-gestion-de-la-formacion","category-gestion-de-la-formacion","tag-certificado-de-profesionalidad","tag-docencia-de-formacion-para-el-empleo","tag-entidad-formadora","tag-formacion"],"yoast_head":"<!-- This site is optimized with the Yoast SEO plugin v25.2 - https:\/\/yoast.com\/wordpress\/plugins\/seo\/ -->\n<title>Control y seguimiento de las acciones formativas de certificados de profesionalidad - El Blog de WeKAb<\/title>\n<meta name=\"description\" content=\"Los certificados de profesionalidad son t\u00edtulos oficiales que acreditan la formaci\u00f3n y las habilidades necesarias para desempe\u00f1ar una ocupaci\u00f3n espec\u00edfica. Son ejecutados por entidades de formaci\u00f3n, que a mayores deben realizar una serie de acciones de seguimiento y evaluaci\u00f3n.\" \/>\n<meta name=\"robots\" content=\"index, follow, max-snippet:-1, max-image-preview:large, max-video-preview:-1\" \/>\n<link rel=\"canonical\" href=\"https:\/\/wekab.com\/blog\/seguimiento-acciones-formativas-certificado-de-profesionalidad\/\" \/>\n<meta property=\"og:locale\" content=\"es_ES\" \/>\n<meta property=\"og:type\" content=\"article\" \/>\n<meta property=\"og:title\" content=\"Control y seguimiento de las acciones formativas de certificados de profesionalidad - El Blog de WeKAb\" \/>\n<meta property=\"og:description\" content=\"Los certificados de profesionalidad son t\u00edtulos oficiales que acreditan la formaci\u00f3n y las habilidades necesarias para desempe\u00f1ar una ocupaci\u00f3n espec\u00edfica. Son ejecutados por entidades de formaci\u00f3n, que a mayores deben realizar una serie de acciones de seguimiento y evaluaci\u00f3n.\" \/>\n<meta property=\"og:url\" content=\"https:\/\/wekab.com\/blog\/seguimiento-acciones-formativas-certificado-de-profesionalidad\/\" \/>\n<meta property=\"og:site_name\" content=\"El Blog de WeKAb\" \/>\n<meta property=\"article:publisher\" content=\"https:\/\/www.facebook.com\/WeKnowAbout\/\" \/>\n<meta property=\"article:author\" content=\"www.facebook.com\/weknowabout\" \/>\n<meta property=\"article:published_time\" content=\"2024-02-20T09:00:00+00:00\" \/>\n<meta property=\"og:image\" content=\"https:\/\/wekab.com\/blog\/wp-content\/uploads\/2023\/10\/Seguimiento-acciones-formativas-2.jpg\" \/>\n\t<meta property=\"og:image:width\" content=\"1922\" \/>\n\t<meta property=\"og:image:height\" content=\"1080\" \/>\n\t<meta property=\"og:image:type\" content=\"image\/jpeg\" \/>\n<meta name=\"author\" content=\"WeKAb\" \/>\n<meta name=\"twitter:card\" content=\"summary_large_image\" \/>\n<meta name=\"twitter:creator\" content=\"@https:\/\/twitter.com\/WeKAb\" \/>\n<meta name=\"twitter:site\" content=\"@wekab\" \/>\n<meta name=\"twitter:label1\" content=\"Escrito por\" \/>\n\t<meta name=\"twitter:data1\" content=\"WeKAb\" \/>\n\t<meta name=\"twitter:label2\" content=\"Tiempo de lectura\" \/>\n\t<meta name=\"twitter:data2\" content=\"4 minutos\" \/>\n<script type=\"application\/ld+json\" class=\"yoast-schema-graph\">{\"@context\":\"https:\/\/schema.org\",\"@graph\":[{\"@type\":\"Article\",\"@id\":\"https:\/\/wekab.com\/blog\/seguimiento-acciones-formativas-certificado-de-profesionalidad\/#article\",\"isPartOf\":{\"@id\":\"https:\/\/wekab.com\/blog\/seguimiento-acciones-formativas-certificado-de-profesionalidad\/\"},\"author\":{\"name\":\"WeKAb\",\"@id\":\"https:\/\/wekab.com\/blog\/#\/schema\/person\/4549c377f58dfe2e7c89ee9fe7b524e2\"},\"headline\":\"Control y seguimiento de las acciones formativas de certificados de profesionalidad\",\"datePublished\":\"2024-02-20T09:00:00+00:00\",\"mainEntityOfPage\":{\"@id\":\"https:\/\/wekab.com\/blog\/seguimiento-acciones-formativas-certificado-de-profesionalidad\/\"},\"wordCount\":974,\"commentCount\":0,\"publisher\":{\"@id\":\"https:\/\/wekab.com\/blog\/#organization\"},\"image\":{\"@id\":\"https:\/\/wekab.com\/blog\/seguimiento-acciones-formativas-certificado-de-profesionalidad\/#primaryimage\"},\"thumbnailUrl\":\"https:\/\/wekab.com\/blog\/wp-content\/uploads\/2023\/10\/Seguimiento-acciones-formativas-2.jpg\",\"keywords\":[\"certificado de profesionalidad\",\"docencia de formaci\u00f3n para el empleo\",\"entidad formadora\",\"formaci\u00f3n\"],\"articleSection\":[\"Espacios para la formaci\u00f3n\",\"Formaci\u00f3n bonificada\",\"Formaci\u00f3n para el empleo\",\"Gesti\u00f3n de la formaci\u00f3n\"],\"inLanguage\":\"es\",\"potentialAction\":[{\"@type\":\"CommentAction\",\"name\":\"Comment\",\"target\":[\"https:\/\/wekab.com\/blog\/seguimiento-acciones-formativas-certificado-de-profesionalidad\/#respond\"]}]},{\"@type\":\"WebPage\",\"@id\":\"https:\/\/wekab.com\/blog\/seguimiento-acciones-formativas-certificado-de-profesionalidad\/\",\"url\":\"https:\/\/wekab.com\/blog\/seguimiento-acciones-formativas-certificado-de-profesionalidad\/\",\"name\":\"Control y seguimiento de las acciones formativas de certificados de profesionalidad - El Blog de WeKAb\",\"isPartOf\":{\"@id\":\"https:\/\/wekab.com\/blog\/#website\"},\"primaryImageOfPage\":{\"@id\":\"https:\/\/wekab.com\/blog\/seguimiento-acciones-formativas-certificado-de-profesionalidad\/#primaryimage\"},\"image\":{\"@id\":\"https:\/\/wekab.com\/blog\/seguimiento-acciones-formativas-certificado-de-profesionalidad\/#primaryimage\"},\"thumbnailUrl\":\"https:\/\/wekab.com\/blog\/wp-content\/uploads\/2023\/10\/Seguimiento-acciones-formativas-2.jpg\",\"datePublished\":\"2024-02-20T09:00:00+00:00\",\"description\":\"Los certificados de profesionalidad son t\u00edtulos oficiales que acreditan la formaci\u00f3n y las habilidades necesarias para desempe\u00f1ar una ocupaci\u00f3n espec\u00edfica. Son ejecutados por entidades de formaci\u00f3n, que a mayores deben realizar una serie de acciones de seguimiento y evaluaci\u00f3n.\",\"breadcrumb\":{\"@id\":\"https:\/\/wekab.com\/blog\/seguimiento-acciones-formativas-certificado-de-profesionalidad\/#breadcrumb\"},\"inLanguage\":\"es\",\"potentialAction\":[{\"@type\":\"ReadAction\",\"target\":[\"https:\/\/wekab.com\/blog\/seguimiento-acciones-formativas-certificado-de-profesionalidad\/\"]}]},{\"@type\":\"ImageObject\",\"inLanguage\":\"es\",\"@id\":\"https:\/\/wekab.com\/blog\/seguimiento-acciones-formativas-certificado-de-profesionalidad\/#primaryimage\",\"url\":\"https:\/\/wekab.com\/blog\/wp-content\/uploads\/2023\/10\/Seguimiento-acciones-formativas-2.jpg\",\"contentUrl\":\"https:\/\/wekab.com\/blog\/wp-content\/uploads\/2023\/10\/Seguimiento-acciones-formativas-2.jpg\",\"width\":1922,\"height\":1080,\"caption\":\"C\u00f3mo es el control y seguimiento de las acciones formativas de los certificados de profesionalidad\"},{\"@type\":\"BreadcrumbList\",\"@id\":\"https:\/\/wekab.com\/blog\/seguimiento-acciones-formativas-certificado-de-profesionalidad\/#breadcrumb\",\"itemListElement\":[{\"@type\":\"ListItem\",\"position\":1,\"name\":\"Portada\",\"item\":\"https:\/\/wekab.com\/blog\/\"},{\"@type\":\"ListItem\",\"position\":2,\"name\":\"Gesti\u00f3n de la formaci\u00f3n\",\"item\":\"https:\/\/wekab.com\/blog\/category\/gestion-de-la-formacion\/\"},{\"@type\":\"ListItem\",\"position\":3,\"name\":\"Control y seguimiento de las acciones formativas de certificados de profesionalidad\"}]},{\"@type\":\"WebSite\",\"@id\":\"https:\/\/wekab.com\/blog\/#website\",\"url\":\"https:\/\/wekab.com\/blog\/\",\"name\":\"El Blog de WeKAb\",\"description\":\"Trabajo para formadores\",\"publisher\":{\"@id\":\"https:\/\/wekab.com\/blog\/#organization\"},\"potentialAction\":[{\"@type\":\"SearchAction\",\"target\":{\"@type\":\"EntryPoint\",\"urlTemplate\":\"https:\/\/wekab.com\/blog\/?s={search_term_string}\"},\"query-input\":{\"@type\":\"PropertyValueSpecification\",\"valueRequired\":true,\"valueName\":\"search_term_string\"}}],\"inLanguage\":\"es\"},{\"@type\":\"Organization\",\"@id\":\"https:\/\/wekab.com\/blog\/#organization\",\"name\":\"WeKAb\",\"url\":\"https:\/\/wekab.com\/blog\/\",\"logo\":{\"@type\":\"ImageObject\",\"inLanguage\":\"es\",\"@id\":\"https:\/\/wekab.com\/blog\/#\/schema\/logo\/image\/\",\"url\":\"https:\/\/wekab.com\/blog\/wp-content\/uploads\/2015\/04\/logo_0003_ConectConocimiento_white_320__120.png\",\"contentUrl\":\"https:\/\/wekab.com\/blog\/wp-content\/uploads\/2015\/04\/logo_0003_ConectConocimiento_white_320__120.png\",\"width\":320,\"height\":120,\"caption\":\"WeKAb\"},\"image\":{\"@id\":\"https:\/\/wekab.com\/blog\/#\/schema\/logo\/image\/\"},\"sameAs\":[\"https:\/\/www.facebook.com\/WeKnowAbout\/\",\"https:\/\/x.com\/wekab\",\"https:\/\/www.linkedin.com\/company\/wekab\",\"https:\/\/www.youtube.com\/user\/WeKnowAbout\"]},{\"@type\":\"Person\",\"@id\":\"https:\/\/wekab.com\/blog\/#\/schema\/person\/4549c377f58dfe2e7c89ee9fe7b524e2\",\"name\":\"WeKAb\",\"image\":{\"@type\":\"ImageObject\",\"inLanguage\":\"es\",\"@id\":\"https:\/\/wekab.com\/blog\/#\/schema\/person\/image\/\",\"url\":\"https:\/\/secure.gravatar.com\/avatar\/1683069b8479db2ab50e72c0866b4ae05544a7061daba4f941ae697f8925a319?s=96&d=mm&r=g\",\"contentUrl\":\"https:\/\/secure.gravatar.com\/avatar\/1683069b8479db2ab50e72c0866b4ae05544a7061daba4f941ae697f8925a319?s=96&d=mm&r=g\",\"caption\":\"WeKAb\"},\"sameAs\":[\"http:\/\/www.wekab.com\",\"www.facebook.com\/weknowabout\",\"https:\/\/www.linkedin.com\/company\/wekab\",\"https:\/\/x.com\/https:\/\/twitter.com\/WeKAb\",\"https:\/\/www.youtube.com\/user\/WeKnowAbout\"],\"url\":\"https:\/\/wekab.com\/blog\/author\/wekab\/\"}]}<\/script>\n<!-- \/ Yoast SEO plugin. -->","yoast_head_json":{"title":"Control y seguimiento de las acciones formativas de certificados de profesionalidad - El Blog de WeKAb","description":"Los certificados de profesionalidad son t\u00edtulos oficiales que acreditan la formaci\u00f3n y las habilidades necesarias para desempe\u00f1ar una ocupaci\u00f3n espec\u00edfica. Son ejecutados por entidades de formaci\u00f3n, que a mayores deben realizar una serie de acciones de seguimiento y evaluaci\u00f3n.","robots":{"index":"index","follow":"follow","max-snippet":"max-snippet:-1","max-image-preview":"max-image-preview:large","max-video-preview":"max-video-preview:-1"},"canonical":"https:\/\/wekab.com\/blog\/seguimiento-acciones-formativas-certificado-de-profesionalidad\/","og_locale":"es_ES","og_type":"article","og_title":"Control y seguimiento de las acciones formativas de certificados de profesionalidad - El Blog de WeKAb","og_description":"Los certificados de profesionalidad son t\u00edtulos oficiales que acreditan la formaci\u00f3n y las habilidades necesarias para desempe\u00f1ar una ocupaci\u00f3n espec\u00edfica. Son ejecutados por entidades de formaci\u00f3n, que a mayores deben realizar una serie de acciones de seguimiento y evaluaci\u00f3n.","og_url":"https:\/\/wekab.com\/blog\/seguimiento-acciones-formativas-certificado-de-profesionalidad\/","og_site_name":"El Blog de WeKAb","article_publisher":"https:\/\/www.facebook.com\/WeKnowAbout\/","article_author":"www.facebook.com\/weknowabout","article_published_time":"2024-02-20T09:00:00+00:00","og_image":[{"width":1922,"height":1080,"url":"https:\/\/wekab.com\/blog\/wp-content\/uploads\/2023\/10\/Seguimiento-acciones-formativas-2.jpg","type":"image\/jpeg"}],"author":"WeKAb","twitter_card":"summary_large_image","twitter_creator":"@https:\/\/twitter.com\/WeKAb","twitter_site":"@wekab","twitter_misc":{"Escrito por":"WeKAb","Tiempo de lectura":"4 minutos"},"schema":{"@context":"https:\/\/schema.org","@graph":[{"@type":"Article","@id":"https:\/\/wekab.com\/blog\/seguimiento-acciones-formativas-certificado-de-profesionalidad\/#article","isPartOf":{"@id":"https:\/\/wekab.com\/blog\/seguimiento-acciones-formativas-certificado-de-profesionalidad\/"},"author":{"name":"WeKAb","@id":"https:\/\/wekab.com\/blog\/#\/schema\/person\/4549c377f58dfe2e7c89ee9fe7b524e2"},"headline":"Control y seguimiento de las acciones formativas de certificados de profesionalidad","datePublished":"2024-02-20T09:00:00+00:00","mainEntityOfPage":{"@id":"https:\/\/wekab.com\/blog\/seguimiento-acciones-formativas-certificado-de-profesionalidad\/"},"wordCount":974,"commentCount":0,"publisher":{"@id":"https:\/\/wekab.com\/blog\/#organization"},"image":{"@id":"https:\/\/wekab.com\/blog\/seguimiento-acciones-formativas-certificado-de-profesionalidad\/#primaryimage"},"thumbnailUrl":"https:\/\/wekab.com\/blog\/wp-content\/uploads\/2023\/10\/Seguimiento-acciones-formativas-2.jpg","keywords":["certificado de profesionalidad","docencia de formaci\u00f3n para el empleo","entidad formadora","formaci\u00f3n"],"articleSection":["Espacios para la formaci\u00f3n","Formaci\u00f3n bonificada","Formaci\u00f3n para el empleo","Gesti\u00f3n de la formaci\u00f3n"],"inLanguage":"es","potentialAction":[{"@type":"CommentAction","name":"Comment","target":["https:\/\/wekab.com\/blog\/seguimiento-acciones-formativas-certificado-de-profesionalidad\/#respond"]}]},{"@type":"WebPage","@id":"https:\/\/wekab.com\/blog\/seguimiento-acciones-formativas-certificado-de-profesionalidad\/","url":"https:\/\/wekab.com\/blog\/seguimiento-acciones-formativas-certificado-de-profesionalidad\/","name":"Control y seguimiento de las acciones formativas de certificados de profesionalidad - El Blog de WeKAb","isPartOf":{"@id":"https:\/\/wekab.com\/blog\/#website"},"primaryImageOfPage":{"@id":"https:\/\/wekab.com\/blog\/seguimiento-acciones-formativas-certificado-de-profesionalidad\/#primaryimage"},"image":{"@id":"https:\/\/wekab.com\/blog\/seguimiento-acciones-formativas-certificado-de-profesionalidad\/#primaryimage"},"thumbnailUrl":"https:\/\/wekab.com\/blog\/wp-content\/uploads\/2023\/10\/Seguimiento-acciones-formativas-2.jpg","datePublished":"2024-02-20T09:00:00+00:00","description":"Los certificados de profesionalidad son t\u00edtulos oficiales que acreditan la formaci\u00f3n y las habilidades necesarias para desempe\u00f1ar una ocupaci\u00f3n espec\u00edfica. Son ejecutados por entidades de formaci\u00f3n, que a mayores deben realizar una serie de acciones de seguimiento y evaluaci\u00f3n.","breadcrumb":{"@id":"https:\/\/wekab.com\/blog\/seguimiento-acciones-formativas-certificado-de-profesionalidad\/#breadcrumb"},"inLanguage":"es","potentialAction":[{"@type":"ReadAction","target":["https:\/\/wekab.com\/blog\/seguimiento-acciones-formativas-certificado-de-profesionalidad\/"]}]},{"@type":"ImageObject","inLanguage":"es","@id":"https:\/\/wekab.com\/blog\/seguimiento-acciones-formativas-certificado-de-profesionalidad\/#primaryimage","url":"https:\/\/wekab.com\/blog\/wp-content\/uploads\/2023\/10\/Seguimiento-acciones-formativas-2.jpg","contentUrl":"https:\/\/wekab.com\/blog\/wp-content\/uploads\/2023\/10\/Seguimiento-acciones-formativas-2.jpg","width":1922,"height":1080,"caption":"C\u00f3mo es el control y seguimiento de las acciones formativas de los certificados de profesionalidad"},{"@type":"BreadcrumbList","@id":"https:\/\/wekab.com\/blog\/seguimiento-acciones-formativas-certificado-de-profesionalidad\/#breadcrumb","itemListElement":[{"@type":"ListItem","position":1,"name":"Portada","item":"https:\/\/wekab.com\/blog\/"},{"@type":"ListItem","position":2,"name":"Gesti\u00f3n de la formaci\u00f3n","item":"https:\/\/wekab.com\/blog\/category\/gestion-de-la-formacion\/"},{"@type":"ListItem","position":3,"name":"Control y seguimiento de las acciones formativas de certificados de profesionalidad"}]},{"@type":"WebSite","@id":"https:\/\/wekab.com\/blog\/#website","url":"https:\/\/wekab.com\/blog\/","name":"El Blog de WeKAb","description":"Trabajo para formadores","publisher":{"@id":"https:\/\/wekab.com\/blog\/#organization"},"potentialAction":[{"@type":"SearchAction","target":{"@type":"EntryPoint","urlTemplate":"https:\/\/wekab.com\/blog\/?s={search_term_string}"},"query-input":{"@type":"PropertyValueSpecification","valueRequired":true,"valueName":"search_term_string"}}],"inLanguage":"es"},{"@type":"Organization","@id":"https:\/\/wekab.com\/blog\/#organization","name":"WeKAb","url":"https:\/\/wekab.com\/blog\/","logo":{"@type":"ImageObject","inLanguage":"es","@id":"https:\/\/wekab.com\/blog\/#\/schema\/logo\/image\/","url":"https:\/\/wekab.com\/blog\/wp-content\/uploads\/2015\/04\/logo_0003_ConectConocimiento_white_320__120.png","contentUrl":"https:\/\/wekab.com\/blog\/wp-content\/uploads\/2015\/04\/logo_0003_ConectConocimiento_white_320__120.png","width":320,"height":120,"caption":"WeKAb"},"image":{"@id":"https:\/\/wekab.com\/blog\/#\/schema\/logo\/image\/"},"sameAs":["https:\/\/www.facebook.com\/WeKnowAbout\/","https:\/\/x.com\/wekab","https:\/\/www.linkedin.com\/company\/wekab","https:\/\/www.youtube.com\/user\/WeKnowAbout"]},{"@type":"Person","@id":"https:\/\/wekab.com\/blog\/#\/schema\/person\/4549c377f58dfe2e7c89ee9fe7b524e2","name":"WeKAb","image":{"@type":"ImageObject","inLanguage":"es","@id":"https:\/\/wekab.com\/blog\/#\/schema\/person\/image\/","url":"https:\/\/secure.gravatar.com\/avatar\/1683069b8479db2ab50e72c0866b4ae05544a7061daba4f941ae697f8925a319?s=96&d=mm&r=g","contentUrl":"https:\/\/secure.gravatar.com\/avatar\/1683069b8479db2ab50e72c0866b4ae05544a7061daba4f941ae697f8925a319?s=96&d=mm&r=g","caption":"WeKAb"},"sameAs":["http:\/\/www.wekab.com","www.facebook.com\/weknowabout","https:\/\/www.linkedin.com\/company\/wekab","https:\/\/x.com\/https:\/\/twitter.com\/WeKAb","https:\/\/www.youtube.com\/user\/WeKnowAbout"],"url":"https:\/\/wekab.com\/blog\/author\/wekab\/"}]}},"_links":{"self":[{"href":"https:\/\/wekab.com\/blog\/wp-json\/wp\/v2\/posts\/1067","targetHints":{"allow":["GET"]}}],"collection":[{"href":"https:\/\/wekab.com\/blog\/wp-json\/wp\/v2\/posts"}],"about":[{"href":"https:\/\/wekab.com\/blog\/wp-json\/wp\/v2\/types\/post"}],"author":[{"embeddable":true,"href":"https:\/\/wekab.com\/blog\/wp-json\/wp\/v2\/users\/2"}],"replies":[{"embeddable":true,"href":"https:\/\/wekab.com\/blog\/wp-json\/wp\/v2\/comments?post=1067"}],"version-history":[{"count":0,"href":"https:\/\/wekab.com\/blog\/wp-json\/wp\/v2\/posts\/1067\/revisions"}],"wp:featuredmedia":[{"embeddable":true,"href":"https:\/\/wekab.com\/blog\/wp-json\/wp\/v2\/media\/1252"}],"wp:attachment":[{"href":"https:\/\/wekab.com\/blog\/wp-json\/wp\/v2\/media?parent=1067"}],"wp:term":[{"taxonomy":"category","embeddable":true,"href":"https:\/\/wekab.com\/blog\/wp-json\/wp\/v2\/categories?post=1067"},{"taxonomy":"post_tag","embeddable":true,"href":"https:\/\/wekab.com\/blog\/wp-json\/wp\/v2\/tags?post=1067"}],"curies":[{"name":"wp","href":"https:\/\/api.w.org\/{rel}","templated":true}]}}