{"id":1070,"date":"2023-10-24T10:00:00","date_gmt":"2023-10-24T09:00:00","guid":{"rendered":"http:\/\/wekab.vl24616.dinaserver.com\/blog\/?p=1070"},"modified":"2023-10-25T11:08:07","modified_gmt":"2023-10-25T10:08:07","slug":"ejecucion-acciones-formativas-empleo","status":"publish","type":"post","link":"https:\/\/wekab.com\/blog\/ejecucion-acciones-formativas-empleo\/","title":{"rendered":"\u00bfC\u00f3mo se ejecutan las acciones formativas para el empleo?"},"content":{"rendered":"\n<p>Como centro o entidad de formaci\u00f3n, hay una serie de cuestiones que debes tener presente para garantizar que las formaciones que ofreces son adecuadas.<\/p>\n\n\n\n<p>Como beneficiario de la subvenci\u00f3n a la acci\u00f3n formativa, tu centro deber\u00e1 tener medios propios para cumplir con sus funciones de programaci\u00f3n y coordinaci\u00f3n de las acciones formativas, asumiendo siempre la responsabilidad de la ejecuci\u00f3n de la actividad ante la Administraci\u00f3n.<\/p>\n\n\n\n<div id=\"ez-toc-container\" class=\"ez-toc-v2_0_74 counter-hierarchy ez-toc-counter ez-toc-custom ez-toc-container-direction\">\n<div class=\"ez-toc-title-container\">\n<p class=\"ez-toc-title\" style=\"cursor:inherit\">Tabla de contenidos<\/p>\n<span class=\"ez-toc-title-toggle\"><a href=\"#\" class=\"ez-toc-pull-right ez-toc-btn ez-toc-btn-xs ez-toc-btn-default ez-toc-toggle\" aria-label=\"Alternar tabla de contenidos\"><span class=\"ez-toc-js-icon-con\"><span class=\"\"><span class=\"eztoc-hide\" style=\"display:none;\">Toggle<\/span><span class=\"ez-toc-icon-toggle-span\"><svg style=\"fill: #999;color:#999\" xmlns=\"http:\/\/www.w3.org\/2000\/svg\" class=\"list-377408\" width=\"20px\" height=\"20px\" viewBox=\"0 0 24 24\" fill=\"none\"><path d=\"M6 6H4v2h2V6zm14 0H8v2h12V6zM4 11h2v2H4v-2zm16 0H8v2h12v-2zM4 16h2v2H4v-2zm16 0H8v2h12v-2z\" fill=\"currentColor\"><\/path><\/svg><svg style=\"fill: #999;color:#999\" class=\"arrow-unsorted-368013\" xmlns=\"http:\/\/www.w3.org\/2000\/svg\" width=\"10px\" height=\"10px\" viewBox=\"0 0 24 24\" version=\"1.2\" baseProfile=\"tiny\"><path d=\"M18.2 9.3l-6.2-6.3-6.2 6.3c-.2.2-.3.4-.3.7s.1.5.3.7c.2.2.4.3.7.3h11c.3 0 .5-.1.7-.3.2-.2.3-.5.3-.7s-.1-.5-.3-.7zM5.8 14.7l6.2 6.3 6.2-6.3c.2-.2.3-.5.3-.7s-.1-.5-.3-.7c-.2-.2-.4-.3-.7-.3h-11c-.3 0-.5.1-.7.3-.2.2-.3.5-.3.7s.1.5.3.7z\"\/><\/svg><\/span><\/span><\/span><\/a><\/span><\/div>\n<nav><ul class='ez-toc-list ez-toc-list-level-1 eztoc-toggle-hide-by-default' ><li class='ez-toc-page-1 ez-toc-heading-level-2'><a class=\"ez-toc-link ez-toc-heading-1\" href=\"https:\/\/wekab.com\/blog\/ejecucion-acciones-formativas-empleo\/#%C2%BFPuedo_subcontratar_a_terceros_para_la_ejecucion_de_la_accion_formativa\" >\u00bfPuedo subcontratar a terceros para la ejecuci\u00f3n de la acci\u00f3n formativa?<\/a><\/li><li class='ez-toc-page-1 ez-toc-heading-level-2'><a class=\"ez-toc-link ez-toc-heading-2\" href=\"https:\/\/wekab.com\/blog\/ejecucion-acciones-formativas-empleo\/#%C2%BFQue_modalidad_pueden_tener_las_formaciones\" >\u00bfQu\u00e9 modalidad pueden tener las formaciones?<\/a><\/li><li class='ez-toc-page-1 ez-toc-heading-level-2'><a class=\"ez-toc-link ez-toc-heading-3\" href=\"https:\/\/wekab.com\/blog\/ejecucion-acciones-formativas-empleo\/#%C2%BFQue_condiciones_deben_cumplir_las_formaciones_en_modalidad_online\" >\u00bfQu\u00e9 condiciones deben cumplir las formaciones en modalidad online?<\/a><\/li><li class='ez-toc-page-1 ez-toc-heading-level-2'><a class=\"ez-toc-link ez-toc-heading-4\" href=\"https:\/\/wekab.com\/blog\/ejecucion-acciones-formativas-empleo\/#%C2%BFSobre_que_debo_informar_a_la_Administracion_que_me_otorga_la_subvencion\" >\u00bfSobre qu\u00e9 debo informar a la Administraci\u00f3n que me otorga la subvenci\u00f3n?<\/a><\/li><li class='ez-toc-page-1 ez-toc-heading-level-2'><a class=\"ez-toc-link ez-toc-heading-5\" href=\"https:\/\/wekab.com\/blog\/ejecucion-acciones-formativas-empleo\/#%C2%BFSe_puede_incorporar_alumnado_nuevo_cuando_ya_se_ha_iniciado_la_accion_formativa\" >\u00bfSe puede incorporar alumnado nuevo cuando ya se ha iniciado la acci\u00f3n formativa?<\/a><\/li><li class='ez-toc-page-1 ez-toc-heading-level-2'><a class=\"ez-toc-link ez-toc-heading-6\" href=\"https:\/\/wekab.com\/blog\/ejecucion-acciones-formativas-empleo\/#%C2%BFCuando_se_considera_que_un_participante_ha_finalizado_la_accion_formativa\" >\u00bfCu\u00e1ndo se considera que un participante ha finalizado la acci\u00f3n formativa?<\/a><\/li><\/ul><\/nav><\/div>\n<h2 class=\"wp-block-heading\"><span class=\"ez-toc-section\" id=\"%C2%BFPuedo_subcontratar_a_terceros_para_la_ejecucion_de_la_accion_formativa\"><\/span><strong>\u00bfPuedo subcontratar a terceros para la ejecuci\u00f3n de la acci\u00f3n formativa?<\/strong><span class=\"ez-toc-section-end\"><\/span><\/h2>\n\n\n\n<p>No. Si es tu centro o entidad quien recibe la subvenci\u00f3n, no puede subcontratar a terceros. Sin embargo, s\u00ed podr\u00e9is contratar a personal docente u otros gastos en los que teng\u00e1is que incurrir para realizar la formaci\u00f3n.<\/p>\n\n\n\n<h2 class=\"wp-block-heading\"><span class=\"ez-toc-section\" id=\"%C2%BFQue_modalidad_pueden_tener_las_formaciones\"><\/span><strong>\u00bfQu\u00e9 modalidad pueden tener las formaciones?<\/strong><span class=\"ez-toc-section-end\"><\/span><\/h2>\n\n\n\n<p>Presencial, teleformaci\u00f3n o mixta.<\/p>\n\n\n\n<h2 class=\"wp-block-heading\"><span class=\"ez-toc-section\" id=\"%C2%BFQue_condiciones_deben_cumplir_las_formaciones_en_modalidad_online\"><\/span><strong>\u00bfQu\u00e9 condiciones deben cumplir las formaciones en modalidad online?<\/strong><span class=\"ez-toc-section-end\"><\/span><\/h2>\n\n\n\n<ul class=\"wp-block-list\">\n<li>La parte presencial es menor o igual al 20% de la duraci\u00f3n total del curso.<\/li>\n\n\n\n<li>La plataforma virtual de aprendizaje debe permitir la interacci\u00f3n entre alumnado, tutores\/as y recursos, as\u00ed como la gesti\u00f3n de contenidos, el seguimiento continuo y la evaluaci\u00f3n del proceso.<\/li>\n\n\n\n<li>La metodolog\u00eda debe ser adecuada para esta modalidad, complementada con asistencia tutorial. Cuando la formaci\u00f3n se dirija a la obtenci\u00f3n de certificados de profesionalidad, las tutor\u00edas presenciales respetar\u00e1n el n\u00famero m\u00e1ximo de alumnos para los que estuviera acreditada la entidad en la modalidad presencial.<\/li>\n\n\n\n<li>Solo se podr\u00e1n impartir mediante teleformaci\u00f3n aquellos certificados de profesionalidad establecidos en la normativa espec\u00edfica que los regule.<\/li>\n\n\n\n<li>Deber\u00e1 haber, por lo menos, un\/a docente por cada 80 participantes.<\/li>\n\n\n\n<li>Quienes ejerzan como tutor-formador deber\u00e1 certificar su formaci\u00f3n o experiencia en esta modalidad.<\/li>\n<\/ul>\n\n\n\n<figure class=\"wp-block-image size-full\"><a href=\"https:\/\/wekab.com\/blog\/wp-content\/uploads\/2023\/10\/image.png\"><img loading=\"lazy\" decoding=\"async\" width=\"601\" height=\"404\" src=\"https:\/\/wekab.com\/blog\/wp-content\/uploads\/2023\/10\/image.png\" alt=\"\" class=\"wp-image-1203\" srcset=\"https:\/\/wekab.com\/blog\/wp-content\/uploads\/2023\/10\/image.png 601w, https:\/\/wekab.com\/blog\/wp-content\/uploads\/2023\/10\/image-300x202.png 300w\" sizes=\"auto, (max-width: 601px) 100vw, 601px\" \/><\/a><\/figure>\n\n\n\n<h2 class=\"wp-block-heading\"><span class=\"ez-toc-section\" id=\"%C2%BFSobre_que_debo_informar_a_la_Administracion_que_me_otorga_la_subvencion\"><\/span><strong>\u00bfSobre qu\u00e9 debo informar a la Administraci\u00f3n que me otorga la subvenci\u00f3n?<\/strong><span class=\"ez-toc-section-end\"><\/span><\/h2>\n\n\n\n<p>Deber\u00e1s informar sobre el inicio de la formaci\u00f3n y cualquier modificaci\u00f3n posterior. Tambi\u00e9n sobre la finalizaci\u00f3n, el contenido, plazos y procedimiento.&nbsp;<\/p>\n\n\n\n<p>Estas comunicaciones deber\u00e1n reflejar la situaci\u00f3n laboral de las personas participantes cuando se inici\u00f3 la acci\u00f3n formativa, indicando as\u00ed si est\u00e1n trabajando o en situaci\u00f3n de desempleo.<\/p>\n\n\n\n<h2 class=\"wp-block-heading\"><span class=\"ez-toc-section\" id=\"%C2%BFSe_puede_incorporar_alumnado_nuevo_cuando_ya_se_ha_iniciado_la_accion_formativa\"><\/span><strong>\u00bfSe puede incorporar alumnado nuevo cuando ya se ha iniciado la acci\u00f3n formativa?<\/strong><span class=\"ez-toc-section-end\"><\/span><\/h2>\n\n\n\n<p>Depende del caso. Por ejemplo, se podr\u00e1 incorporar el mismo n\u00famero de estudiantes que abandonan, siempre que no se haya superado el 25% de la duraci\u00f3n de la acci\u00f3n formativa. En cuanto a la teleformaci\u00f3n, se podr\u00e1n incorporar si no se ha superado el 25% los controles peri\u00f3dicos de seguimiento de su aprendizaje.<\/p>\n\n\n\n<p>En el caso de aquellos certificados de profesionalidad que se impartan de forma modular, se puede facilitar la inclusi\u00f3n de nuevo alumnado durante los primeros cinco d\u00edas lectivos desde el inicio de cada m\u00f3dulo, siempre que no se haya superado el 25% de la duraci\u00f3n de cada m\u00f3dulo.<\/p>\n\n\n\n<p>Si hay abandonos despu\u00e9s de que se haya superado ese 25% de la duraci\u00f3n total de un m\u00f3dulo, se podr\u00e1n admitir (cuando lo contemplen las convocatorias) desviaciones por acci\u00f3n formativa de hasta 20% del n\u00famero de participantes que las hubieran iniciado.<\/p>\n\n\n\n<h2 class=\"wp-block-heading\"><span class=\"ez-toc-section\" id=\"%C2%BFCuando_se_considera_que_un_participante_ha_finalizado_la_accion_formativa\"><\/span><strong>\u00bfCu\u00e1ndo se considera que un participante ha finalizado la acci\u00f3n formativa?<\/strong><span class=\"ez-toc-section-end\"><\/span><\/h2>\n\n\n\n<p>En el caso de personas desempleadas, se considera que han finalizado si encuentran empleo y han superado el 25% de la actividad formativa. Algo similar ocurre con quienes causen baja por enfermedad o accidente acreditado.<\/p>\n\n\n\n<p>Se considera que el alumnado ha finalizado la formaci\u00f3n cuando ha asistido al 75% de la duraci\u00f3n de la formaci\u00f3n, o, en el caso de la teleformaci\u00f3n, haya superado el 75% de los controles peri\u00f3dicos de seguimiento.<\/p>\n\n\n\n<p>De manera excepcional y por causa justificada, se considerar\u00e1 terminada si el\/la participante ha asistido al 65% de la acci\u00f3n formativa y ha superado con evaluaci\u00f3n positiva todos los m\u00f3dulos de la acci\u00f3n formativa.<\/p>\n","protected":false},"excerpt":{"rendered":"<p>Como centro o entidad de formaci\u00f3n, hay una serie de cuestiones que debes tener presente para garantizar que las formaciones que ofreces son adecuadas. Como beneficiario de la subvenci\u00f3n a la acci\u00f3n formativa, tu centro deber\u00e1 tener medios propios para cumplir con sus funciones de programaci\u00f3n y coordinaci\u00f3n de las acciones formativas, asumiendo siempre la&#8230;<\/p>\n","protected":false},"author":2,"featured_media":1254,"comment_status":"open","ping_status":"open","sticky":false,"template":"","format":"standard","meta":{"_kad_post_transparent":"","_kad_post_title":"","_kad_post_layout":"","_kad_post_sidebar_id":"","_kad_post_content_style":"","_kad_post_vertical_padding":"","_kad_post_feature":"","_kad_post_feature_position":"","_kad_post_header":false,"_kad_post_footer":false,"footnotes":""},"categories":[180,178],"tags":[67,27,31],"class_list":["post-1070","post","type-post","status-publish","format-standard","has-post-thumbnail","hentry","category-formacion-bonificada","category-gestion-de-la-formacion","tag-docencia-de-formacion-para-el-empleo","tag-entidad-formadora","tag-formacion"],"yoast_head":"<!-- This site is optimized with the Yoast SEO plugin v25.2 - https:\/\/yoast.com\/wordpress\/plugins\/seo\/ -->\n<title>\u00bfC\u00f3mo se ejecutan las acciones formativas para el empleo? - El Blog de WeKAb<\/title>\n<meta name=\"description\" content=\"Como beneficiario de la subvenci\u00f3n a la acci\u00f3n formativa, tu centro deber\u00e1 tener medios propios para cumplir con sus funciones de programaci\u00f3n y coordinaci\u00f3n de las acciones formativas, asumiendo siempre la responsabilidad de la ejecuci\u00f3n de la actividad ante la Administraci\u00f3n.\" \/>\n<meta name=\"robots\" content=\"index, follow, max-snippet:-1, max-image-preview:large, max-video-preview:-1\" \/>\n<link rel=\"canonical\" href=\"https:\/\/wekab.com\/blog\/ejecucion-acciones-formativas-empleo\/\" \/>\n<meta property=\"og:locale\" content=\"es_ES\" \/>\n<meta property=\"og:type\" content=\"article\" \/>\n<meta property=\"og:title\" content=\"\u00bfC\u00f3mo se ejecutan las acciones formativas para el empleo? - El Blog de WeKAb\" \/>\n<meta property=\"og:description\" content=\"Como beneficiario de la subvenci\u00f3n a la acci\u00f3n formativa, tu centro deber\u00e1 tener medios propios para cumplir con sus funciones de programaci\u00f3n y coordinaci\u00f3n de las acciones formativas, asumiendo siempre la responsabilidad de la ejecuci\u00f3n de la actividad ante la Administraci\u00f3n.\" \/>\n<meta property=\"og:url\" content=\"https:\/\/wekab.com\/blog\/ejecucion-acciones-formativas-empleo\/\" \/>\n<meta property=\"og:site_name\" content=\"El Blog de WeKAb\" \/>\n<meta property=\"article:publisher\" content=\"https:\/\/www.facebook.com\/WeKnowAbout\/\" \/>\n<meta property=\"article:author\" content=\"www.facebook.com\/weknowabout\" \/>\n<meta property=\"article:published_time\" content=\"2023-10-24T09:00:00+00:00\" \/>\n<meta property=\"article:modified_time\" content=\"2023-10-25T10:08:07+00:00\" \/>\n<meta property=\"og:image\" content=\"https:\/\/wekab.com\/blog\/wp-content\/uploads\/2023\/10\/Ejecutar-acciones-formativas-1.jpg\" \/>\n\t<meta property=\"og:image:width\" content=\"1920\" \/>\n\t<meta property=\"og:image:height\" content=\"1080\" \/>\n\t<meta property=\"og:image:type\" content=\"image\/jpeg\" \/>\n<meta name=\"author\" content=\"WeKAb\" \/>\n<meta name=\"twitter:card\" content=\"summary_large_image\" \/>\n<meta name=\"twitter:creator\" content=\"@https:\/\/twitter.com\/WeKAb\" \/>\n<meta name=\"twitter:site\" content=\"@wekab\" \/>\n<meta name=\"twitter:label1\" content=\"Escrito por\" \/>\n\t<meta name=\"twitter:data1\" content=\"WeKAb\" \/>\n\t<meta name=\"twitter:label2\" content=\"Tiempo de lectura\" \/>\n\t<meta name=\"twitter:data2\" content=\"3 minutos\" \/>\n<script type=\"application\/ld+json\" class=\"yoast-schema-graph\">{\"@context\":\"https:\/\/schema.org\",\"@graph\":[{\"@type\":\"Article\",\"@id\":\"https:\/\/wekab.com\/blog\/ejecucion-acciones-formativas-empleo\/#article\",\"isPartOf\":{\"@id\":\"https:\/\/wekab.com\/blog\/ejecucion-acciones-formativas-empleo\/\"},\"author\":{\"name\":\"WeKAb\",\"@id\":\"https:\/\/wekab.com\/blog\/#\/schema\/person\/4549c377f58dfe2e7c89ee9fe7b524e2\"},\"headline\":\"\u00bfC\u00f3mo se ejecutan las acciones formativas para el empleo?\",\"datePublished\":\"2023-10-24T09:00:00+00:00\",\"dateModified\":\"2023-10-25T10:08:07+00:00\",\"mainEntityOfPage\":{\"@id\":\"https:\/\/wekab.com\/blog\/ejecucion-acciones-formativas-empleo\/\"},\"wordCount\":666,\"commentCount\":0,\"publisher\":{\"@id\":\"https:\/\/wekab.com\/blog\/#organization\"},\"image\":{\"@id\":\"https:\/\/wekab.com\/blog\/ejecucion-acciones-formativas-empleo\/#primaryimage\"},\"thumbnailUrl\":\"https:\/\/wekab.com\/blog\/wp-content\/uploads\/2023\/10\/Ejecutar-acciones-formativas-1.jpg\",\"keywords\":[\"docencia de formaci\u00f3n para el empleo\",\"entidad formadora\",\"formaci\u00f3n\"],\"articleSection\":[\"Formaci\u00f3n bonificada\",\"Gesti\u00f3n de la formaci\u00f3n\"],\"inLanguage\":\"es\",\"potentialAction\":[{\"@type\":\"CommentAction\",\"name\":\"Comment\",\"target\":[\"https:\/\/wekab.com\/blog\/ejecucion-acciones-formativas-empleo\/#respond\"]}]},{\"@type\":\"WebPage\",\"@id\":\"https:\/\/wekab.com\/blog\/ejecucion-acciones-formativas-empleo\/\",\"url\":\"https:\/\/wekab.com\/blog\/ejecucion-acciones-formativas-empleo\/\",\"name\":\"\u00bfC\u00f3mo se ejecutan las acciones formativas para el empleo? - El Blog de WeKAb\",\"isPartOf\":{\"@id\":\"https:\/\/wekab.com\/blog\/#website\"},\"primaryImageOfPage\":{\"@id\":\"https:\/\/wekab.com\/blog\/ejecucion-acciones-formativas-empleo\/#primaryimage\"},\"image\":{\"@id\":\"https:\/\/wekab.com\/blog\/ejecucion-acciones-formativas-empleo\/#primaryimage\"},\"thumbnailUrl\":\"https:\/\/wekab.com\/blog\/wp-content\/uploads\/2023\/10\/Ejecutar-acciones-formativas-1.jpg\",\"datePublished\":\"2023-10-24T09:00:00+00:00\",\"dateModified\":\"2023-10-25T10:08:07+00:00\",\"description\":\"Como beneficiario de la subvenci\u00f3n a la acci\u00f3n formativa, tu centro deber\u00e1 tener medios propios para cumplir con sus funciones de programaci\u00f3n y coordinaci\u00f3n de las acciones formativas, asumiendo siempre la responsabilidad de la ejecuci\u00f3n de la actividad ante la Administraci\u00f3n.\",\"breadcrumb\":{\"@id\":\"https:\/\/wekab.com\/blog\/ejecucion-acciones-formativas-empleo\/#breadcrumb\"},\"inLanguage\":\"es\",\"potentialAction\":[{\"@type\":\"ReadAction\",\"target\":[\"https:\/\/wekab.com\/blog\/ejecucion-acciones-formativas-empleo\/\"]}]},{\"@type\":\"ImageObject\",\"inLanguage\":\"es\",\"@id\":\"https:\/\/wekab.com\/blog\/ejecucion-acciones-formativas-empleo\/#primaryimage\",\"url\":\"https:\/\/wekab.com\/blog\/wp-content\/uploads\/2023\/10\/Ejecutar-acciones-formativas-1.jpg\",\"contentUrl\":\"https:\/\/wekab.com\/blog\/wp-content\/uploads\/2023\/10\/Ejecutar-acciones-formativas-1.jpg\",\"width\":1920,\"height\":1080,\"caption\":\"C\u00f3mo se ejecutan las accinoes formativas para el empleo\"},{\"@type\":\"BreadcrumbList\",\"@id\":\"https:\/\/wekab.com\/blog\/ejecucion-acciones-formativas-empleo\/#breadcrumb\",\"itemListElement\":[{\"@type\":\"ListItem\",\"position\":1,\"name\":\"Portada\",\"item\":\"https:\/\/wekab.com\/blog\/\"},{\"@type\":\"ListItem\",\"position\":2,\"name\":\"Gesti\u00f3n de la formaci\u00f3n\",\"item\":\"https:\/\/wekab.com\/blog\/category\/gestion-de-la-formacion\/\"},{\"@type\":\"ListItem\",\"position\":3,\"name\":\"\u00bfC\u00f3mo se ejecutan las acciones formativas para el empleo?\"}]},{\"@type\":\"WebSite\",\"@id\":\"https:\/\/wekab.com\/blog\/#website\",\"url\":\"https:\/\/wekab.com\/blog\/\",\"name\":\"El Blog de WeKAb\",\"description\":\"Trabajo para formadores\",\"publisher\":{\"@id\":\"https:\/\/wekab.com\/blog\/#organization\"},\"potentialAction\":[{\"@type\":\"SearchAction\",\"target\":{\"@type\":\"EntryPoint\",\"urlTemplate\":\"https:\/\/wekab.com\/blog\/?s={search_term_string}\"},\"query-input\":{\"@type\":\"PropertyValueSpecification\",\"valueRequired\":true,\"valueName\":\"search_term_string\"}}],\"inLanguage\":\"es\"},{\"@type\":\"Organization\",\"@id\":\"https:\/\/wekab.com\/blog\/#organization\",\"name\":\"WeKAb\",\"url\":\"https:\/\/wekab.com\/blog\/\",\"logo\":{\"@type\":\"ImageObject\",\"inLanguage\":\"es\",\"@id\":\"https:\/\/wekab.com\/blog\/#\/schema\/logo\/image\/\",\"url\":\"https:\/\/wekab.com\/blog\/wp-content\/uploads\/2015\/04\/logo_0003_ConectConocimiento_white_320__120.png\",\"contentUrl\":\"https:\/\/wekab.com\/blog\/wp-content\/uploads\/2015\/04\/logo_0003_ConectConocimiento_white_320__120.png\",\"width\":320,\"height\":120,\"caption\":\"WeKAb\"},\"image\":{\"@id\":\"https:\/\/wekab.com\/blog\/#\/schema\/logo\/image\/\"},\"sameAs\":[\"https:\/\/www.facebook.com\/WeKnowAbout\/\",\"https:\/\/x.com\/wekab\",\"https:\/\/www.linkedin.com\/company\/wekab\",\"https:\/\/www.youtube.com\/user\/WeKnowAbout\"]},{\"@type\":\"Person\",\"@id\":\"https:\/\/wekab.com\/blog\/#\/schema\/person\/4549c377f58dfe2e7c89ee9fe7b524e2\",\"name\":\"WeKAb\",\"image\":{\"@type\":\"ImageObject\",\"inLanguage\":\"es\",\"@id\":\"https:\/\/wekab.com\/blog\/#\/schema\/person\/image\/\",\"url\":\"https:\/\/secure.gravatar.com\/avatar\/1683069b8479db2ab50e72c0866b4ae05544a7061daba4f941ae697f8925a319?s=96&d=mm&r=g\",\"contentUrl\":\"https:\/\/secure.gravatar.com\/avatar\/1683069b8479db2ab50e72c0866b4ae05544a7061daba4f941ae697f8925a319?s=96&d=mm&r=g\",\"caption\":\"WeKAb\"},\"sameAs\":[\"http:\/\/www.wekab.com\",\"www.facebook.com\/weknowabout\",\"https:\/\/www.linkedin.com\/company\/wekab\",\"https:\/\/x.com\/https:\/\/twitter.com\/WeKAb\",\"https:\/\/www.youtube.com\/user\/WeKnowAbout\"],\"url\":\"https:\/\/wekab.com\/blog\/author\/wekab\/\"}]}<\/script>\n<!-- \/ Yoast SEO plugin. -->","yoast_head_json":{"title":"\u00bfC\u00f3mo se ejecutan las acciones formativas para el empleo? - El Blog de WeKAb","description":"Como beneficiario de la subvenci\u00f3n a la acci\u00f3n formativa, tu centro deber\u00e1 tener medios propios para cumplir con sus funciones de programaci\u00f3n y coordinaci\u00f3n de las acciones formativas, asumiendo siempre la responsabilidad de la ejecuci\u00f3n de la actividad ante la Administraci\u00f3n.","robots":{"index":"index","follow":"follow","max-snippet":"max-snippet:-1","max-image-preview":"max-image-preview:large","max-video-preview":"max-video-preview:-1"},"canonical":"https:\/\/wekab.com\/blog\/ejecucion-acciones-formativas-empleo\/","og_locale":"es_ES","og_type":"article","og_title":"\u00bfC\u00f3mo se ejecutan las acciones formativas para el empleo? - El Blog de WeKAb","og_description":"Como beneficiario de la subvenci\u00f3n a la acci\u00f3n formativa, tu centro deber\u00e1 tener medios propios para cumplir con sus funciones de programaci\u00f3n y coordinaci\u00f3n de las acciones formativas, asumiendo siempre la responsabilidad de la ejecuci\u00f3n de la actividad ante la Administraci\u00f3n.","og_url":"https:\/\/wekab.com\/blog\/ejecucion-acciones-formativas-empleo\/","og_site_name":"El Blog de WeKAb","article_publisher":"https:\/\/www.facebook.com\/WeKnowAbout\/","article_author":"www.facebook.com\/weknowabout","article_published_time":"2023-10-24T09:00:00+00:00","article_modified_time":"2023-10-25T10:08:07+00:00","og_image":[{"width":1920,"height":1080,"url":"https:\/\/wekab.com\/blog\/wp-content\/uploads\/2023\/10\/Ejecutar-acciones-formativas-1.jpg","type":"image\/jpeg"}],"author":"WeKAb","twitter_card":"summary_large_image","twitter_creator":"@https:\/\/twitter.com\/WeKAb","twitter_site":"@wekab","twitter_misc":{"Escrito por":"WeKAb","Tiempo de lectura":"3 minutos"},"schema":{"@context":"https:\/\/schema.org","@graph":[{"@type":"Article","@id":"https:\/\/wekab.com\/blog\/ejecucion-acciones-formativas-empleo\/#article","isPartOf":{"@id":"https:\/\/wekab.com\/blog\/ejecucion-acciones-formativas-empleo\/"},"author":{"name":"WeKAb","@id":"https:\/\/wekab.com\/blog\/#\/schema\/person\/4549c377f58dfe2e7c89ee9fe7b524e2"},"headline":"\u00bfC\u00f3mo se ejecutan las acciones formativas para el empleo?","datePublished":"2023-10-24T09:00:00+00:00","dateModified":"2023-10-25T10:08:07+00:00","mainEntityOfPage":{"@id":"https:\/\/wekab.com\/blog\/ejecucion-acciones-formativas-empleo\/"},"wordCount":666,"commentCount":0,"publisher":{"@id":"https:\/\/wekab.com\/blog\/#organization"},"image":{"@id":"https:\/\/wekab.com\/blog\/ejecucion-acciones-formativas-empleo\/#primaryimage"},"thumbnailUrl":"https:\/\/wekab.com\/blog\/wp-content\/uploads\/2023\/10\/Ejecutar-acciones-formativas-1.jpg","keywords":["docencia de formaci\u00f3n para el empleo","entidad formadora","formaci\u00f3n"],"articleSection":["Formaci\u00f3n bonificada","Gesti\u00f3n de la formaci\u00f3n"],"inLanguage":"es","potentialAction":[{"@type":"CommentAction","name":"Comment","target":["https:\/\/wekab.com\/blog\/ejecucion-acciones-formativas-empleo\/#respond"]}]},{"@type":"WebPage","@id":"https:\/\/wekab.com\/blog\/ejecucion-acciones-formativas-empleo\/","url":"https:\/\/wekab.com\/blog\/ejecucion-acciones-formativas-empleo\/","name":"\u00bfC\u00f3mo se ejecutan las acciones formativas para el empleo? - El Blog de WeKAb","isPartOf":{"@id":"https:\/\/wekab.com\/blog\/#website"},"primaryImageOfPage":{"@id":"https:\/\/wekab.com\/blog\/ejecucion-acciones-formativas-empleo\/#primaryimage"},"image":{"@id":"https:\/\/wekab.com\/blog\/ejecucion-acciones-formativas-empleo\/#primaryimage"},"thumbnailUrl":"https:\/\/wekab.com\/blog\/wp-content\/uploads\/2023\/10\/Ejecutar-acciones-formativas-1.jpg","datePublished":"2023-10-24T09:00:00+00:00","dateModified":"2023-10-25T10:08:07+00:00","description":"Como beneficiario de la subvenci\u00f3n a la acci\u00f3n formativa, tu centro deber\u00e1 tener medios propios para cumplir con sus funciones de programaci\u00f3n y coordinaci\u00f3n de las acciones formativas, asumiendo siempre la responsabilidad de la ejecuci\u00f3n de la actividad ante la Administraci\u00f3n.","breadcrumb":{"@id":"https:\/\/wekab.com\/blog\/ejecucion-acciones-formativas-empleo\/#breadcrumb"},"inLanguage":"es","potentialAction":[{"@type":"ReadAction","target":["https:\/\/wekab.com\/blog\/ejecucion-acciones-formativas-empleo\/"]}]},{"@type":"ImageObject","inLanguage":"es","@id":"https:\/\/wekab.com\/blog\/ejecucion-acciones-formativas-empleo\/#primaryimage","url":"https:\/\/wekab.com\/blog\/wp-content\/uploads\/2023\/10\/Ejecutar-acciones-formativas-1.jpg","contentUrl":"https:\/\/wekab.com\/blog\/wp-content\/uploads\/2023\/10\/Ejecutar-acciones-formativas-1.jpg","width":1920,"height":1080,"caption":"C\u00f3mo se ejecutan las accinoes formativas para el empleo"},{"@type":"BreadcrumbList","@id":"https:\/\/wekab.com\/blog\/ejecucion-acciones-formativas-empleo\/#breadcrumb","itemListElement":[{"@type":"ListItem","position":1,"name":"Portada","item":"https:\/\/wekab.com\/blog\/"},{"@type":"ListItem","position":2,"name":"Gesti\u00f3n de la formaci\u00f3n","item":"https:\/\/wekab.com\/blog\/category\/gestion-de-la-formacion\/"},{"@type":"ListItem","position":3,"name":"\u00bfC\u00f3mo se ejecutan las acciones formativas para el empleo?"}]},{"@type":"WebSite","@id":"https:\/\/wekab.com\/blog\/#website","url":"https:\/\/wekab.com\/blog\/","name":"El Blog de WeKAb","description":"Trabajo para formadores","publisher":{"@id":"https:\/\/wekab.com\/blog\/#organization"},"potentialAction":[{"@type":"SearchAction","target":{"@type":"EntryPoint","urlTemplate":"https:\/\/wekab.com\/blog\/?s={search_term_string}"},"query-input":{"@type":"PropertyValueSpecification","valueRequired":true,"valueName":"search_term_string"}}],"inLanguage":"es"},{"@type":"Organization","@id":"https:\/\/wekab.com\/blog\/#organization","name":"WeKAb","url":"https:\/\/wekab.com\/blog\/","logo":{"@type":"ImageObject","inLanguage":"es","@id":"https:\/\/wekab.com\/blog\/#\/schema\/logo\/image\/","url":"https:\/\/wekab.com\/blog\/wp-content\/uploads\/2015\/04\/logo_0003_ConectConocimiento_white_320__120.png","contentUrl":"https:\/\/wekab.com\/blog\/wp-content\/uploads\/2015\/04\/logo_0003_ConectConocimiento_white_320__120.png","width":320,"height":120,"caption":"WeKAb"},"image":{"@id":"https:\/\/wekab.com\/blog\/#\/schema\/logo\/image\/"},"sameAs":["https:\/\/www.facebook.com\/WeKnowAbout\/","https:\/\/x.com\/wekab","https:\/\/www.linkedin.com\/company\/wekab","https:\/\/www.youtube.com\/user\/WeKnowAbout"]},{"@type":"Person","@id":"https:\/\/wekab.com\/blog\/#\/schema\/person\/4549c377f58dfe2e7c89ee9fe7b524e2","name":"WeKAb","image":{"@type":"ImageObject","inLanguage":"es","@id":"https:\/\/wekab.com\/blog\/#\/schema\/person\/image\/","url":"https:\/\/secure.gravatar.com\/avatar\/1683069b8479db2ab50e72c0866b4ae05544a7061daba4f941ae697f8925a319?s=96&d=mm&r=g","contentUrl":"https:\/\/secure.gravatar.com\/avatar\/1683069b8479db2ab50e72c0866b4ae05544a7061daba4f941ae697f8925a319?s=96&d=mm&r=g","caption":"WeKAb"},"sameAs":["http:\/\/www.wekab.com","www.facebook.com\/weknowabout","https:\/\/www.linkedin.com\/company\/wekab","https:\/\/x.com\/https:\/\/twitter.com\/WeKAb","https:\/\/www.youtube.com\/user\/WeKnowAbout"],"url":"https:\/\/wekab.com\/blog\/author\/wekab\/"}]}},"_links":{"self":[{"href":"https:\/\/wekab.com\/blog\/wp-json\/wp\/v2\/posts\/1070","targetHints":{"allow":["GET"]}}],"collection":[{"href":"https:\/\/wekab.com\/blog\/wp-json\/wp\/v2\/posts"}],"about":[{"href":"https:\/\/wekab.com\/blog\/wp-json\/wp\/v2\/types\/post"}],"author":[{"embeddable":true,"href":"https:\/\/wekab.com\/blog\/wp-json\/wp\/v2\/users\/2"}],"replies":[{"embeddable":true,"href":"https:\/\/wekab.com\/blog\/wp-json\/wp\/v2\/comments?post=1070"}],"version-history":[{"count":0,"href":"https:\/\/wekab.com\/blog\/wp-json\/wp\/v2\/posts\/1070\/revisions"}],"wp:featuredmedia":[{"embeddable":true,"href":"https:\/\/wekab.com\/blog\/wp-json\/wp\/v2\/media\/1254"}],"wp:attachment":[{"href":"https:\/\/wekab.com\/blog\/wp-json\/wp\/v2\/media?parent=1070"}],"wp:term":[{"taxonomy":"category","embeddable":true,"href":"https:\/\/wekab.com\/blog\/wp-json\/wp\/v2\/categories?post=1070"},{"taxonomy":"post_tag","embeddable":true,"href":"https:\/\/wekab.com\/blog\/wp-json\/wp\/v2\/tags?post=1070"}],"curies":[{"name":"wp","href":"https:\/\/api.w.org\/{rel}","templated":true}]}}