{"id":1076,"date":"2024-01-16T10:00:00","date_gmt":"2024-01-16T09:00:00","guid":{"rendered":"http:\/\/wekab.vl24616.dinaserver.com\/blog\/?p=1076"},"modified":"2023-10-25T11:09:55","modified_gmt":"2023-10-25T10:09:55","slug":"subvencion-entidad-formacion-acciones-formativas","status":"publish","type":"post","link":"https:\/\/wekab.com\/blog\/subvencion-entidad-formacion-acciones-formativas\/","title":{"rendered":"Algunas cuestiones sobre la subvenci\u00f3n a acciones formativas"},"content":{"rendered":"\n<p>Cuando una entidad o centro de formaci\u00f3n solicita una subvenci\u00f3n para una acci\u00f3n formativa, luego le toca esperar por la confirmaci\u00f3n o rechazo de la concesi\u00f3n. En este art\u00edculo trataremos una serie de cuestiones, como por ejemplo: \u00bfde qu\u00e9 depende que se concedan los fondos? \u00bfCu\u00e1ndo se recibe la subvenci\u00f3n? \u00bfCu\u00e1les son los gastos susceptibles de ser subvencionados?<\/p>\n\n\n\n<div id=\"ez-toc-container\" class=\"ez-toc-v2_0_74 counter-hierarchy ez-toc-counter ez-toc-custom ez-toc-container-direction\">\n<div class=\"ez-toc-title-container\">\n<p class=\"ez-toc-title\" style=\"cursor:inherit\">Tabla de contenidos<\/p>\n<span class=\"ez-toc-title-toggle\"><a href=\"#\" class=\"ez-toc-pull-right ez-toc-btn ez-toc-btn-xs ez-toc-btn-default ez-toc-toggle\" aria-label=\"Alternar tabla de contenidos\"><span class=\"ez-toc-js-icon-con\"><span class=\"\"><span class=\"eztoc-hide\" style=\"display:none;\">Toggle<\/span><span class=\"ez-toc-icon-toggle-span\"><svg style=\"fill: #999;color:#999\" xmlns=\"http:\/\/www.w3.org\/2000\/svg\" class=\"list-377408\" width=\"20px\" height=\"20px\" viewBox=\"0 0 24 24\" fill=\"none\"><path d=\"M6 6H4v2h2V6zm14 0H8v2h12V6zM4 11h2v2H4v-2zm16 0H8v2h12v-2zM4 16h2v2H4v-2zm16 0H8v2h12v-2z\" fill=\"currentColor\"><\/path><\/svg><svg style=\"fill: #999;color:#999\" class=\"arrow-unsorted-368013\" xmlns=\"http:\/\/www.w3.org\/2000\/svg\" width=\"10px\" height=\"10px\" viewBox=\"0 0 24 24\" version=\"1.2\" baseProfile=\"tiny\"><path d=\"M18.2 9.3l-6.2-6.3-6.2 6.3c-.2.2-.3.4-.3.7s.1.5.3.7c.2.2.4.3.7.3h11c.3 0 .5-.1.7-.3.2-.2.3-.5.3-.7s-.1-.5-.3-.7zM5.8 14.7l6.2 6.3 6.2-6.3c.2-.2.3-.5.3-.7s-.1-.5-.3-.7c-.2-.2-.4-.3-.7-.3h-11c-.3 0-.5.1-.7.3-.2.2-.3.5-.3.7s.1.5.3.7z\"\/><\/svg><\/span><\/span><\/span><\/a><\/span><\/div>\n<nav><ul class='ez-toc-list ez-toc-list-level-1 eztoc-toggle-hide-by-default' ><li class='ez-toc-page-1 ez-toc-heading-level-2'><a class=\"ez-toc-link ez-toc-heading-1\" href=\"https:\/\/wekab.com\/blog\/subvencion-entidad-formacion-acciones-formativas\/#%C2%BFDe_que_depende_el_pago_de_la_subvencion\" >\u00bfDe qu\u00e9 depende el pago de la subvenci\u00f3n?<\/a><\/li><li class='ez-toc-page-1 ez-toc-heading-level-2'><a class=\"ez-toc-link ez-toc-heading-2\" href=\"https:\/\/wekab.com\/blog\/subvencion-entidad-formacion-acciones-formativas\/#%C2%BFCuando_se_podra_recibir_la_subvencion\" >\u00bfCu\u00e1ndo se podr\u00e1 recibir la subvenci\u00f3n?<\/a><\/li><li class='ez-toc-page-1 ez-toc-heading-level-2'><a class=\"ez-toc-link ez-toc-heading-3\" href=\"https:\/\/wekab.com\/blog\/subvencion-entidad-formacion-acciones-formativas\/#%C2%BFCuanto_tiempo_tendremos_que_guardar_los_justificantes_de_gasto\" >\u00bfCu\u00e1nto tiempo tendremos que guardar los justificantes de gasto?<\/a><\/li><li class='ez-toc-page-1 ez-toc-heading-level-2'><a class=\"ez-toc-link ez-toc-heading-4\" href=\"https:\/\/wekab.com\/blog\/subvencion-entidad-formacion-acciones-formativas\/#%C2%BFCuanto_tiempo_tiene_la_administracion_para_abonar_otros_anticipos_o_pagos_de_la_subvencion\" >\u00bfCu\u00e1nto tiempo tiene la administraci\u00f3n para abonar otros anticipos o pagos de la subvenci\u00f3n?<\/a><\/li><li class='ez-toc-page-1 ez-toc-heading-level-2'><a class=\"ez-toc-link ez-toc-heading-5\" href=\"https:\/\/wekab.com\/blog\/subvencion-entidad-formacion-acciones-formativas\/#%C2%BFSe_pueden_realizar_pagos_fraccionados_segun_el_ritmo_de_la_accion_formativa\" >\u00bfSe pueden realizar pagos fraccionados seg\u00fan el ritmo de la acci\u00f3n formativa?<\/a><\/li><li class='ez-toc-page-1 ez-toc-heading-level-2'><a class=\"ez-toc-link ez-toc-heading-6\" href=\"https:\/\/wekab.com\/blog\/subvencion-entidad-formacion-acciones-formativas\/#%C2%BFQue_pasa_si_la_subvencion_acaba_generando_rendimiento_financiero\" >\u00bfQu\u00e9 pasa si la subvenci\u00f3n acaba generando rendimiento financiero?<\/a><\/li><li class='ez-toc-page-1 ez-toc-heading-level-2'><a class=\"ez-toc-link ez-toc-heading-7\" href=\"https:\/\/wekab.com\/blog\/subvencion-entidad-formacion-acciones-formativas\/#%C2%BFComo_se_calculara_la_cuantia_de_la_subvencion\" >\u00bfC\u00f3mo se calcular\u00e1 la cuant\u00eda de la subvenci\u00f3n?<\/a><\/li><li class='ez-toc-page-1 ez-toc-heading-level-2'><a class=\"ez-toc-link ez-toc-heading-8\" href=\"https:\/\/wekab.com\/blog\/subvencion-entidad-formacion-acciones-formativas\/#%C2%BFQue_es_un_gasto_subvencionable\" >\u00bfQu\u00e9 es un gasto subvencionable?<\/a><\/li><li class='ez-toc-page-1 ez-toc-heading-level-2'><a class=\"ez-toc-link ez-toc-heading-9\" href=\"https:\/\/wekab.com\/blog\/subvencion-entidad-formacion-acciones-formativas\/#%C2%BFCuales_son_los_costes_directos_de_la_formacion\" >\u00bfCu\u00e1les son los costes directos de la formaci\u00f3n?<\/a><\/li><li class='ez-toc-page-1 ez-toc-heading-level-2'><a class=\"ez-toc-link ez-toc-heading-10\" href=\"https:\/\/wekab.com\/blog\/subvencion-entidad-formacion-acciones-formativas\/#%C2%BFY_los_costes_indirectos\" >\u00bfY los costes indirectos?<\/a><\/li><\/ul><\/nav><\/div>\n<h2 class=\"wp-block-heading\"><span class=\"ez-toc-section\" id=\"%C2%BFDe_que_depende_el_pago_de_la_subvencion\"><\/span><strong>\u00bfDe qu\u00e9 depende el pago de la subvenci\u00f3n?<\/strong><span class=\"ez-toc-section-end\"><\/span><\/h2>\n\n\n\n<p>De que tu entidad acredite que se encuentra al corriente de sus obligaciones tributarias y frente a la Seguridad Social, salvo que se acredite que dichas deudas se encuentran aplazadas o fraccionadas, o cuando se hubiese acordado su suspensi\u00f3n.<\/p>\n\n\n\n<h2 class=\"wp-block-heading\"><span class=\"ez-toc-section\" id=\"%C2%BFCuando_se_podra_recibir_la_subvencion\"><\/span><strong>\u00bfCu\u00e1ndo se podr\u00e1 recibir la subvenci\u00f3n?<\/strong><span class=\"ez-toc-section-end\"><\/span><\/h2>\n\n\n\n<p>Se pueden recibir antes del inicio de la actividad formativa, con un l\u00edmite m\u00e1ximo del 25% del importe total. Igualmente, podr\u00e1 preverse el pago anticipado de hasta un 35% adicional una vez se acredite el inicio de la actividad formativa.<\/p>\n\n\n\n<p>Adem\u00e1s, si lo solicit\u00e1is, pod\u00e9is recibir un \u00fanico anticipo de hasta el 60% del importe una vez acreditado el inicio de la actividad (ejecuci\u00f3n del primer grupo formativo o curso de la acci\u00f3n formativa aprobada). Al menos el 40% restante del importe concedido se har\u00e1 efectivo una vez finalizada y justificada la subvenci\u00f3n.<\/p>\n\n\n\n<h2 class=\"wp-block-heading\"><span class=\"ez-toc-section\" id=\"%C2%BFCuanto_tiempo_tendremos_que_guardar_los_justificantes_de_gasto\"><\/span><strong>\u00bfCu\u00e1nto tiempo tendremos que guardar los justificantes de gasto?<\/strong><span class=\"ez-toc-section-end\"><\/span><\/h2>\n\n\n\n<p>Durante, por lo menos, 4 a\u00f1os. De esta manera, podr\u00e9is facilitar el trabajo de los \u00f3rganos de comprobaci\u00f3n.<\/p>\n\n\n\n<h2 class=\"wp-block-heading\"><span class=\"ez-toc-section\" id=\"%C2%BFCuanto_tiempo_tiene_la_administracion_para_abonar_otros_anticipos_o_pagos_de_la_subvencion\"><\/span><strong>\u00bfCu\u00e1nto tiempo tiene la administraci\u00f3n para abonar otros anticipos o pagos de la subvenci\u00f3n?<\/strong><span class=\"ez-toc-section-end\"><\/span><\/h2>\n\n\n\n<ul class=\"wp-block-list\">\n<li>Desde la presentaci\u00f3n de documentaci\u00f3n requerida para solicitar el anticipo: 3 meses. En estos casos, la Administraci\u00f3n podr\u00e1 establecer el r\u00e9gimen de garant\u00edas.<\/li>\n\n\n\n<li>Presentaci\u00f3n de la justificaci\u00f3n final de la actividad subvencionada: 12 meses.<\/li>\n<\/ul>\n\n\n\n<p>En el caso de los m\u00f3dulos espec\u00edficos, ser\u00e1 en menos de 6 meses.<\/p>\n\n\n\n<h2 class=\"wp-block-heading\"><span class=\"ez-toc-section\" id=\"%C2%BFSe_pueden_realizar_pagos_fraccionados_segun_el_ritmo_de_la_accion_formativa\"><\/span><strong>\u00bfSe pueden realizar pagos fraccionados seg\u00fan el ritmo de la acci\u00f3n formativa?<\/strong><span class=\"ez-toc-section-end\"><\/span><\/h2>\n\n\n\n<p>S\u00ed, siempre que la naturaleza de la subvenci\u00f3n as\u00ed lo justifique. Para m\u00e1s informaci\u00f3n al respecto, recomendamos consultar el art\u00edculo 34.4 de la <a href=\"https:\/\/www.boe.es\/buscar\/pdf\/2003\/BOE-A-2003-20977-consolidado.pdf\">Ley 38\/2003, de 17 de noviembre<\/a>.<\/p>\n\n\n\n<h2 class=\"wp-block-heading\"><span class=\"ez-toc-section\" id=\"%C2%BFQue_pasa_si_la_subvencion_acaba_generando_rendimiento_financiero\"><\/span><strong>\u00bfQu\u00e9 pasa si la subvenci\u00f3n acaba generando rendimiento financiero?<\/strong><span class=\"ez-toc-section-end\"><\/span><\/h2>\n\n\n\n<p>Pues que tales rendimientos financieros incrementar\u00e1n el importe de la subvenci\u00f3n, y se aplicar\u00e1n igualmente a la actividad subvencionada. Esto ser\u00e1 as\u00ed salvo que la convocatoria correspondiente indique lo contrario.<\/p>\n\n\n\n<h2 class=\"wp-block-heading\"><span class=\"ez-toc-section\" id=\"%C2%BFComo_se_calculara_la_cuantia_de_la_subvencion\"><\/span><strong>\u00bfC\u00f3mo se calcular\u00e1 la cuant\u00eda de la subvenci\u00f3n?<\/strong><span class=\"ez-toc-section-end\"><\/span><\/h2>\n\n\n\n<p>Siguiendo la metodolog\u00eda de la Administraci\u00f3n, teniendo en cuenta el presupuesto destinado a la actividad formativa, la valoraci\u00f3n t\u00e9cnica obtenida y los m\u00f3dulos econ\u00f3micos gen\u00e9ricos m\u00e1ximos.&nbsp;<\/p>\n\n\n\n<p>La cuant\u00eda m\u00e1xima se determinar\u00e1 multiplicando el n\u00famero de horas por el n\u00famero de participantes y por el importe del m\u00f3dulo.<\/p>\n\n\n\n<figure class=\"wp-block-image size-full\"><a href=\"http:\/\/wekab.vl24616.dinaserver.com\/blog\/wp-content\/uploads\/2023\/10\/subvencion-entidades-de-formacion.jpg\"><img loading=\"lazy\" decoding=\"async\" width=\"543\" height=\"366\" src=\"http:\/\/wekab.vl24616.dinaserver.com\/blog\/wp-content\/uploads\/2023\/10\/subvencion-entidades-de-formacion.jpg\" alt=\"\" class=\"wp-image-1077\" srcset=\"https:\/\/wekab.com\/blog\/wp-content\/uploads\/2023\/10\/subvencion-entidades-de-formacion.jpg 543w, https:\/\/wekab.com\/blog\/wp-content\/uploads\/2023\/10\/subvencion-entidades-de-formacion-300x202.jpg 300w\" sizes=\"auto, (max-width: 543px) 100vw, 543px\" \/><\/a><\/figure>\n\n\n\n<p>Veamos ahora cuestiones relativas a los gastos subvencionables:<\/p>\n\n\n\n<h2 class=\"wp-block-heading\"><span class=\"ez-toc-section\" id=\"%C2%BFQue_es_un_gasto_subvencionable\"><\/span><strong>\u00bfQu\u00e9 es un gasto subvencionable?<\/strong><span class=\"ez-toc-section-end\"><\/span><\/h2>\n\n\n\n<p>Cualquier gasto relacionado con la actividad subvencionada, siendo estrictamente necesario para su ejecuci\u00f3n y habiendo sido contra\u00eddo durante el periodo de ejecuci\u00f3n, es decir, <strong>a partir de la concesi\u00f3n<\/strong> de la subvenci\u00f3n. Deben ser gastos reales, efectivamente realizados, pagados y acreditados.<\/p>\n\n\n\n<p>Tambi\u00e9n se podr\u00e1 considerar como tal los costes indirectos correspondientes a la elaboraci\u00f3n y presentaci\u00f3n del programa de formaci\u00f3n.&nbsp;<\/p>\n\n\n\n<h2 class=\"wp-block-heading\"><span class=\"ez-toc-section\" id=\"%C2%BFCuales_son_los_costes_directos_de_la_formacion\"><\/span><strong>\u00bfCu\u00e1les son los costes directos de la formaci\u00f3n?<\/strong><span class=\"ez-toc-section-end\"><\/span><\/h2>\n\n\n\n<ul class=\"wp-block-list\">\n<li>La retribuci\u00f3n del personal implicado, sea de formaci\u00f3n, apoyo t\u00e9cnico u otros.\n<ul class=\"wp-block-list\">\n<li>En el caso de contrataci\u00f3n laboral se incluyen salarios, seguros sociales, dietas y gastos de locomoci\u00f3n.<\/li>\n\n\n\n<li>Gastos de contrataci\u00f3n en el caso de contrato de servicios.<\/li>\n\n\n\n<li>Todos los costes de la preparaci\u00f3n, impartici\u00f3n, tutor\u00eda y evaluaci\u00f3n de las personas participantes de la acci\u00f3n formativa.<\/li>\n<\/ul>\n<\/li>\n\n\n\n<li>Gastos de equipos did\u00e1cticos y plataformas tecnol\u00f3gicas, calculados con criterios de amortizaci\u00f3n, as\u00ed como su alquiler o arrendamiento. Estos gastos deber\u00e1n presentarse debidamente desglosados por acci\u00f3n formativa, y se imputar\u00e1n por el n\u00famero de participantes si se da uso individual de los equipos.<\/li>\n\n\n\n<li>Los gastos de material, medios did\u00e1cticos y bienes consumibles, incluyendo el material de protecci\u00f3n y seguridad. En el caso de teleformaci\u00f3n, se imputan los medios de comunicaci\u00f3n utilizados entre formadores y participantes. Debidamente desglosados.<\/li>\n\n\n\n<li>Alquiler de instalaciones o arrendamiento financiero, as\u00ed como amortizaci\u00f3n de aulas, talleres y otras superficies empleadas. Debidamente desglosados.<\/li>\n\n\n\n<li>Gastos de seguro de accidentes y responsabilidad civil de los\/as participantes. Debidamente desglosados.<\/li>\n\n\n\n<li>Transporte, manutenci\u00f3n y alojamiento de vuestro personal docente. Debidamente desglosados.<\/li>\n\n\n\n<li>Costes de evaluaci\u00f3n de la calidad de la formaci\u00f3n.<\/li>\n\n\n\n<li>Gastos de publicidad y difusi\u00f3n.<\/li>\n\n\n\n<li>Gastos derivados de la realizaci\u00f3n del informe de auditor\u00eda.<\/li>\n\n\n\n<li>Contrataci\u00f3n de personas especializadas en la atenci\u00f3n al alumnado con discapacidad o pertenecientes a colectivos vulnerables, as\u00ed como de adaptaci\u00f3n de medios did\u00e1cticos y evaluaci\u00f3n.<\/li>\n<\/ul>\n\n\n\n<h2 class=\"wp-block-heading\"><span class=\"ez-toc-section\" id=\"%C2%BFY_los_costes_indirectos\"><\/span><strong>\u00bfY los costes indirectos?<\/strong><span class=\"ez-toc-section-end\"><\/span><\/h2>\n\n\n\n<ul class=\"wp-block-list\">\n<li>La contrataci\u00f3n de personal de apoyo.<\/li>\n\n\n\n<li>Los gastos financieros directamente relacionados con la actividad subvencionada. No ser\u00e1n subvencionables los intereses deudores de las cuentas bancarias<\/li>\n\n\n\n<li>El suministro el\u00e9ctrico, de agua, calefacci\u00f3n, telefon\u00eda, conexi\u00f3n telem\u00e1tica, mensajer\u00eda y correo, limpieza, vigilancia y otros. Siempre deben ser derivados de la formaci\u00f3n. No se podr\u00e1n incluir los gastos de reparaci\u00f3n de instalaciones o equipos.<\/li>\n<\/ul>\n\n\n\n<p>Tambi\u00e9n se incluyen otros gastos no contemplados. La suma total de estos costes indirectos <strong>no podr\u00e1 superar<\/strong> el 10% del coste total.<\/p>\n\n\n\n<p>El centro o entidad que reciba la subvenci\u00f3n debe imputar los costes indirectos de manera razonable, siguiendo las normas y principios de contabilidad. S\u00f3lo se podr\u00e1n imputar por el periodo de ejecuci\u00f3n de la actividad.<\/p>\n\n\n\n<p>Es necesario que revises las bases de cada convocatoria, ya que pueden a\u00f1adir otros costes, t\u00e9rminos y condiciones para la realizaci\u00f3n, imputaci\u00f3n y justificaci\u00f3n de costes.<\/p>\n","protected":false},"excerpt":{"rendered":"<p>Cuando una entidad o centro de formaci\u00f3n solicita una subvenci\u00f3n para una acci\u00f3n formativa, luego le toca esperar por la confirmaci\u00f3n o rechazo de la concesi\u00f3n. En este art\u00edculo trataremos una serie de cuestiones, como por ejemplo: \u00bfde qu\u00e9 depende que se concedan los fondos? \u00bfCu\u00e1ndo se recibe la subvenci\u00f3n? \u00bfCu\u00e1les son los gastos susceptibles&#8230;<\/p>\n","protected":false},"author":2,"featured_media":1255,"comment_status":"open","ping_status":"open","sticky":false,"template":"","format":"standard","meta":{"_kad_post_transparent":"","_kad_post_title":"","_kad_post_layout":"","_kad_post_sidebar_id":"","_kad_post_content_style":"","_kad_post_vertical_padding":"","_kad_post_feature":"","_kad_post_feature_position":"","_kad_post_header":false,"_kad_post_footer":false,"footnotes":""},"categories":[182,179,178],"tags":[164,67,27,242],"class_list":["post-1076","post","type-post","status-publish","format-standard","has-post-thumbnail","hentry","category-actualidad","category-ayudas-a-la-formacion","category-gestion-de-la-formacion","tag-acciones-formativas","tag-docencia-de-formacion-para-el-empleo","tag-entidad-formadora","tag-subvencion"],"yoast_head":"<!-- This site is optimized with the Yoast SEO plugin v25.2 - https:\/\/yoast.com\/wordpress\/plugins\/seo\/ -->\n<title>Algunas cuestiones sobre la subvenci\u00f3n a acciones formativas - El Blog de WeKAb<\/title>\n<meta name=\"description\" content=\"Cuando una entidad o centro de formaci\u00f3n solicita una subvenci\u00f3n para una acci\u00f3n formativa, luego le toca esperar por la confirmaci\u00f3n o rechazo de la concesi\u00f3n. En este art\u00edculo trataremos una serie de cuestiones, como por ejemplo: \u00bfde qu\u00e9 depende que se concedan los fondos? \u00bfCu\u00e1ndo se recibe la subvenci\u00f3n? \u00bfCu\u00e1les son los gastos susceptibles de ser subvencionados?\" \/>\n<meta name=\"robots\" content=\"index, follow, max-snippet:-1, max-image-preview:large, max-video-preview:-1\" \/>\n<link rel=\"canonical\" href=\"https:\/\/wekab.com\/blog\/subvencion-entidad-formacion-acciones-formativas\/\" \/>\n<meta property=\"og:locale\" content=\"es_ES\" \/>\n<meta property=\"og:type\" content=\"article\" \/>\n<meta property=\"og:title\" content=\"Algunas cuestiones sobre la subvenci\u00f3n a acciones formativas - El Blog de WeKAb\" \/>\n<meta property=\"og:description\" content=\"Cuando una entidad o centro de formaci\u00f3n solicita una subvenci\u00f3n para una acci\u00f3n formativa, luego le toca esperar por la confirmaci\u00f3n o rechazo de la concesi\u00f3n. En este art\u00edculo trataremos una serie de cuestiones, como por ejemplo: \u00bfde qu\u00e9 depende que se concedan los fondos? \u00bfCu\u00e1ndo se recibe la subvenci\u00f3n? \u00bfCu\u00e1les son los gastos susceptibles de ser subvencionados?\" \/>\n<meta property=\"og:url\" content=\"https:\/\/wekab.com\/blog\/subvencion-entidad-formacion-acciones-formativas\/\" \/>\n<meta property=\"og:site_name\" content=\"El Blog de WeKAb\" \/>\n<meta property=\"article:publisher\" content=\"https:\/\/www.facebook.com\/WeKnowAbout\/\" \/>\n<meta property=\"article:author\" content=\"www.facebook.com\/weknowabout\" \/>\n<meta property=\"article:published_time\" content=\"2024-01-16T09:00:00+00:00\" \/>\n<meta property=\"og:image\" content=\"https:\/\/wekab.com\/blog\/wp-content\/uploads\/2023\/10\/Subvencion-acciones-formativas-3.jpg\" \/>\n\t<meta property=\"og:image:width\" content=\"1928\" \/>\n\t<meta property=\"og:image:height\" content=\"1080\" \/>\n\t<meta property=\"og:image:type\" content=\"image\/jpeg\" \/>\n<meta name=\"author\" content=\"WeKAb\" \/>\n<meta name=\"twitter:card\" content=\"summary_large_image\" \/>\n<meta name=\"twitter:creator\" content=\"@https:\/\/twitter.com\/WeKAb\" \/>\n<meta name=\"twitter:site\" content=\"@wekab\" \/>\n<meta name=\"twitter:label1\" content=\"Escrito por\" \/>\n\t<meta name=\"twitter:data1\" content=\"WeKAb\" \/>\n\t<meta name=\"twitter:label2\" content=\"Tiempo de lectura\" \/>\n\t<meta name=\"twitter:data2\" content=\"5 minutos\" \/>\n<script type=\"application\/ld+json\" class=\"yoast-schema-graph\">{\"@context\":\"https:\/\/schema.org\",\"@graph\":[{\"@type\":\"Article\",\"@id\":\"https:\/\/wekab.com\/blog\/subvencion-entidad-formacion-acciones-formativas\/#article\",\"isPartOf\":{\"@id\":\"https:\/\/wekab.com\/blog\/subvencion-entidad-formacion-acciones-formativas\/\"},\"author\":{\"name\":\"WeKAb\",\"@id\":\"https:\/\/wekab.com\/blog\/#\/schema\/person\/4549c377f58dfe2e7c89ee9fe7b524e2\"},\"headline\":\"Algunas cuestiones sobre la subvenci\u00f3n a acciones formativas\",\"datePublished\":\"2024-01-16T09:00:00+00:00\",\"mainEntityOfPage\":{\"@id\":\"https:\/\/wekab.com\/blog\/subvencion-entidad-formacion-acciones-formativas\/\"},\"wordCount\":1006,\"commentCount\":0,\"publisher\":{\"@id\":\"https:\/\/wekab.com\/blog\/#organization\"},\"image\":{\"@id\":\"https:\/\/wekab.com\/blog\/subvencion-entidad-formacion-acciones-formativas\/#primaryimage\"},\"thumbnailUrl\":\"https:\/\/wekab.com\/blog\/wp-content\/uploads\/2023\/10\/Subvencion-acciones-formativas-3.jpg\",\"keywords\":[\"acciones formativas\",\"docencia de formaci\u00f3n para el empleo\",\"entidad formadora\",\"subvenci\u00f3n\"],\"articleSection\":[\"Actualidad\",\"Ayudas a la formaci\u00f3n\",\"Gesti\u00f3n de la formaci\u00f3n\"],\"inLanguage\":\"es\",\"potentialAction\":[{\"@type\":\"CommentAction\",\"name\":\"Comment\",\"target\":[\"https:\/\/wekab.com\/blog\/subvencion-entidad-formacion-acciones-formativas\/#respond\"]}]},{\"@type\":\"WebPage\",\"@id\":\"https:\/\/wekab.com\/blog\/subvencion-entidad-formacion-acciones-formativas\/\",\"url\":\"https:\/\/wekab.com\/blog\/subvencion-entidad-formacion-acciones-formativas\/\",\"name\":\"Algunas cuestiones sobre la subvenci\u00f3n a acciones formativas - El Blog de WeKAb\",\"isPartOf\":{\"@id\":\"https:\/\/wekab.com\/blog\/#website\"},\"primaryImageOfPage\":{\"@id\":\"https:\/\/wekab.com\/blog\/subvencion-entidad-formacion-acciones-formativas\/#primaryimage\"},\"image\":{\"@id\":\"https:\/\/wekab.com\/blog\/subvencion-entidad-formacion-acciones-formativas\/#primaryimage\"},\"thumbnailUrl\":\"https:\/\/wekab.com\/blog\/wp-content\/uploads\/2023\/10\/Subvencion-acciones-formativas-3.jpg\",\"datePublished\":\"2024-01-16T09:00:00+00:00\",\"description\":\"Cuando una entidad o centro de formaci\u00f3n solicita una subvenci\u00f3n para una acci\u00f3n formativa, luego le toca esperar por la confirmaci\u00f3n o rechazo de la concesi\u00f3n. En este art\u00edculo trataremos una serie de cuestiones, como por ejemplo: \u00bfde qu\u00e9 depende que se concedan los fondos? \u00bfCu\u00e1ndo se recibe la subvenci\u00f3n? \u00bfCu\u00e1les son los gastos susceptibles de ser subvencionados?\",\"breadcrumb\":{\"@id\":\"https:\/\/wekab.com\/blog\/subvencion-entidad-formacion-acciones-formativas\/#breadcrumb\"},\"inLanguage\":\"es\",\"potentialAction\":[{\"@type\":\"ReadAction\",\"target\":[\"https:\/\/wekab.com\/blog\/subvencion-entidad-formacion-acciones-formativas\/\"]}]},{\"@type\":\"ImageObject\",\"inLanguage\":\"es\",\"@id\":\"https:\/\/wekab.com\/blog\/subvencion-entidad-formacion-acciones-formativas\/#primaryimage\",\"url\":\"https:\/\/wekab.com\/blog\/wp-content\/uploads\/2023\/10\/Subvencion-acciones-formativas-3.jpg\",\"contentUrl\":\"https:\/\/wekab.com\/blog\/wp-content\/uploads\/2023\/10\/Subvencion-acciones-formativas-3.jpg\",\"width\":1928,\"height\":1080,\"caption\":\"Sobre la subvenci\u00f3n a acciones formativas\"},{\"@type\":\"BreadcrumbList\",\"@id\":\"https:\/\/wekab.com\/blog\/subvencion-entidad-formacion-acciones-formativas\/#breadcrumb\",\"itemListElement\":[{\"@type\":\"ListItem\",\"position\":1,\"name\":\"Portada\",\"item\":\"https:\/\/wekab.com\/blog\/\"},{\"@type\":\"ListItem\",\"position\":2,\"name\":\"Gesti\u00f3n de la formaci\u00f3n\",\"item\":\"https:\/\/wekab.com\/blog\/category\/gestion-de-la-formacion\/\"},{\"@type\":\"ListItem\",\"position\":3,\"name\":\"Ayudas a la formaci\u00f3n\",\"item\":\"https:\/\/wekab.com\/blog\/category\/gestion-de-la-formacion\/ayudas-a-la-formacion\/\"},{\"@type\":\"ListItem\",\"position\":4,\"name\":\"Algunas cuestiones sobre la subvenci\u00f3n a acciones formativas\"}]},{\"@type\":\"WebSite\",\"@id\":\"https:\/\/wekab.com\/blog\/#website\",\"url\":\"https:\/\/wekab.com\/blog\/\",\"name\":\"El Blog de WeKAb\",\"description\":\"Trabajo para formadores\",\"publisher\":{\"@id\":\"https:\/\/wekab.com\/blog\/#organization\"},\"potentialAction\":[{\"@type\":\"SearchAction\",\"target\":{\"@type\":\"EntryPoint\",\"urlTemplate\":\"https:\/\/wekab.com\/blog\/?s={search_term_string}\"},\"query-input\":{\"@type\":\"PropertyValueSpecification\",\"valueRequired\":true,\"valueName\":\"search_term_string\"}}],\"inLanguage\":\"es\"},{\"@type\":\"Organization\",\"@id\":\"https:\/\/wekab.com\/blog\/#organization\",\"name\":\"WeKAb\",\"url\":\"https:\/\/wekab.com\/blog\/\",\"logo\":{\"@type\":\"ImageObject\",\"inLanguage\":\"es\",\"@id\":\"https:\/\/wekab.com\/blog\/#\/schema\/logo\/image\/\",\"url\":\"https:\/\/wekab.com\/blog\/wp-content\/uploads\/2015\/04\/logo_0003_ConectConocimiento_white_320__120.png\",\"contentUrl\":\"https:\/\/wekab.com\/blog\/wp-content\/uploads\/2015\/04\/logo_0003_ConectConocimiento_white_320__120.png\",\"width\":320,\"height\":120,\"caption\":\"WeKAb\"},\"image\":{\"@id\":\"https:\/\/wekab.com\/blog\/#\/schema\/logo\/image\/\"},\"sameAs\":[\"https:\/\/www.facebook.com\/WeKnowAbout\/\",\"https:\/\/x.com\/wekab\",\"https:\/\/www.linkedin.com\/company\/wekab\",\"https:\/\/www.youtube.com\/user\/WeKnowAbout\"]},{\"@type\":\"Person\",\"@id\":\"https:\/\/wekab.com\/blog\/#\/schema\/person\/4549c377f58dfe2e7c89ee9fe7b524e2\",\"name\":\"WeKAb\",\"image\":{\"@type\":\"ImageObject\",\"inLanguage\":\"es\",\"@id\":\"https:\/\/wekab.com\/blog\/#\/schema\/person\/image\/\",\"url\":\"https:\/\/secure.gravatar.com\/avatar\/1683069b8479db2ab50e72c0866b4ae05544a7061daba4f941ae697f8925a319?s=96&d=mm&r=g\",\"contentUrl\":\"https:\/\/secure.gravatar.com\/avatar\/1683069b8479db2ab50e72c0866b4ae05544a7061daba4f941ae697f8925a319?s=96&d=mm&r=g\",\"caption\":\"WeKAb\"},\"sameAs\":[\"http:\/\/www.wekab.com\",\"www.facebook.com\/weknowabout\",\"https:\/\/www.linkedin.com\/company\/wekab\",\"https:\/\/x.com\/https:\/\/twitter.com\/WeKAb\",\"https:\/\/www.youtube.com\/user\/WeKnowAbout\"],\"url\":\"https:\/\/wekab.com\/blog\/author\/wekab\/\"}]}<\/script>\n<!-- \/ Yoast SEO plugin. -->","yoast_head_json":{"title":"Algunas cuestiones sobre la subvenci\u00f3n a acciones formativas - El Blog de WeKAb","description":"Cuando una entidad o centro de formaci\u00f3n solicita una subvenci\u00f3n para una acci\u00f3n formativa, luego le toca esperar por la confirmaci\u00f3n o rechazo de la concesi\u00f3n. En este art\u00edculo trataremos una serie de cuestiones, como por ejemplo: \u00bfde qu\u00e9 depende que se concedan los fondos? \u00bfCu\u00e1ndo se recibe la subvenci\u00f3n? \u00bfCu\u00e1les son los gastos susceptibles de ser subvencionados?","robots":{"index":"index","follow":"follow","max-snippet":"max-snippet:-1","max-image-preview":"max-image-preview:large","max-video-preview":"max-video-preview:-1"},"canonical":"https:\/\/wekab.com\/blog\/subvencion-entidad-formacion-acciones-formativas\/","og_locale":"es_ES","og_type":"article","og_title":"Algunas cuestiones sobre la subvenci\u00f3n a acciones formativas - El Blog de WeKAb","og_description":"Cuando una entidad o centro de formaci\u00f3n solicita una subvenci\u00f3n para una acci\u00f3n formativa, luego le toca esperar por la confirmaci\u00f3n o rechazo de la concesi\u00f3n. En este art\u00edculo trataremos una serie de cuestiones, como por ejemplo: \u00bfde qu\u00e9 depende que se concedan los fondos? \u00bfCu\u00e1ndo se recibe la subvenci\u00f3n? \u00bfCu\u00e1les son los gastos susceptibles de ser subvencionados?","og_url":"https:\/\/wekab.com\/blog\/subvencion-entidad-formacion-acciones-formativas\/","og_site_name":"El Blog de WeKAb","article_publisher":"https:\/\/www.facebook.com\/WeKnowAbout\/","article_author":"www.facebook.com\/weknowabout","article_published_time":"2024-01-16T09:00:00+00:00","og_image":[{"width":1928,"height":1080,"url":"https:\/\/wekab.com\/blog\/wp-content\/uploads\/2023\/10\/Subvencion-acciones-formativas-3.jpg","type":"image\/jpeg"}],"author":"WeKAb","twitter_card":"summary_large_image","twitter_creator":"@https:\/\/twitter.com\/WeKAb","twitter_site":"@wekab","twitter_misc":{"Escrito por":"WeKAb","Tiempo de lectura":"5 minutos"},"schema":{"@context":"https:\/\/schema.org","@graph":[{"@type":"Article","@id":"https:\/\/wekab.com\/blog\/subvencion-entidad-formacion-acciones-formativas\/#article","isPartOf":{"@id":"https:\/\/wekab.com\/blog\/subvencion-entidad-formacion-acciones-formativas\/"},"author":{"name":"WeKAb","@id":"https:\/\/wekab.com\/blog\/#\/schema\/person\/4549c377f58dfe2e7c89ee9fe7b524e2"},"headline":"Algunas cuestiones sobre la subvenci\u00f3n a acciones formativas","datePublished":"2024-01-16T09:00:00+00:00","mainEntityOfPage":{"@id":"https:\/\/wekab.com\/blog\/subvencion-entidad-formacion-acciones-formativas\/"},"wordCount":1006,"commentCount":0,"publisher":{"@id":"https:\/\/wekab.com\/blog\/#organization"},"image":{"@id":"https:\/\/wekab.com\/blog\/subvencion-entidad-formacion-acciones-formativas\/#primaryimage"},"thumbnailUrl":"https:\/\/wekab.com\/blog\/wp-content\/uploads\/2023\/10\/Subvencion-acciones-formativas-3.jpg","keywords":["acciones formativas","docencia de formaci\u00f3n para el empleo","entidad formadora","subvenci\u00f3n"],"articleSection":["Actualidad","Ayudas a la formaci\u00f3n","Gesti\u00f3n de la formaci\u00f3n"],"inLanguage":"es","potentialAction":[{"@type":"CommentAction","name":"Comment","target":["https:\/\/wekab.com\/blog\/subvencion-entidad-formacion-acciones-formativas\/#respond"]}]},{"@type":"WebPage","@id":"https:\/\/wekab.com\/blog\/subvencion-entidad-formacion-acciones-formativas\/","url":"https:\/\/wekab.com\/blog\/subvencion-entidad-formacion-acciones-formativas\/","name":"Algunas cuestiones sobre la subvenci\u00f3n a acciones formativas - El Blog de WeKAb","isPartOf":{"@id":"https:\/\/wekab.com\/blog\/#website"},"primaryImageOfPage":{"@id":"https:\/\/wekab.com\/blog\/subvencion-entidad-formacion-acciones-formativas\/#primaryimage"},"image":{"@id":"https:\/\/wekab.com\/blog\/subvencion-entidad-formacion-acciones-formativas\/#primaryimage"},"thumbnailUrl":"https:\/\/wekab.com\/blog\/wp-content\/uploads\/2023\/10\/Subvencion-acciones-formativas-3.jpg","datePublished":"2024-01-16T09:00:00+00:00","description":"Cuando una entidad o centro de formaci\u00f3n solicita una subvenci\u00f3n para una acci\u00f3n formativa, luego le toca esperar por la confirmaci\u00f3n o rechazo de la concesi\u00f3n. En este art\u00edculo trataremos una serie de cuestiones, como por ejemplo: \u00bfde qu\u00e9 depende que se concedan los fondos? \u00bfCu\u00e1ndo se recibe la subvenci\u00f3n? \u00bfCu\u00e1les son los gastos susceptibles de ser subvencionados?","breadcrumb":{"@id":"https:\/\/wekab.com\/blog\/subvencion-entidad-formacion-acciones-formativas\/#breadcrumb"},"inLanguage":"es","potentialAction":[{"@type":"ReadAction","target":["https:\/\/wekab.com\/blog\/subvencion-entidad-formacion-acciones-formativas\/"]}]},{"@type":"ImageObject","inLanguage":"es","@id":"https:\/\/wekab.com\/blog\/subvencion-entidad-formacion-acciones-formativas\/#primaryimage","url":"https:\/\/wekab.com\/blog\/wp-content\/uploads\/2023\/10\/Subvencion-acciones-formativas-3.jpg","contentUrl":"https:\/\/wekab.com\/blog\/wp-content\/uploads\/2023\/10\/Subvencion-acciones-formativas-3.jpg","width":1928,"height":1080,"caption":"Sobre la subvenci\u00f3n a acciones formativas"},{"@type":"BreadcrumbList","@id":"https:\/\/wekab.com\/blog\/subvencion-entidad-formacion-acciones-formativas\/#breadcrumb","itemListElement":[{"@type":"ListItem","position":1,"name":"Portada","item":"https:\/\/wekab.com\/blog\/"},{"@type":"ListItem","position":2,"name":"Gesti\u00f3n de la formaci\u00f3n","item":"https:\/\/wekab.com\/blog\/category\/gestion-de-la-formacion\/"},{"@type":"ListItem","position":3,"name":"Ayudas a la formaci\u00f3n","item":"https:\/\/wekab.com\/blog\/category\/gestion-de-la-formacion\/ayudas-a-la-formacion\/"},{"@type":"ListItem","position":4,"name":"Algunas cuestiones sobre la subvenci\u00f3n a acciones formativas"}]},{"@type":"WebSite","@id":"https:\/\/wekab.com\/blog\/#website","url":"https:\/\/wekab.com\/blog\/","name":"El Blog de WeKAb","description":"Trabajo para formadores","publisher":{"@id":"https:\/\/wekab.com\/blog\/#organization"},"potentialAction":[{"@type":"SearchAction","target":{"@type":"EntryPoint","urlTemplate":"https:\/\/wekab.com\/blog\/?s={search_term_string}"},"query-input":{"@type":"PropertyValueSpecification","valueRequired":true,"valueName":"search_term_string"}}],"inLanguage":"es"},{"@type":"Organization","@id":"https:\/\/wekab.com\/blog\/#organization","name":"WeKAb","url":"https:\/\/wekab.com\/blog\/","logo":{"@type":"ImageObject","inLanguage":"es","@id":"https:\/\/wekab.com\/blog\/#\/schema\/logo\/image\/","url":"https:\/\/wekab.com\/blog\/wp-content\/uploads\/2015\/04\/logo_0003_ConectConocimiento_white_320__120.png","contentUrl":"https:\/\/wekab.com\/blog\/wp-content\/uploads\/2015\/04\/logo_0003_ConectConocimiento_white_320__120.png","width":320,"height":120,"caption":"WeKAb"},"image":{"@id":"https:\/\/wekab.com\/blog\/#\/schema\/logo\/image\/"},"sameAs":["https:\/\/www.facebook.com\/WeKnowAbout\/","https:\/\/x.com\/wekab","https:\/\/www.linkedin.com\/company\/wekab","https:\/\/www.youtube.com\/user\/WeKnowAbout"]},{"@type":"Person","@id":"https:\/\/wekab.com\/blog\/#\/schema\/person\/4549c377f58dfe2e7c89ee9fe7b524e2","name":"WeKAb","image":{"@type":"ImageObject","inLanguage":"es","@id":"https:\/\/wekab.com\/blog\/#\/schema\/person\/image\/","url":"https:\/\/secure.gravatar.com\/avatar\/1683069b8479db2ab50e72c0866b4ae05544a7061daba4f941ae697f8925a319?s=96&d=mm&r=g","contentUrl":"https:\/\/secure.gravatar.com\/avatar\/1683069b8479db2ab50e72c0866b4ae05544a7061daba4f941ae697f8925a319?s=96&d=mm&r=g","caption":"WeKAb"},"sameAs":["http:\/\/www.wekab.com","www.facebook.com\/weknowabout","https:\/\/www.linkedin.com\/company\/wekab","https:\/\/x.com\/https:\/\/twitter.com\/WeKAb","https:\/\/www.youtube.com\/user\/WeKnowAbout"],"url":"https:\/\/wekab.com\/blog\/author\/wekab\/"}]}},"_links":{"self":[{"href":"https:\/\/wekab.com\/blog\/wp-json\/wp\/v2\/posts\/1076","targetHints":{"allow":["GET"]}}],"collection":[{"href":"https:\/\/wekab.com\/blog\/wp-json\/wp\/v2\/posts"}],"about":[{"href":"https:\/\/wekab.com\/blog\/wp-json\/wp\/v2\/types\/post"}],"author":[{"embeddable":true,"href":"https:\/\/wekab.com\/blog\/wp-json\/wp\/v2\/users\/2"}],"replies":[{"embeddable":true,"href":"https:\/\/wekab.com\/blog\/wp-json\/wp\/v2\/comments?post=1076"}],"version-history":[{"count":0,"href":"https:\/\/wekab.com\/blog\/wp-json\/wp\/v2\/posts\/1076\/revisions"}],"wp:featuredmedia":[{"embeddable":true,"href":"https:\/\/wekab.com\/blog\/wp-json\/wp\/v2\/media\/1255"}],"wp:attachment":[{"href":"https:\/\/wekab.com\/blog\/wp-json\/wp\/v2\/media?parent=1076"}],"wp:term":[{"taxonomy":"category","embeddable":true,"href":"https:\/\/wekab.com\/blog\/wp-json\/wp\/v2\/categories?post=1076"},{"taxonomy":"post_tag","embeddable":true,"href":"https:\/\/wekab.com\/blog\/wp-json\/wp\/v2\/tags?post=1076"}],"curies":[{"name":"wp","href":"https:\/\/api.w.org\/{rel}","templated":true}]}}