{"id":1080,"date":"2023-12-12T10:00:00","date_gmt":"2023-12-12T09:00:00","guid":{"rendered":"http:\/\/wekab.vl24616.dinaserver.com\/blog\/?p=1080"},"modified":"2023-10-25T11:13:11","modified_gmt":"2023-10-25T10:13:11","slug":"entidad-formacion-justificar-subvencion-accion-formativa","status":"publish","type":"post","link":"https:\/\/wekab.com\/blog\/entidad-formacion-justificar-subvencion-accion-formativa\/","title":{"rendered":"C\u00f3mo justificar la subvenci\u00f3n de acciones formativas"},"content":{"rendered":"\n<p>La financiaci\u00f3n es un aspecto cr\u00edtico para las entidades de formaci\u00f3n que desean ofrecer programas educativos de calidad y accesibles para sus estudiantes. En muchos casos, estas entidades pueden recibir subvenciones y ayudas econ\u00f3micas por parte de diferentes instituciones o entidades gubernamentales para respaldar sus acciones formativas. Sin embargo, recibir estos fondos conlleva una importante responsabilidad: la de justificar adecuadamente c\u00f3mo se utilizan esos recursos.<\/p>\n\n\n\n<p>En este art\u00edculo exploraremos c\u00f3mo las entidades de formaci\u00f3n deben llevar a cabo la justificaci\u00f3n de las subvenciones que reciben para financiar sus acciones formativas, entre otras cuestiones relacionadas. Si tu entidad se beneficia de subvenciones a acciones formativas, este art\u00edculo te proporcionar\u00e1 las claves para cumplir con los requisitos y mantener una gesti\u00f3n financiera s\u00f3lida en el \u00e1mbito de la formaci\u00f3n.<\/p>\n\n\n\n<div id=\"ez-toc-container\" class=\"ez-toc-v2_0_74 counter-hierarchy ez-toc-counter ez-toc-custom ez-toc-container-direction\">\n<div class=\"ez-toc-title-container\">\n<p class=\"ez-toc-title\" style=\"cursor:inherit\">Tabla de contenidos<\/p>\n<span class=\"ez-toc-title-toggle\"><a href=\"#\" class=\"ez-toc-pull-right ez-toc-btn ez-toc-btn-xs ez-toc-btn-default ez-toc-toggle\" aria-label=\"Alternar tabla de contenidos\"><span class=\"ez-toc-js-icon-con\"><span class=\"\"><span class=\"eztoc-hide\" style=\"display:none;\">Toggle<\/span><span class=\"ez-toc-icon-toggle-span\"><svg style=\"fill: #999;color:#999\" xmlns=\"http:\/\/www.w3.org\/2000\/svg\" class=\"list-377408\" width=\"20px\" height=\"20px\" viewBox=\"0 0 24 24\" fill=\"none\"><path d=\"M6 6H4v2h2V6zm14 0H8v2h12V6zM4 11h2v2H4v-2zm16 0H8v2h12v-2zM4 16h2v2H4v-2zm16 0H8v2h12v-2z\" fill=\"currentColor\"><\/path><\/svg><svg style=\"fill: #999;color:#999\" class=\"arrow-unsorted-368013\" xmlns=\"http:\/\/www.w3.org\/2000\/svg\" width=\"10px\" height=\"10px\" viewBox=\"0 0 24 24\" version=\"1.2\" baseProfile=\"tiny\"><path d=\"M18.2 9.3l-6.2-6.3-6.2 6.3c-.2.2-.3.4-.3.7s.1.5.3.7c.2.2.4.3.7.3h11c.3 0 .5-.1.7-.3.2-.2.3-.5.3-.7s-.1-.5-.3-.7zM5.8 14.7l6.2 6.3 6.2-6.3c.2-.2.3-.5.3-.7s-.1-.5-.3-.7c-.2-.2-.4-.3-.7-.3h-11c-.3 0-.5.1-.7.3-.2.2-.3.5-.3.7s.1.5.3.7z\"\/><\/svg><\/span><\/span><\/span><\/a><\/span><\/div>\n<nav><ul class='ez-toc-list ez-toc-list-level-1 eztoc-toggle-hide-by-default' ><li class='ez-toc-page-1 ez-toc-heading-level-2'><a class=\"ez-toc-link ez-toc-heading-1\" href=\"https:\/\/wekab.com\/blog\/entidad-formacion-justificar-subvencion-accion-formativa\/#%C2%BFCuales_son_los_organos_competentes_para_la_concesion_de_subvenciones\" >\u00bfCu\u00e1les son los \u00f3rganos competentes para la concesi\u00f3n de subvenciones?<\/a><\/li><li class='ez-toc-page-1 ez-toc-heading-level-2'><a class=\"ez-toc-link ez-toc-heading-2\" href=\"https:\/\/wekab.com\/blog\/entidad-formacion-justificar-subvencion-accion-formativa\/#%C2%BFQue_documentacion_debo_aportar_si_opto_por_presentar_mediante_cuenta_justificativa\" >\u00bfQu\u00e9 documentaci\u00f3n debo aportar si opto por presentar mediante cuenta justificativa?<\/a><\/li><li class='ez-toc-page-1 ez-toc-heading-level-2'><a class=\"ez-toc-link ez-toc-heading-3\" href=\"https:\/\/wekab.com\/blog\/entidad-formacion-justificar-subvencion-accion-formativa\/#%C2%BFCual_es_el_plazo_maximo_para_presentar_la_documentacion\" >\u00bfCu\u00e1l es el plazo m\u00e1ximo para presentar la documentaci\u00f3n?<\/a><\/li><li class='ez-toc-page-1 ez-toc-heading-level-2'><a class=\"ez-toc-link ez-toc-heading-4\" href=\"https:\/\/wekab.com\/blog\/entidad-formacion-justificar-subvencion-accion-formativa\/#%C2%BFQue_pasa_si_no_he_presentado_la_documentacion_dentro_de_plazo\" >\u00bfQu\u00e9 pasa si no he presentado la documentaci\u00f3n dentro de plazo?<\/a><\/li><li class='ez-toc-page-1 ez-toc-heading-level-2'><a class=\"ez-toc-link ez-toc-heading-5\" href=\"https:\/\/wekab.com\/blog\/entidad-formacion-justificar-subvencion-accion-formativa\/#%C2%BFCuanto_tiempo_tengo_que_conservar_la_documentacion\" >\u00bfCu\u00e1nto tiempo tengo que conservar la documentaci\u00f3n?<\/a><\/li><li class='ez-toc-page-1 ez-toc-heading-level-2'><a class=\"ez-toc-link ez-toc-heading-6\" href=\"https:\/\/wekab.com\/blog\/entidad-formacion-justificar-subvencion-accion-formativa\/#%C2%BFQue_pasa_si_mi_centroentidad_de_formacion_suspende_su_actividad_o_se_disuelve_antes_de_esos_4_anos\" >\u00bfQu\u00e9 pasa si mi centro\/entidad de formaci\u00f3n suspende su actividad o se disuelve antes de esos 4 a\u00f1os?<\/a><\/li><li class='ez-toc-page-1 ez-toc-heading-level-2'><a class=\"ez-toc-link ez-toc-heading-7\" href=\"https:\/\/wekab.com\/blog\/entidad-formacion-justificar-subvencion-accion-formativa\/#%C2%BFQue_pasa_si_la_subvencion_procede_de_fondos_europeos_o_supranacionales\" >\u00bfQu\u00e9 pasa si la subvenci\u00f3n procede de fondos europeos o supranacionales?<\/a><\/li><li class='ez-toc-page-1 ez-toc-heading-level-2'><a class=\"ez-toc-link ez-toc-heading-8\" href=\"https:\/\/wekab.com\/blog\/entidad-formacion-justificar-subvencion-accion-formativa\/#%C2%BFSe_puede_justificar_la_subvencion_a_traves_de_los_modulos_especificos\" >\u00bfSe puede justificar la subvenci\u00f3n a trav\u00e9s de los m\u00f3dulos espec\u00edficos?<\/a><\/li><li class='ez-toc-page-1 ez-toc-heading-level-2'><a class=\"ez-toc-link ez-toc-heading-9\" href=\"https:\/\/wekab.com\/blog\/entidad-formacion-justificar-subvencion-accion-formativa\/#%C2%BFComo_justificar_la_subvencion_si_hay_bajas_en_el_alumnado\" >\u00bfC\u00f3mo justificar la subvenci\u00f3n si hay bajas en el alumnado?<\/a><\/li><li class='ez-toc-page-1 ez-toc-heading-level-2'><a class=\"ez-toc-link ez-toc-heading-10\" href=\"https:\/\/wekab.com\/blog\/entidad-formacion-justificar-subvencion-accion-formativa\/#%C2%BFComo_se_comprueba_la_documentacion_justificativa_que_yo_presente\" >\u00bfC\u00f3mo se comprueba la documentaci\u00f3n justificativa que yo presente?<\/a><\/li><\/ul><\/nav><\/div>\n<h2 class=\"wp-block-heading\"><span class=\"ez-toc-section\" id=\"%C2%BFCuales_son_los_organos_competentes_para_la_concesion_de_subvenciones\"><\/span><strong>\u00bfCu\u00e1les son los \u00f3rganos competentes para la concesi\u00f3n de subvenciones?<\/strong><span class=\"ez-toc-section-end\"><\/span><\/h2>\n\n\n\n<p>La Secretar\u00eda General de Formaci\u00f3n Profesional. Por su parte, la Subdirecci\u00f3n General de Planificaci\u00f3n y Gesti\u00f3n de la Formaci\u00f3n Profesional ser\u00e1 el \u00f3rgano instructor. Adem\u00e1s, ambos \u00f3rganos gestionar\u00e1n y abonar\u00e1n becas y ayudas.<\/p>\n\n\n\n<h2 class=\"wp-block-heading\"><span class=\"ez-toc-section\" id=\"%C2%BFQue_documentacion_debo_aportar_si_opto_por_presentar_mediante_cuenta_justificativa\"><\/span><strong>\u00bfQu\u00e9 documentaci\u00f3n debo aportar si opto por presentar mediante cuenta justificativa?<\/strong><span class=\"ez-toc-section-end\"><\/span><\/h2>\n\n\n\n<ul class=\"wp-block-list\">\n<li>Justificar la realizaci\u00f3n de la actividad formativa subvencionada, de la que se haya comunicado su inicio en el momento oportuno, as\u00ed como los gastos generados, costes subvencionables y criterios de imputaci\u00f3n.<\/li>\n\n\n\n<li>Cuenta justificativa con la estructura y alcance. Las convocatorias podr\u00e1n establecer el m\u00e9todo con arreglo al cual el \u00f3rgano concedente de la subvenci\u00f3n llevar\u00e1 a cabo la comprobaci\u00f3n de la justificaci\u00f3n documental de la subvenci\u00f3n.<\/li>\n\n\n\n<li>Acreditaci\u00f3n de haber ingresado el importe correspondiente a la diferencia entre la cantidad justificada y la recibida, en concepto de anticipo.<\/li>\n\n\n\n<li>Acreditar el importe, procedencia y aplicaci\u00f3n de los fondos a las actividades subvencionadas, cuando hayan sido cofinanciadas con fondos propios u otras subvenciones o recursos.<\/li>\n<\/ul>\n\n\n\n<h2 class=\"wp-block-heading\"><span class=\"ez-toc-section\" id=\"%C2%BFCual_es_el_plazo_maximo_para_presentar_la_documentacion\"><\/span><strong>\u00bfCu\u00e1l es el plazo m\u00e1ximo para presentar la documentaci\u00f3n?<\/strong><span class=\"ez-toc-section-end\"><\/span><\/h2>\n\n\n\n<p>Tres meses, aunque la convocatoria puede aumentar o acortarlo. La Administraci\u00f3n competente tambi\u00e9n puede incrementar el plazo.<\/p>\n\n\n\n<h2 class=\"wp-block-heading\"><span class=\"ez-toc-section\" id=\"%C2%BFQue_pasa_si_no_he_presentado_la_documentacion_dentro_de_plazo\"><\/span><strong>\u00bfQu\u00e9 pasa si no he presentado la documentaci\u00f3n dentro de plazo?<\/strong><span class=\"ez-toc-section-end\"><\/span><\/h2>\n\n\n\n<p>Tendr\u00e1s que presentarla en un plazo improrrogable de 15 d\u00edas. De no cumplirlo, perder\u00e1s el derecho a cobrar la subvenci\u00f3n o tendr\u00e1s que reintegrarla (mira <a href=\"http:\/\/wekab.vl24616.dinaserver.com\/blog\/infracciones-centros-de-formacion\/\">este art\u00edculo sobre las infracciones<\/a>).<\/p>\n\n\n\n<p>Adem\u00e1s, en las convocatorias se podr\u00e1 prever que si la documentaci\u00f3n presentada resulta insuficiente, la administraci\u00f3n te podr\u00e1 avisar de las insuficiencias observadas para que las subsanes en 10 d\u00edas.<\/p>\n\n\n\n<h2 class=\"wp-block-heading\"><span class=\"ez-toc-section\" id=\"%C2%BFCuanto_tiempo_tengo_que_conservar_la_documentacion\"><\/span><strong>\u00bfCu\u00e1nto tiempo tengo que conservar la documentaci\u00f3n?<\/strong><span class=\"ez-toc-section-end\"><\/span><\/h2>\n\n\n\n<p>Debido a las actuaciones de comprobaci\u00f3n y control, debes conservar durante 4 a\u00f1os los justificantes de la realizaci\u00f3n de la actividad subvencionada y de la aplicaci\u00f3n de los fondos recibidos.<\/p>\n\n\n\n<h2 class=\"wp-block-heading\"><span class=\"ez-toc-section\" id=\"%C2%BFQue_pasa_si_mi_centroentidad_de_formacion_suspende_su_actividad_o_se_disuelve_antes_de_esos_4_anos\"><\/span><strong>\u00bfQu\u00e9 pasa si mi centro\/entidad de formaci\u00f3n suspende su actividad o se disuelve antes de esos 4 a\u00f1os?<\/strong><span class=\"ez-toc-section-end\"><\/span><\/h2>\n\n\n\n<p>En este caso tendr\u00e1s que remitir una copia de la documentaci\u00f3n al \u00f3rgano competente. No tendr\u00e1s que presentar la documentaci\u00f3n justificativa de la subvenci\u00f3n.<\/p>\n\n\n\n<h2 class=\"wp-block-heading\"><span class=\"ez-toc-section\" id=\"%C2%BFQue_pasa_si_la_subvencion_procede_de_fondos_europeos_o_supranacionales\"><\/span><strong>\u00bfQu\u00e9 pasa si la subvenci\u00f3n procede de fondos europeos o supranacionales?<\/strong><span class=\"ez-toc-section-end\"><\/span><\/h2>\n\n\n\n<p>En este caso, las administraciones implicadas aplicar\u00e1n la normativa comunitaria o supranacional y espa\u00f1ola correspondiente.<\/p>\n\n\n\n<h2 class=\"wp-block-heading\"><span class=\"ez-toc-section\" id=\"%C2%BFSe_puede_justificar_la_subvencion_a_traves_de_los_modulos_especificos\"><\/span><strong>\u00bfSe puede justificar la subvenci\u00f3n a trav\u00e9s de los m\u00f3dulos espec\u00edficos?<\/strong><span class=\"ez-toc-section-end\"><\/span><\/h2>\n\n\n\n<p>S\u00ed, cuando la Administraci\u00f3n y la convocatoria correspondiente los hayan fijado. En este caso, tendr\u00e1s 2 meses para presentar esta documentaci\u00f3n:<\/p>\n\n\n\n<ul class=\"wp-block-list\">\n<li>Memoria de actuaci\u00f3n justificativa del cumplimiento de las condiciones para la concesi\u00f3n de la subvenci\u00f3n, indicando las actividades realizadas y los resultados obtenidos.<\/li>\n\n\n\n<li>Memoria econ\u00f3mica justificativa con: (1) acreditaci\u00f3n del n\u00ba de unidades f\u00edsicas consideradas como m\u00f3dulo, (2) cuant\u00eda global de la subvenci\u00f3n justificada, (3) detalle de otros ingresos o subvenciones que hayan financiado la actividad subvencionada, indicando el importe y su procedencia.<\/li>\n<\/ul>\n\n\n\n<p>No har\u00e1 falta presentar libros, registros y documentos de trascendencia contable o mercantil o cualquier otra documentaci\u00f3n justificativa de los gastos realizados. A\u00fan as\u00ed, debes conservar toda la documentaci\u00f3n acreditativa para las actuaciones de comprobaci\u00f3n y control.<\/p>\n\n\n\n<h2 class=\"wp-block-heading\"><span class=\"ez-toc-section\" id=\"%C2%BFComo_justificar_la_subvencion_si_hay_bajas_en_el_alumnado\"><\/span><strong>\u00bfC\u00f3mo justificar la subvenci\u00f3n si hay bajas en el alumnado?<\/strong><span class=\"ez-toc-section-end\"><\/span><\/h2>\n\n\n\n<p>Si son bajas del alumnado desempleado, \u00e9stas podr\u00e1n computar como formaci\u00f3n finalizada en los siguientes casos:&nbsp;<\/p>\n\n\n\n<ul class=\"wp-block-list\">\n<li>Abandono por haber encontrado empleo.<\/li>\n\n\n\n<li>Enfermedad o accidente acreditado.<\/li>\n<\/ul>\n\n\n\n<p>En ambos casos deben haber superado el porcentaje determinado por la Administraci\u00f3n. Si \u00e9ste no se ha establecido, ser\u00e1 del 25% de la actividad formativa.<\/p>\n\n\n\n<h2 class=\"wp-block-heading\"><span class=\"ez-toc-section\" id=\"%C2%BFComo_se_comprueba_la_documentacion_justificativa_que_yo_presente\"><\/span><strong>\u00bfC\u00f3mo se comprueba la documentaci\u00f3n justificativa que yo presente?<\/strong><span class=\"ez-toc-section-end\"><\/span><\/h2>\n\n\n\n<p>Depende de la convocatoria, que establecer\u00e1 el \u00f3rgano que realizar\u00e1 la comprobaci\u00f3n t\u00e9cnico-econ\u00f3mica.<\/p>\n\n\n\n<p>Si se determina que el coste de la formaci\u00f3n ha sido inferior a la subvenci\u00f3n, o que se han incumplido los requisitos, se te comunicar\u00e1 (junto a los resultados de la comprobaci\u00f3n t\u00e9cnico-econ\u00f3mica). Despu\u00e9s, se declarar\u00e1 la p\u00e9rdida del derecho al cobro de la subvenci\u00f3n y\/o del reintegro (total o parcial) de la subvenci\u00f3n.<\/p>\n","protected":false},"excerpt":{"rendered":"<p>La financiaci\u00f3n es un aspecto cr\u00edtico para las entidades de formaci\u00f3n que desean ofrecer programas educativos de calidad y accesibles para sus estudiantes. En muchos casos, estas entidades pueden recibir subvenciones y ayudas econ\u00f3micas por parte de diferentes instituciones o entidades gubernamentales para respaldar sus acciones formativas. Sin embargo, recibir estos fondos conlleva una importante&#8230;<\/p>\n","protected":false},"author":2,"featured_media":1257,"comment_status":"open","ping_status":"open","sticky":false,"template":"","format":"standard","meta":{"_kad_post_transparent":"","_kad_post_title":"","_kad_post_layout":"","_kad_post_sidebar_id":"","_kad_post_content_style":"","_kad_post_vertical_padding":"","_kad_post_feature":"","_kad_post_feature_position":"","_kad_post_header":false,"_kad_post_footer":false,"footnotes":""},"categories":[182,179,166,178],"tags":[67,31],"class_list":["post-1080","post","type-post","status-publish","format-standard","has-post-thumbnail","hentry","category-actualidad","category-ayudas-a-la-formacion","category-espacios-para-la-formacion","category-gestion-de-la-formacion","tag-docencia-de-formacion-para-el-empleo","tag-formacion"],"yoast_head":"<!-- This site is optimized with the Yoast SEO plugin v25.2 - https:\/\/yoast.com\/wordpress\/plugins\/seo\/ -->\n<title>C\u00f3mo justificar la subvenci\u00f3n de acciones formativas - El Blog de WeKAb<\/title>\n<meta name=\"description\" content=\"En este art\u00edculo exploraremos c\u00f3mo las entidades de formaci\u00f3n deben llevar a cabo la justificaci\u00f3n de las subvenciones que reciben para financiar sus acciones formativas, entre otras cuestiones relacionadas. Si tu entidad se beneficia de subvenciones a acciones formativas, este art\u00edculo te proporcionar\u00e1 las claves para cumplir con los requisitos y mantener una gesti\u00f3n financiera s\u00f3lida en el \u00e1mbito de la formaci\u00f3n.\" \/>\n<meta name=\"robots\" content=\"index, follow, max-snippet:-1, max-image-preview:large, max-video-preview:-1\" \/>\n<link rel=\"canonical\" href=\"https:\/\/wekab.com\/blog\/entidad-formacion-justificar-subvencion-accion-formativa\/\" \/>\n<meta property=\"og:locale\" content=\"es_ES\" \/>\n<meta property=\"og:type\" content=\"article\" \/>\n<meta property=\"og:title\" content=\"C\u00f3mo justificar la subvenci\u00f3n de acciones formativas - El Blog de WeKAb\" \/>\n<meta property=\"og:description\" content=\"En este art\u00edculo exploraremos c\u00f3mo las entidades de formaci\u00f3n deben llevar a cabo la justificaci\u00f3n de las subvenciones que reciben para financiar sus acciones formativas, entre otras cuestiones relacionadas. Si tu entidad se beneficia de subvenciones a acciones formativas, este art\u00edculo te proporcionar\u00e1 las claves para cumplir con los requisitos y mantener una gesti\u00f3n financiera s\u00f3lida en el \u00e1mbito de la formaci\u00f3n.\" \/>\n<meta property=\"og:url\" content=\"https:\/\/wekab.com\/blog\/entidad-formacion-justificar-subvencion-accion-formativa\/\" \/>\n<meta property=\"og:site_name\" content=\"El Blog de WeKAb\" \/>\n<meta property=\"article:publisher\" content=\"https:\/\/www.facebook.com\/WeKnowAbout\/\" \/>\n<meta property=\"article:author\" content=\"www.facebook.com\/weknowabout\" \/>\n<meta property=\"article:published_time\" content=\"2023-12-12T09:00:00+00:00\" \/>\n<meta property=\"og:image\" content=\"https:\/\/wekab.com\/blog\/wp-content\/uploads\/2023\/10\/Justificar-subvencion-1.jpg\" \/>\n\t<meta property=\"og:image:width\" content=\"1920\" \/>\n\t<meta property=\"og:image:height\" content=\"1080\" \/>\n\t<meta property=\"og:image:type\" content=\"image\/jpeg\" \/>\n<meta name=\"author\" content=\"WeKAb\" \/>\n<meta name=\"twitter:card\" content=\"summary_large_image\" \/>\n<meta name=\"twitter:creator\" content=\"@https:\/\/twitter.com\/WeKAb\" \/>\n<meta name=\"twitter:site\" content=\"@wekab\" \/>\n<meta name=\"twitter:label1\" content=\"Escrito por\" \/>\n\t<meta name=\"twitter:data1\" content=\"WeKAb\" \/>\n\t<meta name=\"twitter:label2\" content=\"Tiempo de lectura\" \/>\n\t<meta name=\"twitter:data2\" content=\"4 minutos\" \/>\n<script type=\"application\/ld+json\" class=\"yoast-schema-graph\">{\"@context\":\"https:\/\/schema.org\",\"@graph\":[{\"@type\":\"Article\",\"@id\":\"https:\/\/wekab.com\/blog\/entidad-formacion-justificar-subvencion-accion-formativa\/#article\",\"isPartOf\":{\"@id\":\"https:\/\/wekab.com\/blog\/entidad-formacion-justificar-subvencion-accion-formativa\/\"},\"author\":{\"name\":\"WeKAb\",\"@id\":\"https:\/\/wekab.com\/blog\/#\/schema\/person\/4549c377f58dfe2e7c89ee9fe7b524e2\"},\"headline\":\"C\u00f3mo justificar la subvenci\u00f3n de acciones formativas\",\"datePublished\":\"2023-12-12T09:00:00+00:00\",\"mainEntityOfPage\":{\"@id\":\"https:\/\/wekab.com\/blog\/entidad-formacion-justificar-subvencion-accion-formativa\/\"},\"wordCount\":872,\"commentCount\":0,\"publisher\":{\"@id\":\"https:\/\/wekab.com\/blog\/#organization\"},\"image\":{\"@id\":\"https:\/\/wekab.com\/blog\/entidad-formacion-justificar-subvencion-accion-formativa\/#primaryimage\"},\"thumbnailUrl\":\"https:\/\/wekab.com\/blog\/wp-content\/uploads\/2023\/10\/Justificar-subvencion-1.jpg\",\"keywords\":[\"docencia de formaci\u00f3n para el empleo\",\"formaci\u00f3n\"],\"articleSection\":[\"Actualidad\",\"Ayudas a la formaci\u00f3n\",\"Espacios para la formaci\u00f3n\",\"Gesti\u00f3n de la formaci\u00f3n\"],\"inLanguage\":\"es\",\"potentialAction\":[{\"@type\":\"CommentAction\",\"name\":\"Comment\",\"target\":[\"https:\/\/wekab.com\/blog\/entidad-formacion-justificar-subvencion-accion-formativa\/#respond\"]}]},{\"@type\":\"WebPage\",\"@id\":\"https:\/\/wekab.com\/blog\/entidad-formacion-justificar-subvencion-accion-formativa\/\",\"url\":\"https:\/\/wekab.com\/blog\/entidad-formacion-justificar-subvencion-accion-formativa\/\",\"name\":\"C\u00f3mo justificar la subvenci\u00f3n de acciones formativas - El Blog de WeKAb\",\"isPartOf\":{\"@id\":\"https:\/\/wekab.com\/blog\/#website\"},\"primaryImageOfPage\":{\"@id\":\"https:\/\/wekab.com\/blog\/entidad-formacion-justificar-subvencion-accion-formativa\/#primaryimage\"},\"image\":{\"@id\":\"https:\/\/wekab.com\/blog\/entidad-formacion-justificar-subvencion-accion-formativa\/#primaryimage\"},\"thumbnailUrl\":\"https:\/\/wekab.com\/blog\/wp-content\/uploads\/2023\/10\/Justificar-subvencion-1.jpg\",\"datePublished\":\"2023-12-12T09:00:00+00:00\",\"description\":\"En este art\u00edculo exploraremos c\u00f3mo las entidades de formaci\u00f3n deben llevar a cabo la justificaci\u00f3n de las subvenciones que reciben para financiar sus acciones formativas, entre otras cuestiones relacionadas. Si tu entidad se beneficia de subvenciones a acciones formativas, este art\u00edculo te proporcionar\u00e1 las claves para cumplir con los requisitos y mantener una gesti\u00f3n financiera s\u00f3lida en el \u00e1mbito de la formaci\u00f3n.\",\"breadcrumb\":{\"@id\":\"https:\/\/wekab.com\/blog\/entidad-formacion-justificar-subvencion-accion-formativa\/#breadcrumb\"},\"inLanguage\":\"es\",\"potentialAction\":[{\"@type\":\"ReadAction\",\"target\":[\"https:\/\/wekab.com\/blog\/entidad-formacion-justificar-subvencion-accion-formativa\/\"]}]},{\"@type\":\"ImageObject\",\"inLanguage\":\"es\",\"@id\":\"https:\/\/wekab.com\/blog\/entidad-formacion-justificar-subvencion-accion-formativa\/#primaryimage\",\"url\":\"https:\/\/wekab.com\/blog\/wp-content\/uploads\/2023\/10\/Justificar-subvencion-1.jpg\",\"contentUrl\":\"https:\/\/wekab.com\/blog\/wp-content\/uploads\/2023\/10\/Justificar-subvencion-1.jpg\",\"width\":1920,\"height\":1080,\"caption\":\"C\u00f3mo justificar la subvenci\u00f3n de acciones formativas\"},{\"@type\":\"BreadcrumbList\",\"@id\":\"https:\/\/wekab.com\/blog\/entidad-formacion-justificar-subvencion-accion-formativa\/#breadcrumb\",\"itemListElement\":[{\"@type\":\"ListItem\",\"position\":1,\"name\":\"Portada\",\"item\":\"https:\/\/wekab.com\/blog\/\"},{\"@type\":\"ListItem\",\"position\":2,\"name\":\"Gesti\u00f3n de la formaci\u00f3n\",\"item\":\"https:\/\/wekab.com\/blog\/category\/gestion-de-la-formacion\/\"},{\"@type\":\"ListItem\",\"position\":3,\"name\":\"Ayudas a la formaci\u00f3n\",\"item\":\"https:\/\/wekab.com\/blog\/category\/gestion-de-la-formacion\/ayudas-a-la-formacion\/\"},{\"@type\":\"ListItem\",\"position\":4,\"name\":\"C\u00f3mo justificar la subvenci\u00f3n de acciones formativas\"}]},{\"@type\":\"WebSite\",\"@id\":\"https:\/\/wekab.com\/blog\/#website\",\"url\":\"https:\/\/wekab.com\/blog\/\",\"name\":\"El Blog de WeKAb\",\"description\":\"Trabajo para formadores\",\"publisher\":{\"@id\":\"https:\/\/wekab.com\/blog\/#organization\"},\"potentialAction\":[{\"@type\":\"SearchAction\",\"target\":{\"@type\":\"EntryPoint\",\"urlTemplate\":\"https:\/\/wekab.com\/blog\/?s={search_term_string}\"},\"query-input\":{\"@type\":\"PropertyValueSpecification\",\"valueRequired\":true,\"valueName\":\"search_term_string\"}}],\"inLanguage\":\"es\"},{\"@type\":\"Organization\",\"@id\":\"https:\/\/wekab.com\/blog\/#organization\",\"name\":\"WeKAb\",\"url\":\"https:\/\/wekab.com\/blog\/\",\"logo\":{\"@type\":\"ImageObject\",\"inLanguage\":\"es\",\"@id\":\"https:\/\/wekab.com\/blog\/#\/schema\/logo\/image\/\",\"url\":\"https:\/\/wekab.com\/blog\/wp-content\/uploads\/2015\/04\/logo_0003_ConectConocimiento_white_320__120.png\",\"contentUrl\":\"https:\/\/wekab.com\/blog\/wp-content\/uploads\/2015\/04\/logo_0003_ConectConocimiento_white_320__120.png\",\"width\":320,\"height\":120,\"caption\":\"WeKAb\"},\"image\":{\"@id\":\"https:\/\/wekab.com\/blog\/#\/schema\/logo\/image\/\"},\"sameAs\":[\"https:\/\/www.facebook.com\/WeKnowAbout\/\",\"https:\/\/x.com\/wekab\",\"https:\/\/www.linkedin.com\/company\/wekab\",\"https:\/\/www.youtube.com\/user\/WeKnowAbout\"]},{\"@type\":\"Person\",\"@id\":\"https:\/\/wekab.com\/blog\/#\/schema\/person\/4549c377f58dfe2e7c89ee9fe7b524e2\",\"name\":\"WeKAb\",\"image\":{\"@type\":\"ImageObject\",\"inLanguage\":\"es\",\"@id\":\"https:\/\/wekab.com\/blog\/#\/schema\/person\/image\/\",\"url\":\"https:\/\/secure.gravatar.com\/avatar\/1683069b8479db2ab50e72c0866b4ae05544a7061daba4f941ae697f8925a319?s=96&d=mm&r=g\",\"contentUrl\":\"https:\/\/secure.gravatar.com\/avatar\/1683069b8479db2ab50e72c0866b4ae05544a7061daba4f941ae697f8925a319?s=96&d=mm&r=g\",\"caption\":\"WeKAb\"},\"sameAs\":[\"http:\/\/www.wekab.com\",\"www.facebook.com\/weknowabout\",\"https:\/\/www.linkedin.com\/company\/wekab\",\"https:\/\/x.com\/https:\/\/twitter.com\/WeKAb\",\"https:\/\/www.youtube.com\/user\/WeKnowAbout\"],\"url\":\"https:\/\/wekab.com\/blog\/author\/wekab\/\"}]}<\/script>\n<!-- \/ Yoast SEO plugin. -->","yoast_head_json":{"title":"C\u00f3mo justificar la subvenci\u00f3n de acciones formativas - El Blog de WeKAb","description":"En este art\u00edculo exploraremos c\u00f3mo las entidades de formaci\u00f3n deben llevar a cabo la justificaci\u00f3n de las subvenciones que reciben para financiar sus acciones formativas, entre otras cuestiones relacionadas. Si tu entidad se beneficia de subvenciones a acciones formativas, este art\u00edculo te proporcionar\u00e1 las claves para cumplir con los requisitos y mantener una gesti\u00f3n financiera s\u00f3lida en el \u00e1mbito de la formaci\u00f3n.","robots":{"index":"index","follow":"follow","max-snippet":"max-snippet:-1","max-image-preview":"max-image-preview:large","max-video-preview":"max-video-preview:-1"},"canonical":"https:\/\/wekab.com\/blog\/entidad-formacion-justificar-subvencion-accion-formativa\/","og_locale":"es_ES","og_type":"article","og_title":"C\u00f3mo justificar la subvenci\u00f3n de acciones formativas - El Blog de WeKAb","og_description":"En este art\u00edculo exploraremos c\u00f3mo las entidades de formaci\u00f3n deben llevar a cabo la justificaci\u00f3n de las subvenciones que reciben para financiar sus acciones formativas, entre otras cuestiones relacionadas. Si tu entidad se beneficia de subvenciones a acciones formativas, este art\u00edculo te proporcionar\u00e1 las claves para cumplir con los requisitos y mantener una gesti\u00f3n financiera s\u00f3lida en el \u00e1mbito de la formaci\u00f3n.","og_url":"https:\/\/wekab.com\/blog\/entidad-formacion-justificar-subvencion-accion-formativa\/","og_site_name":"El Blog de WeKAb","article_publisher":"https:\/\/www.facebook.com\/WeKnowAbout\/","article_author":"www.facebook.com\/weknowabout","article_published_time":"2023-12-12T09:00:00+00:00","og_image":[{"width":1920,"height":1080,"url":"https:\/\/wekab.com\/blog\/wp-content\/uploads\/2023\/10\/Justificar-subvencion-1.jpg","type":"image\/jpeg"}],"author":"WeKAb","twitter_card":"summary_large_image","twitter_creator":"@https:\/\/twitter.com\/WeKAb","twitter_site":"@wekab","twitter_misc":{"Escrito por":"WeKAb","Tiempo de lectura":"4 minutos"},"schema":{"@context":"https:\/\/schema.org","@graph":[{"@type":"Article","@id":"https:\/\/wekab.com\/blog\/entidad-formacion-justificar-subvencion-accion-formativa\/#article","isPartOf":{"@id":"https:\/\/wekab.com\/blog\/entidad-formacion-justificar-subvencion-accion-formativa\/"},"author":{"name":"WeKAb","@id":"https:\/\/wekab.com\/blog\/#\/schema\/person\/4549c377f58dfe2e7c89ee9fe7b524e2"},"headline":"C\u00f3mo justificar la subvenci\u00f3n de acciones formativas","datePublished":"2023-12-12T09:00:00+00:00","mainEntityOfPage":{"@id":"https:\/\/wekab.com\/blog\/entidad-formacion-justificar-subvencion-accion-formativa\/"},"wordCount":872,"commentCount":0,"publisher":{"@id":"https:\/\/wekab.com\/blog\/#organization"},"image":{"@id":"https:\/\/wekab.com\/blog\/entidad-formacion-justificar-subvencion-accion-formativa\/#primaryimage"},"thumbnailUrl":"https:\/\/wekab.com\/blog\/wp-content\/uploads\/2023\/10\/Justificar-subvencion-1.jpg","keywords":["docencia de formaci\u00f3n para el empleo","formaci\u00f3n"],"articleSection":["Actualidad","Ayudas a la formaci\u00f3n","Espacios para la formaci\u00f3n","Gesti\u00f3n de la formaci\u00f3n"],"inLanguage":"es","potentialAction":[{"@type":"CommentAction","name":"Comment","target":["https:\/\/wekab.com\/blog\/entidad-formacion-justificar-subvencion-accion-formativa\/#respond"]}]},{"@type":"WebPage","@id":"https:\/\/wekab.com\/blog\/entidad-formacion-justificar-subvencion-accion-formativa\/","url":"https:\/\/wekab.com\/blog\/entidad-formacion-justificar-subvencion-accion-formativa\/","name":"C\u00f3mo justificar la subvenci\u00f3n de acciones formativas - El Blog de WeKAb","isPartOf":{"@id":"https:\/\/wekab.com\/blog\/#website"},"primaryImageOfPage":{"@id":"https:\/\/wekab.com\/blog\/entidad-formacion-justificar-subvencion-accion-formativa\/#primaryimage"},"image":{"@id":"https:\/\/wekab.com\/blog\/entidad-formacion-justificar-subvencion-accion-formativa\/#primaryimage"},"thumbnailUrl":"https:\/\/wekab.com\/blog\/wp-content\/uploads\/2023\/10\/Justificar-subvencion-1.jpg","datePublished":"2023-12-12T09:00:00+00:00","description":"En este art\u00edculo exploraremos c\u00f3mo las entidades de formaci\u00f3n deben llevar a cabo la justificaci\u00f3n de las subvenciones que reciben para financiar sus acciones formativas, entre otras cuestiones relacionadas. Si tu entidad se beneficia de subvenciones a acciones formativas, este art\u00edculo te proporcionar\u00e1 las claves para cumplir con los requisitos y mantener una gesti\u00f3n financiera s\u00f3lida en el \u00e1mbito de la formaci\u00f3n.","breadcrumb":{"@id":"https:\/\/wekab.com\/blog\/entidad-formacion-justificar-subvencion-accion-formativa\/#breadcrumb"},"inLanguage":"es","potentialAction":[{"@type":"ReadAction","target":["https:\/\/wekab.com\/blog\/entidad-formacion-justificar-subvencion-accion-formativa\/"]}]},{"@type":"ImageObject","inLanguage":"es","@id":"https:\/\/wekab.com\/blog\/entidad-formacion-justificar-subvencion-accion-formativa\/#primaryimage","url":"https:\/\/wekab.com\/blog\/wp-content\/uploads\/2023\/10\/Justificar-subvencion-1.jpg","contentUrl":"https:\/\/wekab.com\/blog\/wp-content\/uploads\/2023\/10\/Justificar-subvencion-1.jpg","width":1920,"height":1080,"caption":"C\u00f3mo justificar la subvenci\u00f3n de acciones formativas"},{"@type":"BreadcrumbList","@id":"https:\/\/wekab.com\/blog\/entidad-formacion-justificar-subvencion-accion-formativa\/#breadcrumb","itemListElement":[{"@type":"ListItem","position":1,"name":"Portada","item":"https:\/\/wekab.com\/blog\/"},{"@type":"ListItem","position":2,"name":"Gesti\u00f3n de la formaci\u00f3n","item":"https:\/\/wekab.com\/blog\/category\/gestion-de-la-formacion\/"},{"@type":"ListItem","position":3,"name":"Ayudas a la formaci\u00f3n","item":"https:\/\/wekab.com\/blog\/category\/gestion-de-la-formacion\/ayudas-a-la-formacion\/"},{"@type":"ListItem","position":4,"name":"C\u00f3mo justificar la subvenci\u00f3n de acciones formativas"}]},{"@type":"WebSite","@id":"https:\/\/wekab.com\/blog\/#website","url":"https:\/\/wekab.com\/blog\/","name":"El Blog de WeKAb","description":"Trabajo para formadores","publisher":{"@id":"https:\/\/wekab.com\/blog\/#organization"},"potentialAction":[{"@type":"SearchAction","target":{"@type":"EntryPoint","urlTemplate":"https:\/\/wekab.com\/blog\/?s={search_term_string}"},"query-input":{"@type":"PropertyValueSpecification","valueRequired":true,"valueName":"search_term_string"}}],"inLanguage":"es"},{"@type":"Organization","@id":"https:\/\/wekab.com\/blog\/#organization","name":"WeKAb","url":"https:\/\/wekab.com\/blog\/","logo":{"@type":"ImageObject","inLanguage":"es","@id":"https:\/\/wekab.com\/blog\/#\/schema\/logo\/image\/","url":"https:\/\/wekab.com\/blog\/wp-content\/uploads\/2015\/04\/logo_0003_ConectConocimiento_white_320__120.png","contentUrl":"https:\/\/wekab.com\/blog\/wp-content\/uploads\/2015\/04\/logo_0003_ConectConocimiento_white_320__120.png","width":320,"height":120,"caption":"WeKAb"},"image":{"@id":"https:\/\/wekab.com\/blog\/#\/schema\/logo\/image\/"},"sameAs":["https:\/\/www.facebook.com\/WeKnowAbout\/","https:\/\/x.com\/wekab","https:\/\/www.linkedin.com\/company\/wekab","https:\/\/www.youtube.com\/user\/WeKnowAbout"]},{"@type":"Person","@id":"https:\/\/wekab.com\/blog\/#\/schema\/person\/4549c377f58dfe2e7c89ee9fe7b524e2","name":"WeKAb","image":{"@type":"ImageObject","inLanguage":"es","@id":"https:\/\/wekab.com\/blog\/#\/schema\/person\/image\/","url":"https:\/\/secure.gravatar.com\/avatar\/1683069b8479db2ab50e72c0866b4ae05544a7061daba4f941ae697f8925a319?s=96&d=mm&r=g","contentUrl":"https:\/\/secure.gravatar.com\/avatar\/1683069b8479db2ab50e72c0866b4ae05544a7061daba4f941ae697f8925a319?s=96&d=mm&r=g","caption":"WeKAb"},"sameAs":["http:\/\/www.wekab.com","www.facebook.com\/weknowabout","https:\/\/www.linkedin.com\/company\/wekab","https:\/\/x.com\/https:\/\/twitter.com\/WeKAb","https:\/\/www.youtube.com\/user\/WeKnowAbout"],"url":"https:\/\/wekab.com\/blog\/author\/wekab\/"}]}},"_links":{"self":[{"href":"https:\/\/wekab.com\/blog\/wp-json\/wp\/v2\/posts\/1080","targetHints":{"allow":["GET"]}}],"collection":[{"href":"https:\/\/wekab.com\/blog\/wp-json\/wp\/v2\/posts"}],"about":[{"href":"https:\/\/wekab.com\/blog\/wp-json\/wp\/v2\/types\/post"}],"author":[{"embeddable":true,"href":"https:\/\/wekab.com\/blog\/wp-json\/wp\/v2\/users\/2"}],"replies":[{"embeddable":true,"href":"https:\/\/wekab.com\/blog\/wp-json\/wp\/v2\/comments?post=1080"}],"version-history":[{"count":0,"href":"https:\/\/wekab.com\/blog\/wp-json\/wp\/v2\/posts\/1080\/revisions"}],"wp:featuredmedia":[{"embeddable":true,"href":"https:\/\/wekab.com\/blog\/wp-json\/wp\/v2\/media\/1257"}],"wp:attachment":[{"href":"https:\/\/wekab.com\/blog\/wp-json\/wp\/v2\/media?parent=1080"}],"wp:term":[{"taxonomy":"category","embeddable":true,"href":"https:\/\/wekab.com\/blog\/wp-json\/wp\/v2\/categories?post=1080"},{"taxonomy":"post_tag","embeddable":true,"href":"https:\/\/wekab.com\/blog\/wp-json\/wp\/v2\/tags?post=1080"}],"curies":[{"name":"wp","href":"https:\/\/api.w.org\/{rel}","templated":true}]}}