{"id":1467,"date":"2024-04-19T11:41:07","date_gmt":"2024-04-19T10:41:07","guid":{"rendered":"https:\/\/wekab.com\/blog\/?p=1467"},"modified":"2024-04-25T10:18:38","modified_gmt":"2024-04-25T09:18:38","slug":"resumen-de-expoelearning-2024-dia-2","status":"publish","type":"post","link":"https:\/\/wekab.com\/blog\/resumen-de-expoelearning-2024-dia-2\/","title":{"rendered":"Resumen de Expoelearning 2024 &#8211; D\u00eda 2"},"content":{"rendered":"\n<p>\u00bfNo has podido acudir a ExpoElearning 2024? En WeKAb te traemos un resumen de todas las ponencias de la segunda jornada para que puedas disfrutar de todos los aprendizajes como si estuvieses all\u00ed.<\/p>\n\n\n\n<figure class=\"wp-block-image size-large is-resized\"><a href=\"https:\/\/wekab.com\/blog\/wp-content\/uploads\/2024\/04\/EXPOELEARNING_LOGO.jpg\"><img loading=\"lazy\" decoding=\"async\" width=\"1024\" height=\"246\" src=\"https:\/\/wekab.com\/blog\/wp-content\/uploads\/2024\/04\/EXPOELEARNING_LOGO-1024x246.jpg\" alt=\"\" class=\"wp-image-1433\" style=\"aspect-ratio:4.162601626016261;width:842px;height:auto\" srcset=\"https:\/\/wekab.com\/blog\/wp-content\/uploads\/2024\/04\/EXPOELEARNING_LOGO-1024x246.jpg 1024w, https:\/\/wekab.com\/blog\/wp-content\/uploads\/2024\/04\/EXPOELEARNING_LOGO-300x72.jpg 300w, https:\/\/wekab.com\/blog\/wp-content\/uploads\/2024\/04\/EXPOELEARNING_LOGO-768x184.jpg 768w, https:\/\/wekab.com\/blog\/wp-content\/uploads\/2024\/04\/EXPOELEARNING_LOGO-1536x369.jpg 1536w, https:\/\/wekab.com\/blog\/wp-content\/uploads\/2024\/04\/EXPOELEARNING_LOGO.jpg 1967w\" sizes=\"auto, (max-width: 1024px) 100vw, 1024px\" \/><\/a><\/figure>\n\n\n\n<p>Expoelearning es el mayor encuentro profesional y evento de referencia en Digital Learning y su \u00faltima edici\u00f3n se celebr\u00f3 el 5 y 6 de marzo en el Teatro Goya de Madrid. En este art\u00edculo te traemos el resumen de las ponencias del d\u00eda 6 de marzo, para que puedas repasarlas y no perderte absolutamente nada.<\/p>\n\n\n\n<div class=\"wp-block-buttons is-content-justification-center is-layout-flex wp-container-core-buttons-is-layout-16018d1d wp-block-buttons-is-layout-flex\">\n<div class=\"wp-block-button optinly-expoelearning\"><a class=\"wp-block-button__link has-text-align-center wp-element-button\">\u00a1Consigue el documento de Ideas Clave de Expoelearning!<\/a><\/div>\n<\/div>\n\n\n\n<div id=\"ez-toc-container\" class=\"ez-toc-v2_0_74 counter-hierarchy ez-toc-counter ez-toc-custom ez-toc-container-direction\">\n<div class=\"ez-toc-title-container\">\n<p class=\"ez-toc-title\" style=\"cursor:inherit\">Tabla de contenidos<\/p>\n<span class=\"ez-toc-title-toggle\"><a href=\"#\" class=\"ez-toc-pull-right ez-toc-btn ez-toc-btn-xs ez-toc-btn-default ez-toc-toggle\" aria-label=\"Alternar tabla de contenidos\"><span class=\"ez-toc-js-icon-con\"><span class=\"\"><span class=\"eztoc-hide\" style=\"display:none;\">Toggle<\/span><span class=\"ez-toc-icon-toggle-span\"><svg style=\"fill: #999;color:#999\" xmlns=\"http:\/\/www.w3.org\/2000\/svg\" class=\"list-377408\" width=\"20px\" height=\"20px\" viewBox=\"0 0 24 24\" fill=\"none\"><path d=\"M6 6H4v2h2V6zm14 0H8v2h12V6zM4 11h2v2H4v-2zm16 0H8v2h12v-2zM4 16h2v2H4v-2zm16 0H8v2h12v-2z\" fill=\"currentColor\"><\/path><\/svg><svg style=\"fill: #999;color:#999\" class=\"arrow-unsorted-368013\" xmlns=\"http:\/\/www.w3.org\/2000\/svg\" width=\"10px\" height=\"10px\" viewBox=\"0 0 24 24\" version=\"1.2\" baseProfile=\"tiny\"><path d=\"M18.2 9.3l-6.2-6.3-6.2 6.3c-.2.2-.3.4-.3.7s.1.5.3.7c.2.2.4.3.7.3h11c.3 0 .5-.1.7-.3.2-.2.3-.5.3-.7s-.1-.5-.3-.7zM5.8 14.7l6.2 6.3 6.2-6.3c.2-.2.3-.5.3-.7s-.1-.5-.3-.7c-.2-.2-.4-.3-.7-.3h-11c-.3 0-.5.1-.7.3-.2.2-.3.5-.3.7s.1.5.3.7z\"\/><\/svg><\/span><\/span><\/span><\/a><\/span><\/div>\n<nav><ul class='ez-toc-list ez-toc-list-level-1 eztoc-toggle-hide-by-default' ><li class='ez-toc-page-1 ez-toc-heading-level-2'><a class=\"ez-toc-link ez-toc-heading-1\" href=\"https:\/\/wekab.com\/blog\/resumen-de-expoelearning-2024-dia-2\/#Profesionales_40_formacion_para_la_digitalizacion_de_sectores_productivos\" >Profesionales 4.0 formaci\u00f3n para la digitalizaci\u00f3n de sectores productivos<\/a><\/li><li class='ez-toc-page-1 ez-toc-heading-level-2'><a class=\"ez-toc-link ez-toc-heading-2\" href=\"https:\/\/wekab.com\/blog\/resumen-de-expoelearning-2024-dia-2\/#Organizaciones_de_Impacto_El_exito_de_las_plataformsa_innovadoras_de_formacion_online\" >Organizaciones de Impacto. El \u00e9xito de las plataformsa innovadoras de formaci\u00f3n online<\/a><\/li><li class='ez-toc-page-1 ez-toc-heading-level-2'><a class=\"ez-toc-link ez-toc-heading-3\" href=\"https:\/\/wekab.com\/blog\/resumen-de-expoelearning-2024-dia-2\/#Nuevas_tecnologias_para_el_desarrollo_del_liderazgo\" >Nuevas tecnolog\u00edas para el desarrollo del liderazgo<\/a><\/li><li class='ez-toc-page-1 ez-toc-heading-level-2'><a class=\"ez-toc-link ez-toc-heading-4\" href=\"https:\/\/wekab.com\/blog\/resumen-de-expoelearning-2024-dia-2\/#E-learning_Experiencia_E-SALUD\" >E-learning Experiencia E-SALUD<\/a><\/li><li class='ez-toc-page-1 ez-toc-heading-level-2'><a class=\"ez-toc-link ez-toc-heading-5\" href=\"https:\/\/wekab.com\/blog\/resumen-de-expoelearning-2024-dia-2\/#E-learning_Experience_EJERCITO\" >E-learning Experience EJ\u00c9RCITO<\/a><\/li><li class='ez-toc-page-1 ez-toc-heading-level-2'><a class=\"ez-toc-link ez-toc-heading-6\" href=\"https:\/\/wekab.com\/blog\/resumen-de-expoelearning-2024-dia-2\/#Mesa_de_debate_el_aprendizaje_permanente_y_la_formacion_para_el_empleo\" >Mesa de debate: el aprendizaje permanente y la formaci\u00f3n para el empleo<\/a><\/li><li class='ez-toc-page-1 ez-toc-heading-level-2'><a class=\"ez-toc-link ez-toc-heading-7\" href=\"https:\/\/wekab.com\/blog\/resumen-de-expoelearning-2024-dia-2\/#%C2%BFY_ahora_que_Clausura\" >\u00bfY ahora qu\u00e9? Clausura<\/a><\/li><\/ul><\/nav><\/div>\n<h2 class=\"wp-block-heading\"><span class=\"ez-toc-section\" id=\"Profesionales_40_formacion_para_la_digitalizacion_de_sectores_productivos\"><\/span>Profesionales 4.0 formaci\u00f3n para la digitalizaci\u00f3n de sectores productivos<span class=\"ez-toc-section-end\"><\/span><\/h2>\n\n\n\n<div class=\"wp-block-columns is-layout-flex wp-container-core-columns-is-layout-9d6595d7 wp-block-columns-is-layout-flex\">\n<div class=\"wp-block-column is-vertically-aligned-center is-layout-flow wp-block-column-is-layout-flow\" style=\"flex-basis:33.33%\">\n<figure class=\"wp-block-image size-large is-style-default\"><a href=\"https:\/\/www.fundaciontelefonica.com\/\"><img decoding=\"async\" src=\"https:\/\/expoelearning.com\/wp-content\/uploads\/sites\/70\/2024\/02\/Rebeca-Cordon-Fundacion-Telefonica.jpeg\" alt=\"\"\/><\/a><\/figure>\n\n\n\n<p class=\"has-text-align-center\">Impartida por: Rebeca Cord\u00f3n <\/p>\n\n\n\n<p class=\"has-text-align-center\">| <a href=\"https:\/\/www.fundaciontelefonica.com\/\">Fundaci\u00f3n Telef\u00f3nica<\/a><\/p>\n<\/div>\n\n\n\n<div class=\"wp-block-column is-layout-flow wp-block-column-is-layout-flow\" style=\"flex-basis:66.66%\">\n<p>La tem\u00e1tica principal de esta ponencia es la formaci\u00f3n profesional mediante los nanogrados ofrecidos por la Fundaci\u00f3n Telef\u00f3nica, enfocados en itinerarios de tecnolog\u00eda, marketing digital, gesti\u00f3n de proyectos y sectores espec\u00edficos como la construcci\u00f3n, el transporte y la agroalimentaci\u00f3n. <\/p>\n\n\n\n<p>Aprendemos que hay diversidad en la oferta formativa, la importancia de mantener los contenidos actualizados y la expansi\u00f3n internacional del proyecto. <\/p>\n\n\n\n<p>La conclusi\u00f3n es que la Fundaci\u00f3n Telef\u00f3nica se compromete a democratizar la educaci\u00f3n de calidad y actualizar constante de sus nanogrados, asegurando as\u00ed su relevancia y aplicabilidad en el mundo laboral, extendiendo su impacto m\u00e1s all\u00e1 de Espa\u00f1a.<\/p>\n<\/div>\n<\/div>\n\n\n\n<h2 class=\"wp-block-heading\"><span class=\"ez-toc-section\" id=\"Organizaciones_de_Impacto_El_exito_de_las_plataformsa_innovadoras_de_formacion_online\"><\/span>Organizaciones de Impacto. El \u00e9xito de las plataformsa innovadoras de formaci\u00f3n online<span class=\"ez-toc-section-end\"><\/span><\/h2>\n\n\n\n<div class=\"wp-block-columns is-layout-flex wp-container-core-columns-is-layout-9d6595d7 wp-block-columns-is-layout-flex\">\n<div class=\"wp-block-column is-layout-flow wp-block-column-is-layout-flow\">\n<figure class=\"wp-block-image size-large\"><a href=\"https:\/\/www.fundaciononce.es\/es?gad_source=1&amp;gclid=CjwKCAjwt-OwBhBnEiwAgwzrUp_3F1cKNif17Nmd7JqUJPq77ylAU_YmDL-f0GB9ibdReECqua0xuBoCQckQAvD_BwE\"><img decoding=\"async\" src=\"https:\/\/expoelearning.com\/wp-content\/uploads\/sites\/70\/2023\/12\/ENRIQUE-GARIA-CORTES.jpg\" alt=\"\" style=\"aspect-ratio:1;object-fit:cover\"\/><\/a><\/figure>\n\n\n\n<p class=\"has-text-align-center has-small-font-size\">Enrique Garc\u00eda<\/p>\n\n\n\n<p class=\"has-text-align-center has-small-font-size\">| F<a href=\"https:\/\/www.fundaciononce.es\/es?gad_source=1&amp;gclid=CjwKCAjwt-OwBhBnEiwAgwzrUp_3F1cKNif17Nmd7JqUJPq77ylAU_YmDL-f0GB9ibdReECqua0xuBoCQckQAvD_BwE\">undaci\u00f3n ONCE<\/a><\/p>\n<\/div>\n\n\n\n<div class=\"wp-block-column is-layout-flow wp-block-column-is-layout-flow\">\n<figure class=\"wp-block-image size-large\"><a href=\"https:\/\/www.pactomundial.org\/quienes-somos\/\"><img decoding=\"async\" src=\"https:\/\/expoelearning.com\/wp-content\/uploads\/sites\/70\/2023\/12\/MARTA-TOMAS--2048x1365.jpg\" alt=\"\" style=\"aspect-ratio:1;object-fit:cover\"\/><\/a><\/figure>\n\n\n\n<p class=\"has-text-align-center has-small-font-size\">Marta Tom\u00e1s<\/p>\n\n\n\n<p class=\"has-text-align-center has-small-font-size\"> | <a href=\"https:\/\/www.pactomundial.org\/quienes-somos\/\">Pacto Mundial de la ONU<\/a><\/p>\n<\/div>\n\n\n\n<div class=\"wp-block-column is-layout-flow wp-block-column-is-layout-flow\">\n<figure class=\"wp-block-image size-large\"><a href=\"https:\/\/www.ainia.es\/\"><img decoding=\"async\" src=\"https:\/\/expoelearning.com\/wp-content\/uploads\/sites\/70\/2023\/12\/Ferrer-Villar-Jose-Maria-3068-2048x2048.jpg\" alt=\"\" style=\"aspect-ratio:1;object-fit:cover\"\/><\/a><\/figure>\n\n\n\n<p class=\"has-text-align-center has-small-font-size\">Jos\u00e9 M\u00aa Ferrer Villar<\/p>\n\n\n\n<p class=\"has-text-align-center has-small-font-size\"> | <a href=\"https:\/\/www.ainia.es\/\">AINIA<\/a><\/p>\n<\/div>\n<\/div>\n\n\n\n<p>En el panel se habl\u00f3 sobre la importancia de la formaci\u00f3n especializada y la accesibilidad en el \u00e1mbito de las nuevas tecnolog\u00edas y la sostenibilidad empresarial. <\/p>\n\n\n\n<p>Se destacaron tres aprendizajes clave: la necesidad de adaptar la educaci\u00f3n a la legislaci\u00f3n y tecnolog\u00eda cambiantes, la relevancia de integrar la accesibilidad desde el inicio de cualquier proyecto para incluir a personas con discapacidad, y la importancia de educar a proveedores en pr\u00e1cticas sostenibles. <\/p>\n\n\n\n<p>En conclusi\u00f3n se enfatiza la urgencia de implementar formaciones innovadoras y accesibles que respondan a los retos actuales y futuros, promoviendo as\u00ed una sociedad m\u00e1s inclusiva y consciente del entorno.<\/p>\n\n\n\n<h2 class=\"wp-block-heading\"><span class=\"ez-toc-section\" id=\"Nuevas_tecnologias_para_el_desarrollo_del_liderazgo\"><\/span>Nuevas tecnolog\u00edas para el desarrollo del liderazgo<span class=\"ez-toc-section-end\"><\/span><\/h2>\n\n\n\n<div class=\"wp-block-columns is-layout-flex wp-container-core-columns-is-layout-9d6595d7 wp-block-columns-is-layout-flex\">\n<div class=\"wp-block-column is-vertically-aligned-center is-layout-flow wp-block-column-is-layout-flow\" style=\"flex-basis:33.33%\">\n<figure class=\"wp-block-image size-large is-style-default\"><a href=\"https:\/\/www.ey.com\/es_es\"><img decoding=\"async\" src=\"https:\/\/expoelearning.com\/wp-content\/uploads\/sites\/70\/2023\/12\/Natalia-Grijalba_Foto-e1703156370768.jpg\" alt=\"\"\/><\/a><\/figure>\n\n\n\n<p class=\"has-text-align-center\">Impartida por: Natalia Grijalba<\/p>\n\n\n\n<p class=\"has-text-align-center\"> | <a href=\"https:\/\/www.ey.com\/es_es\">EY<\/a><\/p>\n<\/div>\n\n\n\n<div class=\"wp-block-column is-layout-flow wp-block-column-is-layout-flow\" style=\"flex-basis:66.66%\">\n<p>La tem\u00e1tica principal de la charla de Natalia Grijalba es el uso de las nuevas tecnolog\u00edas para desarrollar habilidades de liderazgo y fomentar el aprendizaje continuo en profesionales de la empresa EY. <\/p>\n\n\n\n<p>Tres aprendizajes clave incluyen la importancia del autoconocimiento como base para el crecimiento personal y profesional, la integraci\u00f3n de la gamificaci\u00f3n para incrementar la participaci\u00f3n y retenci\u00f3n de conocimientos, y el valor de crear experiencias de aprendizaje mixtas (blended) que combinan m\u00e9todos virtuales y presenciales. <\/p>\n\n\n\n<p>En conclusi\u00f3n, las innovaciones tecnol\u00f3gicas bien aplicadas potencian el liderazgo transformador y la adaptabilidad al cambio.<\/p>\n<\/div>\n<\/div>\n\n\n\n<h2 class=\"wp-block-heading\"><span class=\"ez-toc-section\" id=\"E-learning_Experiencia_E-SALUD\"><\/span>E-learning Experiencia E-SALUD<span class=\"ez-toc-section-end\"><\/span><\/h2>\n\n\n\n<div class=\"wp-block-columns is-layout-flex wp-container-core-columns-is-layout-9d6595d7 wp-block-columns-is-layout-flex\">\n<div class=\"wp-block-column is-vertically-aligned-center is-layout-flow wp-block-column-is-layout-flow\" style=\"flex-basis:33.33%\">\n<figure class=\"wp-block-image size-large is-style-default\"><a href=\"https:\/\/formantia.es\/\"><img decoding=\"async\" src=\"https:\/\/expoelearning.com\/wp-content\/uploads\/sites\/70\/2023\/12\/Eladio_Candia_Foto.jpg\" alt=\"\"\/><\/a><\/figure>\n\n\n\n<p class=\"has-text-align-center\">Impartida por: Eladio Candia <\/p>\n\n\n\n<p class=\"has-text-align-center\">| <a href=\"https:\/\/formantia.es\/\">Formantia<\/a><\/p>\n<\/div>\n\n\n\n<div class=\"wp-block-column is-layout-flow wp-block-column-is-layout-flow\" style=\"flex-basis:66.66%\">\n<p>La charla se enfoca en la integraci\u00f3n de la inteligencia artificial (IA) en la formaci\u00f3n online de profesionales de la salud, desarrollando metodolog\u00edas efectivas y personalizadas en plataformas eLearning. <\/p>\n\n\n\n<p>Se aprende la importancia de dise\u00f1ar actividades educativas basadas en la taxonom\u00eda de Bloom, crear contenido accesible para todos, y simular interacciones reales mediante IA para una educaci\u00f3n continua y relevante. Adem\u00e1s, se destaca la eficacia de los test adaptativos y el seguimiento personalizado para preparar oposiciones sanitarias. <\/p>\n\n\n\n<p>En conclusi\u00f3n, la tecnolog\u00eda, correctamente aplicada, puede revolucionar la educaci\u00f3n y mejorar la formaci\u00f3n profesional de manera significativa.<\/p>\n<\/div>\n<\/div>\n\n\n\n<h2 class=\"wp-block-heading\"><span class=\"ez-toc-section\" id=\"E-learning_Experience_EJERCITO\"><\/span>E-learning Experience EJ\u00c9RCITO<span class=\"ez-toc-section-end\"><\/span><\/h2>\n\n\n\n<div class=\"wp-block-columns is-layout-flex wp-container-core-columns-is-layout-9d6595d7 wp-block-columns-is-layout-flex\">\n<div class=\"wp-block-column is-layout-flow wp-block-column-is-layout-flow\">\n<figure class=\"wp-block-image size-large is-style-default\"><a href=\"https:\/\/ejercito.defensa.gob.es\/\"><img decoding=\"async\" src=\"https:\/\/expoelearning.com\/wp-content\/uploads\/sites\/70\/2024\/01\/col_poblador.jpg\" alt=\"\" style=\"aspect-ratio:1;object-fit:cover\"\/><\/a><\/figure>\n\n\n\n<p class=\"has-text-align-center has-small-font-size\">Coronel Enrique Poblador<\/p>\n\n\n\n<p class=\"has-text-align-center has-small-font-size\">|<a href=\"https:\/\/ejercito.defensa.gob.es\/\"> Ej\u00e9rcito de Tierra<\/a><\/p>\n<\/div>\n\n\n\n<div class=\"wp-block-column is-layout-flow wp-block-column-is-layout-flow\">\n<figure class=\"wp-block-image size-large\"><a href=\"https:\/\/ejercito.defensa.gob.es\/\"><img decoding=\"async\" src=\"https:\/\/expoelearning.com\/wp-content\/uploads\/sites\/70\/2024\/01\/cte_mayoral.jpg\" alt=\"\" style=\"aspect-ratio:1;object-fit:cover\"\/><\/a><\/figure>\n\n\n\n<p class=\"has-text-align-center has-small-font-size\">Cte. Jos\u00e9 Antonio Mayoral<\/p>\n\n\n\n<p class=\"has-text-align-center has-small-font-size\">| <a href=\"https:\/\/ejercito.defensa.gob.es\/\">Ej\u00e9rcito de Tierra<\/a><\/p>\n<\/div>\n\n\n\n<div class=\"wp-block-column is-layout-flow wp-block-column-is-layout-flow\">\n<figure class=\"wp-block-image size-large\"><a href=\"https:\/\/www.defensa.gob.es\/\"><img decoding=\"async\" src=\"https:\/\/expoelearning.com\/wp-content\/uploads\/sites\/70\/2024\/01\/col_munoz.jpg\" alt=\"\" style=\"aspect-ratio:1;object-fit:cover\"\/><\/a><\/figure>\n\n\n\n<p class=\"has-text-align-center has-small-font-size\">Coronel V\u00edctor Miguel Mu\u00f1oz<\/p>\n\n\n\n<p class=\"has-text-align-center has-small-font-size\">| <a href=\"https:\/\/www.defensa.gob.es\/\">Ministerio de defensa<\/a><\/p>\n<\/div>\n\n\n\n<div class=\"wp-block-column is-layout-flow wp-block-column-is-layout-flow\">\n<figure class=\"wp-block-image size-large\"><a href=\"https:\/\/www.guardiacivil.es\/es\/index.html\"><img decoding=\"async\" src=\"https:\/\/expoelearning.com\/wp-content\/uploads\/sites\/70\/2024\/01\/cte_cano.jpg\" alt=\"\" style=\"aspect-ratio:1;object-fit:cover\"\/><\/a><\/figure>\n\n\n\n<p class=\"has-text-align-center has-small-font-size\">Cte. Jos\u00e9 Antonio Cano<\/p>\n\n\n\n<p class=\"has-text-align-center has-small-font-size\">| <a href=\"https:\/\/www.guardiacivil.es\/es\/index.html\">Guardia Civil<\/a><\/p>\n<\/div>\n<\/div>\n\n\n\n<p>La tem\u00e1tica principal de la charla es la implementaci\u00f3n y evoluci\u00f3n del eLearning en las Fuerzas Armadas, especialmente enfocado en el Ej\u00e9rcito de Tierra y la Guardia Civil. <\/p>\n\n\n\n<p>Se destacan tres aprendizajes clave: la importancia de combinar formaci\u00f3n presencial con online para transmitir valores y competencias; la necesidad de adaptar la formaci\u00f3n mediante tecnolog\u00edas como la realidad virtual y plataformas de aprendizaje; y la relevancia de la tutor\u00eda y la creaci\u00f3n de contenidos de calidad en la educaci\u00f3n a distancia. <\/p>\n\n\n\n<p>Como conclusi\u00f3n, la digitalizaci\u00f3n de la ense\u00f1anza militar es un proceso en constante adaptaci\u00f3n, buscando equilibrar la tradici\u00f3n con innovaci\u00f3n tecnol\u00f3gica.<\/p>\n\n\n\n<p><\/p>\n\n\n\n<h2 class=\"wp-block-heading\"><span class=\"ez-toc-section\" id=\"Mesa_de_debate_el_aprendizaje_permanente_y_la_formacion_para_el_empleo\"><\/span>Mesa de debate: el aprendizaje permanente y la formaci\u00f3n para el empleo<span class=\"ez-toc-section-end\"><\/span><\/h2>\n\n\n\n<div class=\"wp-block-columns is-layout-flex wp-container-core-columns-is-layout-9d6595d7 wp-block-columns-is-layout-flex\">\n<div class=\"wp-block-column is-vertically-aligned-center is-layout-flow wp-block-column-is-layout-flow\">\n<figure class=\"wp-block-image size-large is-resized\"><a href=\"https:\/\/www.cursosfemxa.es\/\"><img decoding=\"async\" src=\"https:\/\/expoelearning.com\/wp-content\/uploads\/sites\/70\/2024\/02\/jcampos-rey-scaled.jpg\" alt=\"\" style=\"aspect-ratio:1;object-fit:cover;width:380px;height:auto\"\/><\/a><\/figure>\n\n\n\n<p class=\"has-text-align-center\">Presentado por: Jos\u00e9 Manuel Campos | <a href=\"https:\/\/www.cursosfemxa.es\/\">FEMXA<\/a><\/p>\n<\/div>\n\n\n\n<div class=\"wp-block-column is-vertically-aligned-center is-layout-flow wp-block-column-is-layout-flow\">\n<div class=\"wp-block-columns is-layout-flex wp-container-core-columns-is-layout-9d6595d7 wp-block-columns-is-layout-flex\">\n<div class=\"wp-block-column is-layout-flow wp-block-column-is-layout-flow\">\n<figure class=\"wp-block-image size-large\"><a href=\"https:\/\/uees.edu.ec\/\"><img decoding=\"async\" src=\"https:\/\/expoelearning.com\/wp-content\/uploads\/sites\/70\/2023\/12\/alexandra-portalanza.jpg\" alt=\"\" style=\"aspect-ratio:1;object-fit:cover\"\/><\/a><\/figure>\n\n\n\n<p class=\"has-text-align-center has-small-font-size\">Alexandra Portalanza<\/p>\n\n\n\n<p class=\"has-text-align-center has-small-font-size\">| <a href=\"https:\/\/uees.edu.ec\/\">Universidad Esp\u00edritu Santo<\/a><\/p>\n\n\n\n<figure class=\"wp-block-image size-large\"><a href=\"https:\/\/www.repsol.com\/es\/index.cshtml\"><img decoding=\"async\" src=\"https:\/\/expoelearning.com\/wp-content\/uploads\/sites\/70\/2023\/12\/Foto-Marta-del-Mazo.jpg\" alt=\"\" style=\"aspect-ratio:1;object-fit:cover\"\/><\/a><\/figure>\n\n\n\n<p class=\"has-text-align-center has-small-font-size\">Marta del Mazo<\/p>\n\n\n\n<p class=\"has-text-align-center has-small-font-size\">| <a href=\"https:\/\/www.repsol.com\/es\/index.cshtml\">REPSOL<\/a><\/p>\n<\/div>\n\n\n\n<div class=\"wp-block-column is-layout-flow wp-block-column-is-layout-flow\">\n<figure class=\"wp-block-image size-large\"><a href=\"https:\/\/seguros.sanitas.es\/dlandings\/aon2021\/sem\/ci\/massalud?sem=sem:f-google:m-adword:nc-cambiate:kw-Sanitas:gkw-pur_all_brand_marca-pura_salud:c-campa%C3%B1a:t-:o-pross:s-:p-sanitas_cambiate:mc-cpc:a-wink&amp;sem=&amp;gclid=CjwKCAjwt-OwBhBnEiwAgwzrUoLDFq14tznqgo3tBn7NthKIJqHIhitsx8Dh1EZayVcn7E0CSav2GBoCoqIQAvD_BwE&amp;gclsrc=aw.ds\"><img decoding=\"async\" src=\"https:\/\/expoelearning.com\/wp-content\/uploads\/sites\/70\/2024\/01\/Captura-de-pantalla-2024-01-17-163037.png\" alt=\"\" style=\"aspect-ratio:1;object-fit:cover\"\/><\/a><\/figure>\n\n\n\n<p class=\"has-text-align-center has-small-font-size\">Nieves Ferrandis<\/p>\n\n\n\n<p class=\"has-text-align-center has-small-font-size\">| <a href=\"https:\/\/seguros.sanitas.es\/dlandings\/aon2021\/sem\/ci\/massalud?sem=sem:f-google:m-adword:nc-cambiate:kw-Sanitas:gkw-pur_all_brand_marca-pura_salud:c-campa%C3%B1a:t-:o-pross:s-:p-sanitas_cambiate:mc-cpc:a-wink&amp;sem=&amp;gclid=CjwKCAjwt-OwBhBnEiwAgwzrUoLDFq14tznqgo3tBn7NthKIJqHIhitsx8Dh1EZayVcn7E0CSav2GBoCoqIQAvD_BwE&amp;gclsrc=aw.ds\">SANITAS<\/a><\/p>\n\n\n\n<figure class=\"wp-block-image size-large\"><a href=\"https:\/\/www.langoo.io\/\"><img decoding=\"async\" src=\"https:\/\/expoelearning.com\/wp-content\/uploads\/sites\/70\/2024\/02\/Imagen-perfil-LinkedIn.jpg\" alt=\"\" style=\"aspect-ratio:1;object-fit:cover\"\/><\/a><\/figure>\n\n\n\n<p class=\"has-text-align-center has-small-font-size\">Virginia Burgos<\/p>\n\n\n\n<p class=\"has-text-align-center has-small-font-size\">| <a href=\"https:\/\/expoelearning.com\/wp-content\/uploads\/sites\/70\/2024\/02\/Imagen-perfil-LinkedIn.jpg\">8Belts<\/a><\/p>\n<\/div>\n<\/div>\n<\/div>\n<\/div>\n\n\n\n<p>En esta mesa de debate sobre aprendizaje permanente y formaci\u00f3n para el empleo, expertos de diferentes empresas discuten la profesionalizaci\u00f3n y la adaptaci\u00f3n a nuevas metodolog\u00edas de aprendizaje. <\/p>\n\n\n\n<p>Un aprendizaje clave es la necesidad de personalizar la formaci\u00f3n profesional usando tecnolog\u00eda como el eLearning, para responder a las demandas del mercado laboral actual. Adem\u00e1s, se resalta la importancia de reducir el tiempo entre formaci\u00f3n y aplicaci\u00f3n pr\u00e1ctica y de usar inteligencia artificial para potenciar el aprendizaje. <\/p>\n\n\n\n<p>En conclusi\u00f3n, para una mayor empleabilidad y desarrollo profesional, es esencial integrar una cultura de aprendizaje constante y colaboraci\u00f3n, apalanacada en la tecnolog\u00eda.<\/p>\n\n\n\n<h2 class=\"wp-block-heading\"><span class=\"ez-toc-section\" id=\"%C2%BFY_ahora_que_Clausura\"><\/span>\u00bfY ahora qu\u00e9? Clausura<span class=\"ez-toc-section-end\"><\/span><\/h2>\n\n\n\n<div class=\"wp-block-columns is-layout-flex wp-container-core-columns-is-layout-9d6595d7 wp-block-columns-is-layout-flex\">\n<div class=\"wp-block-column is-vertically-aligned-center is-layout-flow wp-block-column-is-layout-flow\" style=\"flex-basis:33.33%\">\n<figure class=\"wp-block-image size-large is-style-default\"><a href=\"https:\/\/aefol.com\/\"><img decoding=\"async\" src=\"https:\/\/expoelearning.com\/wp-content\/uploads\/sites\/70\/2024\/01\/Jose-Lozano-Galera.jpg\" alt=\"\" style=\"aspect-ratio:1;object-fit:cover\"\/><\/a><\/figure>\n\n\n\n<p class=\"has-text-align-center\">Impartida por: Jos\u00e9 Lozano <\/p>\n\n\n\n<p class=\"has-text-align-center\"> |<a href=\"https:\/\/aefol.com\/\"> AEFOL<\/a><\/p>\n<\/div>\n\n\n\n<div class=\"wp-block-column is-layout-flow wp-block-column-is-layout-flow\" style=\"flex-basis:66.66%\">\n<p>Jos\u00e9 Lozano clausura el Congreso ExpoeLearning, agradeciendo a los congresistas. Destaca el positivo avance y el prometedor futuro del eLearning y resalta la importancia de la creatividad humana frente a la inteligencia artificial y enfatiza el prop\u00f3sito del eLearning: aprender para mejorar individual y colectivamente. <\/p>\n\n\n\n<p>Los aprendizajes clave son: el futuro del eLearning es alentador y en constante evoluci\u00f3n; la importancia de la creatividad humana sobre la tecnolog\u00eda como motor del progreso; y el objetivo \u00faltimo del eLearning es el aprendizaje para el desarrollo personal y social.<\/p>\n\n\n\n<p>En conclusi\u00f3n, la charla motiva a continuar adapt\u00e1ndose y contribuyendo al mundo del eLearning, manteniendo siempre la humanidad en el centro de la educaci\u00f3n.<\/p>\n<\/div>\n<\/div>\n\n\n\n<hr class=\"wp-block-separator has-alpha-channel-opacity is-style-dots\"\/>\n\n\n\n<p>Con esta \u00faltima ponencia remata Expoelearning 2024. Una jornada centrada en aplicaci\u00f3n pr\u00e1ctica del e-learning y la formaci\u00f3n continua. \u00bfCu\u00e1l ha sido la ponencia que te parece m\u00e1s interesante?<\/p>\n\n\n\n<p>Recuerda que si te inscribes en la newsletter de WeKAb (en el bot\u00f3n de abajo), recibir\u00e1s un PDF con un resumen m\u00e1s extenso de cada una de las ponencias. \u00a1No lo dejes escapar!<\/p>\n\n\n\n<div style=\"height:29px\" aria-hidden=\"true\" class=\"wp-block-spacer\"><\/div>\n\n\n\n<div class=\"wp-block-buttons is-content-justification-center is-layout-flex wp-container-core-buttons-is-layout-16018d1d wp-block-buttons-is-layout-flex\">\n<div class=\"wp-block-button optinly-expoelearning\"><a class=\"wp-block-button__link has-text-align-center wp-element-button\">\u00a1Consigue el documento de Ideas Clave de Expoelearning!<\/a><\/div>\n<\/div>\n\n\n\n<div style=\"height:100px\" aria-hidden=\"true\" class=\"wp-block-spacer\"><\/div>\n","protected":false},"excerpt":{"rendered":"<p>\u00bfNo has podido acudir a ExpoElearning 2024? En WeKAb te traemos un resumen de todas las ponencias para que puedas disfrutar de todos los aprendizajes como si estuvieses all\u00ed.<\/p>\n","protected":false},"author":2,"featured_media":1482,"comment_status":"open","ping_status":"open","sticky":false,"template":"","format":"standard","meta":{"_kad_post_transparent":"","_kad_post_title":"","_kad_post_layout":"","_kad_post_sidebar_id":"","_kad_post_content_style":"","_kad_post_vertical_padding":"","_kad_post_feature":"","_kad_post_feature_position":"","_kad_post_header":false,"_kad_post_footer":false,"footnotes":""},"categories":[22,176,169],"tags":[],"class_list":["post-1467","post","type-post","status-publish","format-standard","has-post-thumbnail","hentry","category-eventos","category-ferias-y-congresos","category-tecnologia-y-formacion"],"yoast_head":"<!-- This site is optimized with the Yoast SEO plugin v25.2 - https:\/\/yoast.com\/wordpress\/plugins\/seo\/ -->\n<title>Resumen de Expoelearning 2024 - D\u00eda 2 - El Blog de WeKAb<\/title>\n<meta name=\"robots\" content=\"index, follow, max-snippet:-1, max-image-preview:large, max-video-preview:-1\" \/>\n<link rel=\"canonical\" href=\"https:\/\/wekab.com\/blog\/resumen-de-expoelearning-2024-dia-2\/\" \/>\n<meta property=\"og:locale\" content=\"es_ES\" \/>\n<meta property=\"og:type\" content=\"article\" \/>\n<meta property=\"og:title\" content=\"Resumen de Expoelearning 2024 - D\u00eda 2 - El Blog de WeKAb\" \/>\n<meta property=\"og:description\" content=\"\u00bfNo has podido acudir a ExpoElearning 2024? En WeKAb te traemos un resumen de todas las ponencias para que puedas disfrutar de todos los aprendizajes como si estuvieses all\u00ed.\" \/>\n<meta property=\"og:url\" content=\"https:\/\/wekab.com\/blog\/resumen-de-expoelearning-2024-dia-2\/\" \/>\n<meta property=\"og:site_name\" content=\"El Blog de WeKAb\" \/>\n<meta property=\"article:publisher\" content=\"https:\/\/www.facebook.com\/WeKnowAbout\/\" \/>\n<meta property=\"article:author\" content=\"www.facebook.com\/weknowabout\" \/>\n<meta property=\"article:published_time\" content=\"2024-04-19T10:41:07+00:00\" \/>\n<meta property=\"article:modified_time\" content=\"2024-04-25T09:18:38+00:00\" \/>\n<meta property=\"og:image\" content=\"https:\/\/wekab.com\/blog\/wp-content\/uploads\/2024\/04\/Resdumen-Expoelearning-dia-1-1.jpg\" \/>\n\t<meta property=\"og:image:width\" content=\"1920\" \/>\n\t<meta property=\"og:image:height\" content=\"1080\" \/>\n\t<meta property=\"og:image:type\" content=\"image\/jpeg\" \/>\n<meta name=\"author\" content=\"WeKAb\" \/>\n<meta name=\"twitter:card\" content=\"summary_large_image\" \/>\n<meta name=\"twitter:creator\" content=\"@https:\/\/twitter.com\/WeKAb\" \/>\n<meta name=\"twitter:site\" content=\"@wekab\" \/>\n<meta name=\"twitter:label1\" content=\"Escrito por\" \/>\n\t<meta name=\"twitter:data1\" content=\"WeKAb\" \/>\n\t<meta name=\"twitter:label2\" content=\"Tiempo de lectura\" \/>\n\t<meta name=\"twitter:data2\" content=\"9 minutos\" \/>\n<script type=\"application\/ld+json\" class=\"yoast-schema-graph\">{\"@context\":\"https:\/\/schema.org\",\"@graph\":[{\"@type\":\"Article\",\"@id\":\"https:\/\/wekab.com\/blog\/resumen-de-expoelearning-2024-dia-2\/#article\",\"isPartOf\":{\"@id\":\"https:\/\/wekab.com\/blog\/resumen-de-expoelearning-2024-dia-2\/\"},\"author\":{\"name\":\"WeKAb\",\"@id\":\"https:\/\/wekab.com\/blog\/#\/schema\/person\/4549c377f58dfe2e7c89ee9fe7b524e2\"},\"headline\":\"Resumen de Expoelearning 2024 &#8211; D\u00eda 2\",\"datePublished\":\"2024-04-19T10:41:07+00:00\",\"dateModified\":\"2024-04-25T09:18:38+00:00\",\"mainEntityOfPage\":{\"@id\":\"https:\/\/wekab.com\/blog\/resumen-de-expoelearning-2024-dia-2\/\"},\"wordCount\":1106,\"commentCount\":0,\"publisher\":{\"@id\":\"https:\/\/wekab.com\/blog\/#organization\"},\"image\":{\"@id\":\"https:\/\/wekab.com\/blog\/resumen-de-expoelearning-2024-dia-2\/#primaryimage\"},\"thumbnailUrl\":\"https:\/\/wekab.com\/blog\/wp-content\/uploads\/2024\/04\/Resdumen-Expoelearning-dia-1-1.jpg\",\"articleSection\":[\"Eventos\",\"Ferias y Congresos\",\"Tecnolog\u00eda y formaci\u00f3n\"],\"inLanguage\":\"es\",\"potentialAction\":[{\"@type\":\"CommentAction\",\"name\":\"Comment\",\"target\":[\"https:\/\/wekab.com\/blog\/resumen-de-expoelearning-2024-dia-2\/#respond\"]}]},{\"@type\":\"WebPage\",\"@id\":\"https:\/\/wekab.com\/blog\/resumen-de-expoelearning-2024-dia-2\/\",\"url\":\"https:\/\/wekab.com\/blog\/resumen-de-expoelearning-2024-dia-2\/\",\"name\":\"Resumen de Expoelearning 2024 - D\u00eda 2 - El Blog de WeKAb\",\"isPartOf\":{\"@id\":\"https:\/\/wekab.com\/blog\/#website\"},\"primaryImageOfPage\":{\"@id\":\"https:\/\/wekab.com\/blog\/resumen-de-expoelearning-2024-dia-2\/#primaryimage\"},\"image\":{\"@id\":\"https:\/\/wekab.com\/blog\/resumen-de-expoelearning-2024-dia-2\/#primaryimage\"},\"thumbnailUrl\":\"https:\/\/wekab.com\/blog\/wp-content\/uploads\/2024\/04\/Resdumen-Expoelearning-dia-1-1.jpg\",\"datePublished\":\"2024-04-19T10:41:07+00:00\",\"dateModified\":\"2024-04-25T09:18:38+00:00\",\"breadcrumb\":{\"@id\":\"https:\/\/wekab.com\/blog\/resumen-de-expoelearning-2024-dia-2\/#breadcrumb\"},\"inLanguage\":\"es\",\"potentialAction\":[{\"@type\":\"ReadAction\",\"target\":[\"https:\/\/wekab.com\/blog\/resumen-de-expoelearning-2024-dia-2\/\"]}]},{\"@type\":\"ImageObject\",\"inLanguage\":\"es\",\"@id\":\"https:\/\/wekab.com\/blog\/resumen-de-expoelearning-2024-dia-2\/#primaryimage\",\"url\":\"https:\/\/wekab.com\/blog\/wp-content\/uploads\/2024\/04\/Resdumen-Expoelearning-dia-1-1.jpg\",\"contentUrl\":\"https:\/\/wekab.com\/blog\/wp-content\/uploads\/2024\/04\/Resdumen-Expoelearning-dia-1-1.jpg\",\"width\":1920,\"height\":1080},{\"@type\":\"BreadcrumbList\",\"@id\":\"https:\/\/wekab.com\/blog\/resumen-de-expoelearning-2024-dia-2\/#breadcrumb\",\"itemListElement\":[{\"@type\":\"ListItem\",\"position\":1,\"name\":\"Portada\",\"item\":\"https:\/\/wekab.com\/blog\/\"},{\"@type\":\"ListItem\",\"position\":2,\"name\":\"Soy formador \/ docente\",\"item\":\"https:\/\/wekab.com\/blog\/category\/formador\/\"},{\"@type\":\"ListItem\",\"position\":3,\"name\":\"Resumen de Expoelearning 2024 &#8211; D\u00eda 2\"}]},{\"@type\":\"WebSite\",\"@id\":\"https:\/\/wekab.com\/blog\/#website\",\"url\":\"https:\/\/wekab.com\/blog\/\",\"name\":\"El Blog de WeKAb\",\"description\":\"Trabajo para formadores\",\"publisher\":{\"@id\":\"https:\/\/wekab.com\/blog\/#organization\"},\"potentialAction\":[{\"@type\":\"SearchAction\",\"target\":{\"@type\":\"EntryPoint\",\"urlTemplate\":\"https:\/\/wekab.com\/blog\/?s={search_term_string}\"},\"query-input\":{\"@type\":\"PropertyValueSpecification\",\"valueRequired\":true,\"valueName\":\"search_term_string\"}}],\"inLanguage\":\"es\"},{\"@type\":\"Organization\",\"@id\":\"https:\/\/wekab.com\/blog\/#organization\",\"name\":\"WeKAb\",\"url\":\"https:\/\/wekab.com\/blog\/\",\"logo\":{\"@type\":\"ImageObject\",\"inLanguage\":\"es\",\"@id\":\"https:\/\/wekab.com\/blog\/#\/schema\/logo\/image\/\",\"url\":\"https:\/\/wekab.com\/blog\/wp-content\/uploads\/2015\/04\/logo_0003_ConectConocimiento_white_320__120.png\",\"contentUrl\":\"https:\/\/wekab.com\/blog\/wp-content\/uploads\/2015\/04\/logo_0003_ConectConocimiento_white_320__120.png\",\"width\":320,\"height\":120,\"caption\":\"WeKAb\"},\"image\":{\"@id\":\"https:\/\/wekab.com\/blog\/#\/schema\/logo\/image\/\"},\"sameAs\":[\"https:\/\/www.facebook.com\/WeKnowAbout\/\",\"https:\/\/x.com\/wekab\",\"https:\/\/www.linkedin.com\/company\/wekab\",\"https:\/\/www.youtube.com\/user\/WeKnowAbout\"]},{\"@type\":\"Person\",\"@id\":\"https:\/\/wekab.com\/blog\/#\/schema\/person\/4549c377f58dfe2e7c89ee9fe7b524e2\",\"name\":\"WeKAb\",\"image\":{\"@type\":\"ImageObject\",\"inLanguage\":\"es\",\"@id\":\"https:\/\/wekab.com\/blog\/#\/schema\/person\/image\/\",\"url\":\"https:\/\/secure.gravatar.com\/avatar\/1683069b8479db2ab50e72c0866b4ae05544a7061daba4f941ae697f8925a319?s=96&d=mm&r=g\",\"contentUrl\":\"https:\/\/secure.gravatar.com\/avatar\/1683069b8479db2ab50e72c0866b4ae05544a7061daba4f941ae697f8925a319?s=96&d=mm&r=g\",\"caption\":\"WeKAb\"},\"sameAs\":[\"http:\/\/www.wekab.com\",\"www.facebook.com\/weknowabout\",\"https:\/\/www.linkedin.com\/company\/wekab\",\"https:\/\/x.com\/https:\/\/twitter.com\/WeKAb\",\"https:\/\/www.youtube.com\/user\/WeKnowAbout\"],\"url\":\"https:\/\/wekab.com\/blog\/author\/wekab\/\"}]}<\/script>\n<!-- \/ Yoast SEO plugin. -->","yoast_head_json":{"title":"Resumen de Expoelearning 2024 - D\u00eda 2 - El Blog de WeKAb","robots":{"index":"index","follow":"follow","max-snippet":"max-snippet:-1","max-image-preview":"max-image-preview:large","max-video-preview":"max-video-preview:-1"},"canonical":"https:\/\/wekab.com\/blog\/resumen-de-expoelearning-2024-dia-2\/","og_locale":"es_ES","og_type":"article","og_title":"Resumen de Expoelearning 2024 - D\u00eda 2 - El Blog de WeKAb","og_description":"\u00bfNo has podido acudir a ExpoElearning 2024? En WeKAb te traemos un resumen de todas las ponencias para que puedas disfrutar de todos los aprendizajes como si estuvieses all\u00ed.","og_url":"https:\/\/wekab.com\/blog\/resumen-de-expoelearning-2024-dia-2\/","og_site_name":"El Blog de WeKAb","article_publisher":"https:\/\/www.facebook.com\/WeKnowAbout\/","article_author":"www.facebook.com\/weknowabout","article_published_time":"2024-04-19T10:41:07+00:00","article_modified_time":"2024-04-25T09:18:38+00:00","og_image":[{"width":1920,"height":1080,"url":"https:\/\/wekab.com\/blog\/wp-content\/uploads\/2024\/04\/Resdumen-Expoelearning-dia-1-1.jpg","type":"image\/jpeg"}],"author":"WeKAb","twitter_card":"summary_large_image","twitter_creator":"@https:\/\/twitter.com\/WeKAb","twitter_site":"@wekab","twitter_misc":{"Escrito por":"WeKAb","Tiempo de lectura":"9 minutos"},"schema":{"@context":"https:\/\/schema.org","@graph":[{"@type":"Article","@id":"https:\/\/wekab.com\/blog\/resumen-de-expoelearning-2024-dia-2\/#article","isPartOf":{"@id":"https:\/\/wekab.com\/blog\/resumen-de-expoelearning-2024-dia-2\/"},"author":{"name":"WeKAb","@id":"https:\/\/wekab.com\/blog\/#\/schema\/person\/4549c377f58dfe2e7c89ee9fe7b524e2"},"headline":"Resumen de Expoelearning 2024 &#8211; D\u00eda 2","datePublished":"2024-04-19T10:41:07+00:00","dateModified":"2024-04-25T09:18:38+00:00","mainEntityOfPage":{"@id":"https:\/\/wekab.com\/blog\/resumen-de-expoelearning-2024-dia-2\/"},"wordCount":1106,"commentCount":0,"publisher":{"@id":"https:\/\/wekab.com\/blog\/#organization"},"image":{"@id":"https:\/\/wekab.com\/blog\/resumen-de-expoelearning-2024-dia-2\/#primaryimage"},"thumbnailUrl":"https:\/\/wekab.com\/blog\/wp-content\/uploads\/2024\/04\/Resdumen-Expoelearning-dia-1-1.jpg","articleSection":["Eventos","Ferias y Congresos","Tecnolog\u00eda y formaci\u00f3n"],"inLanguage":"es","potentialAction":[{"@type":"CommentAction","name":"Comment","target":["https:\/\/wekab.com\/blog\/resumen-de-expoelearning-2024-dia-2\/#respond"]}]},{"@type":"WebPage","@id":"https:\/\/wekab.com\/blog\/resumen-de-expoelearning-2024-dia-2\/","url":"https:\/\/wekab.com\/blog\/resumen-de-expoelearning-2024-dia-2\/","name":"Resumen de Expoelearning 2024 - D\u00eda 2 - El Blog de WeKAb","isPartOf":{"@id":"https:\/\/wekab.com\/blog\/#website"},"primaryImageOfPage":{"@id":"https:\/\/wekab.com\/blog\/resumen-de-expoelearning-2024-dia-2\/#primaryimage"},"image":{"@id":"https:\/\/wekab.com\/blog\/resumen-de-expoelearning-2024-dia-2\/#primaryimage"},"thumbnailUrl":"https:\/\/wekab.com\/blog\/wp-content\/uploads\/2024\/04\/Resdumen-Expoelearning-dia-1-1.jpg","datePublished":"2024-04-19T10:41:07+00:00","dateModified":"2024-04-25T09:18:38+00:00","breadcrumb":{"@id":"https:\/\/wekab.com\/blog\/resumen-de-expoelearning-2024-dia-2\/#breadcrumb"},"inLanguage":"es","potentialAction":[{"@type":"ReadAction","target":["https:\/\/wekab.com\/blog\/resumen-de-expoelearning-2024-dia-2\/"]}]},{"@type":"ImageObject","inLanguage":"es","@id":"https:\/\/wekab.com\/blog\/resumen-de-expoelearning-2024-dia-2\/#primaryimage","url":"https:\/\/wekab.com\/blog\/wp-content\/uploads\/2024\/04\/Resdumen-Expoelearning-dia-1-1.jpg","contentUrl":"https:\/\/wekab.com\/blog\/wp-content\/uploads\/2024\/04\/Resdumen-Expoelearning-dia-1-1.jpg","width":1920,"height":1080},{"@type":"BreadcrumbList","@id":"https:\/\/wekab.com\/blog\/resumen-de-expoelearning-2024-dia-2\/#breadcrumb","itemListElement":[{"@type":"ListItem","position":1,"name":"Portada","item":"https:\/\/wekab.com\/blog\/"},{"@type":"ListItem","position":2,"name":"Soy formador \/ docente","item":"https:\/\/wekab.com\/blog\/category\/formador\/"},{"@type":"ListItem","position":3,"name":"Resumen de Expoelearning 2024 &#8211; D\u00eda 2"}]},{"@type":"WebSite","@id":"https:\/\/wekab.com\/blog\/#website","url":"https:\/\/wekab.com\/blog\/","name":"El Blog de WeKAb","description":"Trabajo para formadores","publisher":{"@id":"https:\/\/wekab.com\/blog\/#organization"},"potentialAction":[{"@type":"SearchAction","target":{"@type":"EntryPoint","urlTemplate":"https:\/\/wekab.com\/blog\/?s={search_term_string}"},"query-input":{"@type":"PropertyValueSpecification","valueRequired":true,"valueName":"search_term_string"}}],"inLanguage":"es"},{"@type":"Organization","@id":"https:\/\/wekab.com\/blog\/#organization","name":"WeKAb","url":"https:\/\/wekab.com\/blog\/","logo":{"@type":"ImageObject","inLanguage":"es","@id":"https:\/\/wekab.com\/blog\/#\/schema\/logo\/image\/","url":"https:\/\/wekab.com\/blog\/wp-content\/uploads\/2015\/04\/logo_0003_ConectConocimiento_white_320__120.png","contentUrl":"https:\/\/wekab.com\/blog\/wp-content\/uploads\/2015\/04\/logo_0003_ConectConocimiento_white_320__120.png","width":320,"height":120,"caption":"WeKAb"},"image":{"@id":"https:\/\/wekab.com\/blog\/#\/schema\/logo\/image\/"},"sameAs":["https:\/\/www.facebook.com\/WeKnowAbout\/","https:\/\/x.com\/wekab","https:\/\/www.linkedin.com\/company\/wekab","https:\/\/www.youtube.com\/user\/WeKnowAbout"]},{"@type":"Person","@id":"https:\/\/wekab.com\/blog\/#\/schema\/person\/4549c377f58dfe2e7c89ee9fe7b524e2","name":"WeKAb","image":{"@type":"ImageObject","inLanguage":"es","@id":"https:\/\/wekab.com\/blog\/#\/schema\/person\/image\/","url":"https:\/\/secure.gravatar.com\/avatar\/1683069b8479db2ab50e72c0866b4ae05544a7061daba4f941ae697f8925a319?s=96&d=mm&r=g","contentUrl":"https:\/\/secure.gravatar.com\/avatar\/1683069b8479db2ab50e72c0866b4ae05544a7061daba4f941ae697f8925a319?s=96&d=mm&r=g","caption":"WeKAb"},"sameAs":["http:\/\/www.wekab.com","www.facebook.com\/weknowabout","https:\/\/www.linkedin.com\/company\/wekab","https:\/\/x.com\/https:\/\/twitter.com\/WeKAb","https:\/\/www.youtube.com\/user\/WeKnowAbout"],"url":"https:\/\/wekab.com\/blog\/author\/wekab\/"}]}},"_links":{"self":[{"href":"https:\/\/wekab.com\/blog\/wp-json\/wp\/v2\/posts\/1467","targetHints":{"allow":["GET"]}}],"collection":[{"href":"https:\/\/wekab.com\/blog\/wp-json\/wp\/v2\/posts"}],"about":[{"href":"https:\/\/wekab.com\/blog\/wp-json\/wp\/v2\/types\/post"}],"author":[{"embeddable":true,"href":"https:\/\/wekab.com\/blog\/wp-json\/wp\/v2\/users\/2"}],"replies":[{"embeddable":true,"href":"https:\/\/wekab.com\/blog\/wp-json\/wp\/v2\/comments?post=1467"}],"version-history":[{"count":0,"href":"https:\/\/wekab.com\/blog\/wp-json\/wp\/v2\/posts\/1467\/revisions"}],"wp:featuredmedia":[{"embeddable":true,"href":"https:\/\/wekab.com\/blog\/wp-json\/wp\/v2\/media\/1482"}],"wp:attachment":[{"href":"https:\/\/wekab.com\/blog\/wp-json\/wp\/v2\/media?parent=1467"}],"wp:term":[{"taxonomy":"category","embeddable":true,"href":"https:\/\/wekab.com\/blog\/wp-json\/wp\/v2\/categories?post=1467"},{"taxonomy":"post_tag","embeddable":true,"href":"https:\/\/wekab.com\/blog\/wp-json\/wp\/v2\/tags?post=1467"}],"curies":[{"name":"wp","href":"https:\/\/api.w.org\/{rel}","templated":true}]}}