{"id":148,"date":"2015-06-13T09:42:13","date_gmt":"2015-06-13T08:42:13","guid":{"rendered":"http:\/\/wekab.com\/blog\/?p=148"},"modified":"2017-04-04T14:55:08","modified_gmt":"2017-04-04T13:55:08","slug":"presentacion-de-www-wekab-com-en-lugo","status":"publish","type":"post","link":"https:\/\/wekab.com\/blog\/presentacion-de-www-wekab-com-en-lugo\/","title":{"rendered":"Presentaci\u00f3n de www.WeKAb.com en Lugo"},"content":{"rendered":"<p><em><strong>WeKAb.com: SOY FORMADOR&#8230; BUSCO FORMADOR&#8230;<\/strong><\/em>, bajo este t\u00edtulo, realizamos una peque\u00f1a gira de presentaciones por Galicia que se unen a las realizadas anteriormente\u00a0en Santiago de Compostela y Valencia:<\/p>\n<ul>\n<li><strong><em><a href=\"https:\/\/wekab.com\/blog\/presentacion-de-www-wekab-com-en-a-coruna\/\">A CORU\u00d1A<\/a><\/em><\/strong> &#8211; 22\/06\/2015 (10-12h) &#8211; Aula CeMIT de Eiris &#8211; Organizada en colaboraci\u00f3n con el <a href=\"https:\/\/cdtic.xunta.es\/\" target=\"_blank\">CDTIC<\/a> y <a href=\"http:\/\/amtega.xunta.es\/\" target=\"_blank\">AMTEGA<\/a><\/li>\n<li><strong><em>LUGO<\/em><\/strong> &#8211; 24\/06\/2015 (11-13h) &#8211; Sede de la CEL &#8211; Organizada en colaboraci\u00f3n con la <a href=\"http:\/\/fundacioncel.org\/\" target=\"_blank\">Fundaci\u00f3n CEL<\/a><\/li>\n<li><strong><em><a href=\"https:\/\/cdtic.xunta.es\/weKAb-vigo\" target=\"_blank\">VIGO<\/a><\/em><\/strong> &#8211; 30\/06\/2015 (16-18h) &#8211; Aula CeMIT de Vigo &#8211; Organizada en colaboraci\u00f3n con el CDTIC y AMTEGA<\/li>\n<li><strong><em><a href=\"https:\/\/cdtic.xunta.es\/weKAb-ourense\" target=\"_blank\">OURENSE<\/a><\/em><\/strong> &#8211; 01\/07\/2015 (10-12h) &#8211; Aula CeMIT de Ourense &#8211; Organizada en colaboraci\u00f3n con el CDTIC y AMTEGA<\/li>\n<\/ul>\n<p>El\u00a0evento de <strong>Lugo<\/strong>\u00a0se celebrar\u00e1 el <strong>lunes\u00a024 de junio<\/strong>, en horario de ma\u00f1ana (<strong>de 11:00 a 13:00h<\/strong>) en la <strong>Sede de la CEL<\/strong>.\u00a0La asistencia es libre hasta completar aforo, pero se requiere\u00a0<a href=\"http:\/\/www.cel.es\/es\/actualidad\/409\/jornada-informativa-wekab-para-formadores-y-entidades-de-formacion\/\" target=\"_blank\">reservar plaza a trav\u00e9s de la web de la CEL<\/a>\u00a0\u00a0o del cuestionario ubicado al pie de esta publicaci\u00f3n. Se trata de una presentaci\u00f3n orientada tanto a<strong>\u00a0entidades formadoras\u00a0<\/strong>(consultoras de formaci\u00f3n, academias, entidades sindicales, asociaciones empresariales, Administraciones, empresas con departamento de RRHH, gimnasios, escuelas deportivas&#8230; y, en general, cualquier entidad, empresa u organismo de la Administraci\u00f3n que contrate formadores),\u00a0como a <strong>formadores de formaci\u00f3n continua y ocupacional<\/strong>, <strong>profesionales senior por cuenta propia o ajena<\/strong> que quieran dedicarse a la formaci\u00f3n como actividad complementaria. Durante el evento, se mostrar\u00e1\u00a0una visi\u00f3n global del proyecto, y se entrar\u00e1 en el detalle de\u00a0apartados y procesos espec\u00edficos relacionados con el formador (perfil profesional, competencia y reputaci\u00f3n), con las entidades formadoras (sedes, usuarios, ofertas de trabajo,&#8230;) y con la selecci\u00f3n de formadores. La presentaci\u00f3n finalizar\u00e1 con un feedback con\u00a0los asistentes. En este enlace puedes descargar el <a href=\"https:\/\/wekab.com\/blog\/wp-content\/uploads\/2015\/06\/150624_Programa_jornada_WeKAb_Lugo.pdf\" target=\"_blank\">programa de la presentaci\u00f3n de WeKAb en Lugo<\/a>. <em>WeKAb es un proyecto que,\u00a0a trav\u00e9s de la Fundaci\u00f3n CEL, se presentar\u00e1 a\u00a0<a href=\"http:\/\/fundacioncel.org\/nace-vialugo-programa-de-aceleracion-que-integrara-a-emprendedores-de-lugo\/\" target=\"_blank\">V\u00edaLugo<\/a>, brazo del programa de aceleraci\u00f3n de empresas <a href=\"http:\/\/www.viagalicia.gal\" target=\"_blank\">V\u00edaGalicia<\/a>.<\/em><\/p>\n<div id=\"ez-toc-container\" class=\"ez-toc-v2_0_74 counter-hierarchy ez-toc-counter ez-toc-custom ez-toc-container-direction\">\n<div class=\"ez-toc-title-container\">\n<p class=\"ez-toc-title\" style=\"cursor:inherit\">Tabla de contenidos<\/p>\n<span class=\"ez-toc-title-toggle\"><a href=\"#\" class=\"ez-toc-pull-right ez-toc-btn ez-toc-btn-xs ez-toc-btn-default ez-toc-toggle\" aria-label=\"Alternar tabla de contenidos\"><span class=\"ez-toc-js-icon-con\"><span class=\"\"><span class=\"eztoc-hide\" style=\"display:none;\">Toggle<\/span><span class=\"ez-toc-icon-toggle-span\"><svg style=\"fill: #999;color:#999\" xmlns=\"http:\/\/www.w3.org\/2000\/svg\" class=\"list-377408\" width=\"20px\" height=\"20px\" viewBox=\"0 0 24 24\" fill=\"none\"><path d=\"M6 6H4v2h2V6zm14 0H8v2h12V6zM4 11h2v2H4v-2zm16 0H8v2h12v-2zM4 16h2v2H4v-2zm16 0H8v2h12v-2z\" fill=\"currentColor\"><\/path><\/svg><svg style=\"fill: #999;color:#999\" class=\"arrow-unsorted-368013\" xmlns=\"http:\/\/www.w3.org\/2000\/svg\" width=\"10px\" height=\"10px\" viewBox=\"0 0 24 24\" version=\"1.2\" baseProfile=\"tiny\"><path d=\"M18.2 9.3l-6.2-6.3-6.2 6.3c-.2.2-.3.4-.3.7s.1.5.3.7c.2.2.4.3.7.3h11c.3 0 .5-.1.7-.3.2-.2.3-.5.3-.7s-.1-.5-.3-.7zM5.8 14.7l6.2 6.3 6.2-6.3c.2-.2.3-.5.3-.7s-.1-.5-.3-.7c-.2-.2-.4-.3-.7-.3h-11c-.3 0-.5.1-.7.3-.2.2-.3.5-.3.7s.1.5.3.7z\"\/><\/svg><\/span><\/span><\/span><\/a><\/span><\/div>\n<nav><ul class='ez-toc-list ez-toc-list-level-1 eztoc-toggle-hide-by-default' ><li class='ez-toc-page-1 ez-toc-heading-level-2'><a class=\"ez-toc-link ez-toc-heading-1\" href=\"https:\/\/wekab.com\/blog\/presentacion-de-www-wekab-com-en-lugo\/#%C2%BFDonde\" >\u00bfD\u00f3nde?<\/a><\/li><li class='ez-toc-page-1 ez-toc-heading-level-2'><a class=\"ez-toc-link ez-toc-heading-2\" href=\"https:\/\/wekab.com\/blog\/presentacion-de-www-wekab-com-en-lugo\/#Inscripcion\" >Inscripci\u00f3n<\/a><\/li><\/ul><\/nav><\/div>\n<h2><span class=\"ez-toc-section\" id=\"%C2%BFDonde\"><\/span>\u00bfD\u00f3nde?<span class=\"ez-toc-section-end\"><\/span><\/h2>\n<p><strong>Sede de la Confederaci\u00f3n de Empresarios de Lugo (CEL)<\/strong> Plaza de Santo Domingo, 6 Planta 2\u00aa 27001 Lugo Tel\u00e9fono de contacto: 982 23 11 50 <iframe loading=\"lazy\" style=\"border: 0;\" src=\"https:\/\/www.google.com\/maps\/embed?pb=!1m18!1m12!1m3!1d2917.388082647672!2d-7.556060999999999!3d43.012218000000004!2m3!1f0!2f0!3f0!3m2!1i1024!2i768!4f13.1!3m3!1m2!1s0xd31ce9aa161fb2f%3A0xce0c9eb7ed5ef549!2sConfederaci%C3%B3n+de+Empresarios+de+Lugo+(CEL)!5e0!3m2!1ses!2ses!4v1434603027145\" width=\"600\" height=\"450\" frameborder=\"0\"><\/iframe><\/p>\n<h2><span class=\"ez-toc-section\" id=\"Inscripcion\"><\/span>Inscripci\u00f3n<span class=\"ez-toc-section-end\"><\/span><\/h2>\n<p>A trav\u00e9s de <a href=\"http:\/\/www.cel.es\/es\/\" target=\"_blank\">www.cel.es<\/a> o del siguiente formulario:<br \/>\n<iframe loading=\"lazy\" src=\"https:\/\/docs.google.com\/forms\/d\/18HWpoDBJBZfIi4gL0l1h2BzYiEPVTdFqO3zGYL_yP4c\/viewform?embedded=true\" width=\"600\" height=\"1700\" frameborder=\"0\" marginwidth=\"0\" marginheight=\"0\">Cargando&#8230;<\/iframe><\/p>\n","protected":false},"excerpt":{"rendered":"<p>WeKAb.com: SOY FORMADOR&#8230; BUSCO FORMADOR&#8230;, bajo este t\u00edtulo, realizamos una peque\u00f1a gira de presentaciones por Galicia que se unen a las realizadas anteriormente\u00a0en Santiago de Compostela y Valencia: A CORU\u00d1A &#8211; 22\/06\/2015 (10-12h) &#8211; Aula CeMIT de Eiris &#8211; Organizada en colaboraci\u00f3n con el CDTIC y AMTEGA LUGO &#8211; 24\/06\/2015 (11-13h) &#8211; Sede de la&#8230;<\/p>\n","protected":false},"author":2,"featured_media":134,"comment_status":"open","ping_status":"open","sticky":false,"template":"","format":"standard","meta":{"_kad_post_transparent":"","_kad_post_title":"","_kad_post_layout":"","_kad_post_sidebar_id":"","_kad_post_content_style":"","_kad_post_vertical_padding":"","_kad_post_feature":"","_kad_post_feature_position":"","_kad_post_header":false,"_kad_post_footer":false,"footnotes":""},"categories":[22,176],"tags":[52,54,15,2,27,16,53,56,18,55,25],"class_list":["post-148","post","type-post","status-publish","format-standard","has-post-thumbnail","hentry","category-eventos","category-ferias-y-congresos","tag-cel","tag-confederacion-de-empresarios-de-lugo","tag-docente","tag-empleo","tag-entidad-formadora","tag-formador","tag-fundacion-cel","tag-lugo","tag-trabajo","tag-vialugo","tag-wekab"],"yoast_head":"<!-- This site is optimized with the Yoast SEO plugin v25.2 - https:\/\/yoast.com\/wordpress\/plugins\/seo\/ -->\n<title>Presentaci\u00f3n de www.WeKAb.com en Lugo - El Blog de WeKAb<\/title>\n<meta name=\"description\" content=\"Presentaci\u00f3n de www.WeKAb.com en Lugo\" \/>\n<meta name=\"robots\" content=\"index, follow, max-snippet:-1, max-image-preview:large, max-video-preview:-1\" \/>\n<link rel=\"canonical\" href=\"https:\/\/wekab.com\/blog\/presentacion-de-www-wekab-com-en-lugo\/\" \/>\n<meta property=\"og:locale\" content=\"es_ES\" \/>\n<meta property=\"og:type\" content=\"article\" \/>\n<meta property=\"og:title\" content=\"Presentaci\u00f3n de www.WeKAb.com en Lugo - El Blog de WeKAb\" \/>\n<meta property=\"og:description\" content=\"Presentaci\u00f3n de www.WeKAb.com en Lugo\" \/>\n<meta property=\"og:url\" content=\"https:\/\/wekab.com\/blog\/presentacion-de-www-wekab-com-en-lugo\/\" \/>\n<meta property=\"og:site_name\" content=\"El Blog de WeKAb\" \/>\n<meta property=\"article:publisher\" content=\"https:\/\/www.facebook.com\/WeKnowAbout\/\" \/>\n<meta property=\"article:author\" content=\"www.facebook.com\/weknowabout\" \/>\n<meta property=\"article:published_time\" content=\"2015-06-13T08:42:13+00:00\" \/>\n<meta property=\"article:modified_time\" content=\"2017-04-04T13:55:08+00:00\" \/>\n<meta property=\"og:image\" content=\"https:\/\/wekab.com\/blog\/wp-content\/uploads\/2015\/06\/150624_Programa_WeKAb_LUGO_940x400.png\" \/>\n\t<meta property=\"og:image:width\" content=\"940\" \/>\n\t<meta property=\"og:image:height\" content=\"400\" \/>\n\t<meta property=\"og:image:type\" content=\"image\/png\" \/>\n<meta name=\"author\" content=\"WeKAb\" \/>\n<meta name=\"twitter:card\" content=\"summary_large_image\" \/>\n<meta name=\"twitter:creator\" content=\"@https:\/\/twitter.com\/WeKAb\" \/>\n<meta name=\"twitter:site\" content=\"@wekab\" \/>\n<meta name=\"twitter:label1\" content=\"Escrito por\" \/>\n\t<meta name=\"twitter:data1\" content=\"WeKAb\" \/>\n\t<meta name=\"twitter:label2\" content=\"Tiempo de lectura\" \/>\n\t<meta name=\"twitter:data2\" content=\"2 minutos\" \/>\n<script type=\"application\/ld+json\" class=\"yoast-schema-graph\">{\"@context\":\"https:\/\/schema.org\",\"@graph\":[{\"@type\":\"Article\",\"@id\":\"https:\/\/wekab.com\/blog\/presentacion-de-www-wekab-com-en-lugo\/#article\",\"isPartOf\":{\"@id\":\"https:\/\/wekab.com\/blog\/presentacion-de-www-wekab-com-en-lugo\/\"},\"author\":{\"name\":\"WeKAb\",\"@id\":\"https:\/\/wekab.com\/blog\/#\/schema\/person\/4549c377f58dfe2e7c89ee9fe7b524e2\"},\"headline\":\"Presentaci\u00f3n de www.WeKAb.com en Lugo\",\"datePublished\":\"2015-06-13T08:42:13+00:00\",\"dateModified\":\"2017-04-04T13:55:08+00:00\",\"mainEntityOfPage\":{\"@id\":\"https:\/\/wekab.com\/blog\/presentacion-de-www-wekab-com-en-lugo\/\"},\"wordCount\":381,\"commentCount\":0,\"publisher\":{\"@id\":\"https:\/\/wekab.com\/blog\/#organization\"},\"image\":{\"@id\":\"https:\/\/wekab.com\/blog\/presentacion-de-www-wekab-com-en-lugo\/#primaryimage\"},\"thumbnailUrl\":\"https:\/\/wekab.com\/blog\/wp-content\/uploads\/2015\/06\/150624_Programa_WeKAb_LUGO_940x400.png\",\"keywords\":[\"CEL\",\"Confederaci\u00f3n de Empresarios de Lugo\",\"docente\",\"empleo\",\"entidad formadora\",\"formador\",\"Fundaci\u00f3n CEL\",\"Lugo\",\"trabajo\",\"ViaLugo\",\"WeKAb\"],\"articleSection\":[\"Eventos\",\"Ferias y Congresos\"],\"inLanguage\":\"es\",\"potentialAction\":[{\"@type\":\"CommentAction\",\"name\":\"Comment\",\"target\":[\"https:\/\/wekab.com\/blog\/presentacion-de-www-wekab-com-en-lugo\/#respond\"]}]},{\"@type\":\"WebPage\",\"@id\":\"https:\/\/wekab.com\/blog\/presentacion-de-www-wekab-com-en-lugo\/\",\"url\":\"https:\/\/wekab.com\/blog\/presentacion-de-www-wekab-com-en-lugo\/\",\"name\":\"Presentaci\u00f3n de www.WeKAb.com en Lugo - El Blog de WeKAb\",\"isPartOf\":{\"@id\":\"https:\/\/wekab.com\/blog\/#website\"},\"primaryImageOfPage\":{\"@id\":\"https:\/\/wekab.com\/blog\/presentacion-de-www-wekab-com-en-lugo\/#primaryimage\"},\"image\":{\"@id\":\"https:\/\/wekab.com\/blog\/presentacion-de-www-wekab-com-en-lugo\/#primaryimage\"},\"thumbnailUrl\":\"https:\/\/wekab.com\/blog\/wp-content\/uploads\/2015\/06\/150624_Programa_WeKAb_LUGO_940x400.png\",\"datePublished\":\"2015-06-13T08:42:13+00:00\",\"dateModified\":\"2017-04-04T13:55:08+00:00\",\"description\":\"Presentaci\u00f3n de www.WeKAb.com en Lugo\",\"breadcrumb\":{\"@id\":\"https:\/\/wekab.com\/blog\/presentacion-de-www-wekab-com-en-lugo\/#breadcrumb\"},\"inLanguage\":\"es\",\"potentialAction\":[{\"@type\":\"ReadAction\",\"target\":[\"https:\/\/wekab.com\/blog\/presentacion-de-www-wekab-com-en-lugo\/\"]}]},{\"@type\":\"ImageObject\",\"inLanguage\":\"es\",\"@id\":\"https:\/\/wekab.com\/blog\/presentacion-de-www-wekab-com-en-lugo\/#primaryimage\",\"url\":\"https:\/\/wekab.com\/blog\/wp-content\/uploads\/2015\/06\/150624_Programa_WeKAb_LUGO_940x400.png\",\"contentUrl\":\"https:\/\/wekab.com\/blog\/wp-content\/uploads\/2015\/06\/150624_Programa_WeKAb_LUGO_940x400.png\",\"width\":940,\"height\":400,\"caption\":\"Presentaci\u00f3n de www.WeKAb.com en Lugo\"},{\"@type\":\"BreadcrumbList\",\"@id\":\"https:\/\/wekab.com\/blog\/presentacion-de-www-wekab-com-en-lugo\/#breadcrumb\",\"itemListElement\":[{\"@type\":\"ListItem\",\"position\":1,\"name\":\"Portada\",\"item\":\"https:\/\/wekab.com\/blog\/\"},{\"@type\":\"ListItem\",\"position\":2,\"name\":\"Eventos\",\"item\":\"https:\/\/wekab.com\/blog\/category\/eventos\/\"},{\"@type\":\"ListItem\",\"position\":3,\"name\":\"Presentaci\u00f3n de www.WeKAb.com en Lugo\"}]},{\"@type\":\"WebSite\",\"@id\":\"https:\/\/wekab.com\/blog\/#website\",\"url\":\"https:\/\/wekab.com\/blog\/\",\"name\":\"El Blog de WeKAb\",\"description\":\"Trabajo para formadores\",\"publisher\":{\"@id\":\"https:\/\/wekab.com\/blog\/#organization\"},\"potentialAction\":[{\"@type\":\"SearchAction\",\"target\":{\"@type\":\"EntryPoint\",\"urlTemplate\":\"https:\/\/wekab.com\/blog\/?s={search_term_string}\"},\"query-input\":{\"@type\":\"PropertyValueSpecification\",\"valueRequired\":true,\"valueName\":\"search_term_string\"}}],\"inLanguage\":\"es\"},{\"@type\":\"Organization\",\"@id\":\"https:\/\/wekab.com\/blog\/#organization\",\"name\":\"WeKAb\",\"url\":\"https:\/\/wekab.com\/blog\/\",\"logo\":{\"@type\":\"ImageObject\",\"inLanguage\":\"es\",\"@id\":\"https:\/\/wekab.com\/blog\/#\/schema\/logo\/image\/\",\"url\":\"https:\/\/wekab.com\/blog\/wp-content\/uploads\/2015\/04\/logo_0003_ConectConocimiento_white_320__120.png\",\"contentUrl\":\"https:\/\/wekab.com\/blog\/wp-content\/uploads\/2015\/04\/logo_0003_ConectConocimiento_white_320__120.png\",\"width\":320,\"height\":120,\"caption\":\"WeKAb\"},\"image\":{\"@id\":\"https:\/\/wekab.com\/blog\/#\/schema\/logo\/image\/\"},\"sameAs\":[\"https:\/\/www.facebook.com\/WeKnowAbout\/\",\"https:\/\/x.com\/wekab\",\"https:\/\/www.linkedin.com\/company\/wekab\",\"https:\/\/www.youtube.com\/user\/WeKnowAbout\"]},{\"@type\":\"Person\",\"@id\":\"https:\/\/wekab.com\/blog\/#\/schema\/person\/4549c377f58dfe2e7c89ee9fe7b524e2\",\"name\":\"WeKAb\",\"image\":{\"@type\":\"ImageObject\",\"inLanguage\":\"es\",\"@id\":\"https:\/\/wekab.com\/blog\/#\/schema\/person\/image\/\",\"url\":\"https:\/\/secure.gravatar.com\/avatar\/1683069b8479db2ab50e72c0866b4ae05544a7061daba4f941ae697f8925a319?s=96&d=mm&r=g\",\"contentUrl\":\"https:\/\/secure.gravatar.com\/avatar\/1683069b8479db2ab50e72c0866b4ae05544a7061daba4f941ae697f8925a319?s=96&d=mm&r=g\",\"caption\":\"WeKAb\"},\"sameAs\":[\"http:\/\/www.wekab.com\",\"www.facebook.com\/weknowabout\",\"https:\/\/www.linkedin.com\/company\/wekab\",\"https:\/\/x.com\/https:\/\/twitter.com\/WeKAb\",\"https:\/\/www.youtube.com\/user\/WeKnowAbout\"],\"url\":\"https:\/\/wekab.com\/blog\/author\/wekab\/\"}]}<\/script>\n<!-- \/ Yoast SEO plugin. -->","yoast_head_json":{"title":"Presentaci\u00f3n de www.WeKAb.com en Lugo - El Blog de WeKAb","description":"Presentaci\u00f3n de www.WeKAb.com en Lugo","robots":{"index":"index","follow":"follow","max-snippet":"max-snippet:-1","max-image-preview":"max-image-preview:large","max-video-preview":"max-video-preview:-1"},"canonical":"https:\/\/wekab.com\/blog\/presentacion-de-www-wekab-com-en-lugo\/","og_locale":"es_ES","og_type":"article","og_title":"Presentaci\u00f3n de www.WeKAb.com en Lugo - El Blog de WeKAb","og_description":"Presentaci\u00f3n de www.WeKAb.com en Lugo","og_url":"https:\/\/wekab.com\/blog\/presentacion-de-www-wekab-com-en-lugo\/","og_site_name":"El Blog de WeKAb","article_publisher":"https:\/\/www.facebook.com\/WeKnowAbout\/","article_author":"www.facebook.com\/weknowabout","article_published_time":"2015-06-13T08:42:13+00:00","article_modified_time":"2017-04-04T13:55:08+00:00","og_image":[{"width":940,"height":400,"url":"https:\/\/wekab.com\/blog\/wp-content\/uploads\/2015\/06\/150624_Programa_WeKAb_LUGO_940x400.png","type":"image\/png"}],"author":"WeKAb","twitter_card":"summary_large_image","twitter_creator":"@https:\/\/twitter.com\/WeKAb","twitter_site":"@wekab","twitter_misc":{"Escrito por":"WeKAb","Tiempo de lectura":"2 minutos"},"schema":{"@context":"https:\/\/schema.org","@graph":[{"@type":"Article","@id":"https:\/\/wekab.com\/blog\/presentacion-de-www-wekab-com-en-lugo\/#article","isPartOf":{"@id":"https:\/\/wekab.com\/blog\/presentacion-de-www-wekab-com-en-lugo\/"},"author":{"name":"WeKAb","@id":"https:\/\/wekab.com\/blog\/#\/schema\/person\/4549c377f58dfe2e7c89ee9fe7b524e2"},"headline":"Presentaci\u00f3n de www.WeKAb.com en Lugo","datePublished":"2015-06-13T08:42:13+00:00","dateModified":"2017-04-04T13:55:08+00:00","mainEntityOfPage":{"@id":"https:\/\/wekab.com\/blog\/presentacion-de-www-wekab-com-en-lugo\/"},"wordCount":381,"commentCount":0,"publisher":{"@id":"https:\/\/wekab.com\/blog\/#organization"},"image":{"@id":"https:\/\/wekab.com\/blog\/presentacion-de-www-wekab-com-en-lugo\/#primaryimage"},"thumbnailUrl":"https:\/\/wekab.com\/blog\/wp-content\/uploads\/2015\/06\/150624_Programa_WeKAb_LUGO_940x400.png","keywords":["CEL","Confederaci\u00f3n de Empresarios de Lugo","docente","empleo","entidad formadora","formador","Fundaci\u00f3n CEL","Lugo","trabajo","ViaLugo","WeKAb"],"articleSection":["Eventos","Ferias y Congresos"],"inLanguage":"es","potentialAction":[{"@type":"CommentAction","name":"Comment","target":["https:\/\/wekab.com\/blog\/presentacion-de-www-wekab-com-en-lugo\/#respond"]}]},{"@type":"WebPage","@id":"https:\/\/wekab.com\/blog\/presentacion-de-www-wekab-com-en-lugo\/","url":"https:\/\/wekab.com\/blog\/presentacion-de-www-wekab-com-en-lugo\/","name":"Presentaci\u00f3n de www.WeKAb.com en Lugo - El Blog de WeKAb","isPartOf":{"@id":"https:\/\/wekab.com\/blog\/#website"},"primaryImageOfPage":{"@id":"https:\/\/wekab.com\/blog\/presentacion-de-www-wekab-com-en-lugo\/#primaryimage"},"image":{"@id":"https:\/\/wekab.com\/blog\/presentacion-de-www-wekab-com-en-lugo\/#primaryimage"},"thumbnailUrl":"https:\/\/wekab.com\/blog\/wp-content\/uploads\/2015\/06\/150624_Programa_WeKAb_LUGO_940x400.png","datePublished":"2015-06-13T08:42:13+00:00","dateModified":"2017-04-04T13:55:08+00:00","description":"Presentaci\u00f3n de www.WeKAb.com en Lugo","breadcrumb":{"@id":"https:\/\/wekab.com\/blog\/presentacion-de-www-wekab-com-en-lugo\/#breadcrumb"},"inLanguage":"es","potentialAction":[{"@type":"ReadAction","target":["https:\/\/wekab.com\/blog\/presentacion-de-www-wekab-com-en-lugo\/"]}]},{"@type":"ImageObject","inLanguage":"es","@id":"https:\/\/wekab.com\/blog\/presentacion-de-www-wekab-com-en-lugo\/#primaryimage","url":"https:\/\/wekab.com\/blog\/wp-content\/uploads\/2015\/06\/150624_Programa_WeKAb_LUGO_940x400.png","contentUrl":"https:\/\/wekab.com\/blog\/wp-content\/uploads\/2015\/06\/150624_Programa_WeKAb_LUGO_940x400.png","width":940,"height":400,"caption":"Presentaci\u00f3n de www.WeKAb.com en Lugo"},{"@type":"BreadcrumbList","@id":"https:\/\/wekab.com\/blog\/presentacion-de-www-wekab-com-en-lugo\/#breadcrumb","itemListElement":[{"@type":"ListItem","position":1,"name":"Portada","item":"https:\/\/wekab.com\/blog\/"},{"@type":"ListItem","position":2,"name":"Eventos","item":"https:\/\/wekab.com\/blog\/category\/eventos\/"},{"@type":"ListItem","position":3,"name":"Presentaci\u00f3n de www.WeKAb.com en Lugo"}]},{"@type":"WebSite","@id":"https:\/\/wekab.com\/blog\/#website","url":"https:\/\/wekab.com\/blog\/","name":"El Blog de WeKAb","description":"Trabajo para formadores","publisher":{"@id":"https:\/\/wekab.com\/blog\/#organization"},"potentialAction":[{"@type":"SearchAction","target":{"@type":"EntryPoint","urlTemplate":"https:\/\/wekab.com\/blog\/?s={search_term_string}"},"query-input":{"@type":"PropertyValueSpecification","valueRequired":true,"valueName":"search_term_string"}}],"inLanguage":"es"},{"@type":"Organization","@id":"https:\/\/wekab.com\/blog\/#organization","name":"WeKAb","url":"https:\/\/wekab.com\/blog\/","logo":{"@type":"ImageObject","inLanguage":"es","@id":"https:\/\/wekab.com\/blog\/#\/schema\/logo\/image\/","url":"https:\/\/wekab.com\/blog\/wp-content\/uploads\/2015\/04\/logo_0003_ConectConocimiento_white_320__120.png","contentUrl":"https:\/\/wekab.com\/blog\/wp-content\/uploads\/2015\/04\/logo_0003_ConectConocimiento_white_320__120.png","width":320,"height":120,"caption":"WeKAb"},"image":{"@id":"https:\/\/wekab.com\/blog\/#\/schema\/logo\/image\/"},"sameAs":["https:\/\/www.facebook.com\/WeKnowAbout\/","https:\/\/x.com\/wekab","https:\/\/www.linkedin.com\/company\/wekab","https:\/\/www.youtube.com\/user\/WeKnowAbout"]},{"@type":"Person","@id":"https:\/\/wekab.com\/blog\/#\/schema\/person\/4549c377f58dfe2e7c89ee9fe7b524e2","name":"WeKAb","image":{"@type":"ImageObject","inLanguage":"es","@id":"https:\/\/wekab.com\/blog\/#\/schema\/person\/image\/","url":"https:\/\/secure.gravatar.com\/avatar\/1683069b8479db2ab50e72c0866b4ae05544a7061daba4f941ae697f8925a319?s=96&d=mm&r=g","contentUrl":"https:\/\/secure.gravatar.com\/avatar\/1683069b8479db2ab50e72c0866b4ae05544a7061daba4f941ae697f8925a319?s=96&d=mm&r=g","caption":"WeKAb"},"sameAs":["http:\/\/www.wekab.com","www.facebook.com\/weknowabout","https:\/\/www.linkedin.com\/company\/wekab","https:\/\/x.com\/https:\/\/twitter.com\/WeKAb","https:\/\/www.youtube.com\/user\/WeKnowAbout"],"url":"https:\/\/wekab.com\/blog\/author\/wekab\/"}]}},"_links":{"self":[{"href":"https:\/\/wekab.com\/blog\/wp-json\/wp\/v2\/posts\/148","targetHints":{"allow":["GET"]}}],"collection":[{"href":"https:\/\/wekab.com\/blog\/wp-json\/wp\/v2\/posts"}],"about":[{"href":"https:\/\/wekab.com\/blog\/wp-json\/wp\/v2\/types\/post"}],"author":[{"embeddable":true,"href":"https:\/\/wekab.com\/blog\/wp-json\/wp\/v2\/users\/2"}],"replies":[{"embeddable":true,"href":"https:\/\/wekab.com\/blog\/wp-json\/wp\/v2\/comments?post=148"}],"version-history":[{"count":0,"href":"https:\/\/wekab.com\/blog\/wp-json\/wp\/v2\/posts\/148\/revisions"}],"wp:featuredmedia":[{"embeddable":true,"href":"https:\/\/wekab.com\/blog\/wp-json\/wp\/v2\/media\/134"}],"wp:attachment":[{"href":"https:\/\/wekab.com\/blog\/wp-json\/wp\/v2\/media?parent=148"}],"wp:term":[{"taxonomy":"category","embeddable":true,"href":"https:\/\/wekab.com\/blog\/wp-json\/wp\/v2\/categories?post=148"},{"taxonomy":"post_tag","embeddable":true,"href":"https:\/\/wekab.com\/blog\/wp-json\/wp\/v2\/tags?post=148"}],"curies":[{"name":"wp","href":"https:\/\/api.w.org\/{rel}","templated":true}]}}