{"id":1572,"date":"2024-07-19T09:57:44","date_gmt":"2024-07-19T08:57:44","guid":{"rendered":"https:\/\/wekab.com\/blog\/?p=1572"},"modified":"2024-07-30T09:02:01","modified_gmt":"2024-07-30T08:02:01","slug":"quieres-ser-un-docente-influencer-la-netiqueta-y-la-oratoria-digital-son-tus-aliadas","status":"publish","type":"post","link":"https:\/\/wekab.com\/blog\/quieres-ser-un-docente-influencer-la-netiqueta-y-la-oratoria-digital-son-tus-aliadas\/","title":{"rendered":"\u00bfQuieres ser un \u00abdocente influencer\u00bb? La NETiqueta y la Oratoria digital son tus aliadas"},"content":{"rendered":"\n<p>\u00bfC\u00f3mo convertirse en un \u00abdocente influencer\u00bb a trav\u00e9s del uso correcto de la netiqueta y la oratoria digital? Mar Castro comparte en el cap\u00edtulo n\u00famero 13 de Learning Advisors valiosas recomendaciones y estrategias para mejorar la presencia en l\u00ednea y potenciar la comunicaci\u00f3n digital, especialmente para los docentes que buscan influir y aportar valor en la era digital.<\/p>\n\n\n\n<p>Recuerda que si este resumen se te hace poco podr\u00e1s escuchar el cap\u00edtulo completo en tu plataforma de podcast favorita o verlo en Youtube.<\/p>\n\n\n\n<iframe style=\"border-radius:12px\" src=\"https:\/\/open.spotify.com\/embed\/episode\/2xZeEtVd0FO5TQh557RXeA\/video?utm_source=generator\" width=\"624\" height=\"351\" frameBorder=\"0\" allowfullscreen=\"\" allow=\"autoplay; clipboard-write; encrypted-media; fullscreen; picture-in-picture\" loading=\"lazy\"><\/iframe>\n\n\n\n<div id=\"ez-toc-container\" class=\"ez-toc-v2_0_74 counter-hierarchy ez-toc-counter ez-toc-custom ez-toc-container-direction\">\n<div class=\"ez-toc-title-container\">\n<p class=\"ez-toc-title\" style=\"cursor:inherit\">Tabla de contenidos<\/p>\n<span class=\"ez-toc-title-toggle\"><a href=\"#\" class=\"ez-toc-pull-right ez-toc-btn ez-toc-btn-xs ez-toc-btn-default ez-toc-toggle\" aria-label=\"Alternar tabla de contenidos\"><span class=\"ez-toc-js-icon-con\"><span class=\"\"><span class=\"eztoc-hide\" style=\"display:none;\">Toggle<\/span><span class=\"ez-toc-icon-toggle-span\"><svg style=\"fill: #999;color:#999\" xmlns=\"http:\/\/www.w3.org\/2000\/svg\" class=\"list-377408\" width=\"20px\" height=\"20px\" viewBox=\"0 0 24 24\" fill=\"none\"><path d=\"M6 6H4v2h2V6zm14 0H8v2h12V6zM4 11h2v2H4v-2zm16 0H8v2h12v-2zM4 16h2v2H4v-2zm16 0H8v2h12v-2z\" fill=\"currentColor\"><\/path><\/svg><svg style=\"fill: #999;color:#999\" class=\"arrow-unsorted-368013\" xmlns=\"http:\/\/www.w3.org\/2000\/svg\" width=\"10px\" height=\"10px\" viewBox=\"0 0 24 24\" version=\"1.2\" baseProfile=\"tiny\"><path d=\"M18.2 9.3l-6.2-6.3-6.2 6.3c-.2.2-.3.4-.3.7s.1.5.3.7c.2.2.4.3.7.3h11c.3 0 .5-.1.7-.3.2-.2.3-.5.3-.7s-.1-.5-.3-.7zM5.8 14.7l6.2 6.3 6.2-6.3c.2-.2.3-.5.3-.7s-.1-.5-.3-.7c-.2-.2-.4-.3-.7-.3h-11c-.3 0-.5.1-.7.3-.2.2-.3.5-.3.7s.1.5.3.7z\"\/><\/svg><\/span><\/span><\/span><\/a><\/span><\/div>\n<nav><ul class='ez-toc-list ez-toc-list-level-1 eztoc-toggle-hide-by-default' ><li class='ez-toc-page-1 ez-toc-heading-level-2'><a class=\"ez-toc-link ez-toc-heading-1\" href=\"https:\/\/wekab.com\/blog\/quieres-ser-un-docente-influencer-la-netiqueta-y-la-oratoria-digital-son-tus-aliadas\/#%C2%BFQuien_es_Mar_Castro\" >\u00bfQui\u00e9n es Mar Castro?<\/a><\/li><li class='ez-toc-page-1 ez-toc-heading-level-2'><a class=\"ez-toc-link ez-toc-heading-2\" href=\"https:\/\/wekab.com\/blog\/quieres-ser-un-docente-influencer-la-netiqueta-y-la-oratoria-digital-son-tus-aliadas\/#Importancia_de_LinkedIn_y_de_una_Estrategia_Digital\" >Importancia de LinkedIn y de una Estrategia Digital<\/a><\/li><li class='ez-toc-page-1 ez-toc-heading-level-2'><a class=\"ez-toc-link ez-toc-heading-3\" href=\"https:\/\/wekab.com\/blog\/quieres-ser-un-docente-influencer-la-netiqueta-y-la-oratoria-digital-son-tus-aliadas\/#Conectar_con_el_Publico\" >Conectar con el P\u00fablico<\/a><\/li><li class='ez-toc-page-1 ez-toc-heading-level-2'><a class=\"ez-toc-link ez-toc-heading-4\" href=\"https:\/\/wekab.com\/blog\/quieres-ser-un-docente-influencer-la-netiqueta-y-la-oratoria-digital-son-tus-aliadas\/#La_Oratoria_en_el_Entorno_Digital\" >La Oratoria en el Entorno Digital<\/a><\/li><li class='ez-toc-page-1 ez-toc-heading-level-2'><a class=\"ez-toc-link ez-toc-heading-5\" href=\"https:\/\/wekab.com\/blog\/quieres-ser-un-docente-influencer-la-netiqueta-y-la-oratoria-digital-son-tus-aliadas\/#La_NETiqueta_como_Base_del_Comportamiento_en_Linea\" >La NETiqueta como Base del Comportamiento en L\u00ednea<\/a><\/li><\/ul><\/nav><\/div>\n<h2 class=\"wp-block-heading\"><span class=\"ez-toc-section\" id=\"%C2%BFQuien_es_Mar_Castro\"><\/span>\u00bfQui\u00e9n es Mar Castro?<span class=\"ez-toc-section-end\"><\/span><\/h2>\n\n\n\n<p>Mar Castro es una profesional entusiasta de la palabra. Defiende que \u201csomos lo que comunicamos\u201d. Doctora en Comunicaci\u00f3n por la Universidad de Vigo, compagina su labor de asesora internacional en Comunicaci\u00f3n Ejecutiva y Marca Personal con la docencia en universidades y escuelas de negocio iberoamericanas. Impulsora de talento profesional, ayuda a generar confianza a trav\u00e9s de la gesti\u00f3n de la marca y la mejora de las presentaciones profesionales. Colabora en medios de comunicaci\u00f3n como experta en Protocolo y Comunicaci\u00f3n. <\/p>\n\n\n\n<p>Es autora de siete publicaciones sobre sus \u00e1reas de especializaci\u00f3n, y creadora del blog de comunicaci\u00f3n: www.marcastro.es. Disfruta intensamente relacion\u00e1ndose con las personas y apuesta por un liderazgo inspirador. Cree en las bondades de la sonrisa y en la pr\u00e1ctica de la autenticidad, la coherencia y la humanidad como principios rectores de su vida. <\/p>\n\n\n\n<p>Se considera extrovertida, entusiasta y cercana. Integrarse en diferentes grupos de inter\u00e9s y dirigirse a distintos auditorios con permanente af\u00e1n de formar o asesorar es una constante en su vida. \u00a1La palabra es la distancia m\u00e1s corta entre dos personas!<\/p>\n\n\n\n<h2 class=\"wp-block-heading\"><span class=\"ez-toc-section\" id=\"Importancia_de_LinkedIn_y_de_una_Estrategia_Digital\"><\/span>Importancia de LinkedIn y de una Estrategia Digital<span class=\"ez-toc-section-end\"><\/span><\/h2>\n\n\n\n<p>Mar Castro subraya que LinkedIn es la red profesional por excelencia y enfatiza la importancia de cuidar aspectos como el titular profesional, la foto de perfil y la de portada. Hacer estas mejoras puede marcar una gran diferencia en c\u00f3mo somos percibidos por otros profesionales. Una de sus observaciones clave es que LinkedIn no es Facebook, y por lo tanto, se deben distinguir claramente los diferentes tipos de redes sociales.<\/p>\n\n\n\n<p>Para utilizar LinkedIn de manera efectiva, Mar recomienda publicar de dos a tres veces por semana utilizando entre tres y cinco hashtags relevantes. Tambi\u00e9n sugiere seguir y comentar a personas que aporten valor a la red, y resalta la importancia de ofrecer comentarios y argumentos valiosos.<\/p>\n\n\n\n<h2 class=\"wp-block-heading\"><span class=\"ez-toc-section\" id=\"Conectar_con_el_Publico\"><\/span>Conectar con el P\u00fablico<span class=\"ez-toc-section-end\"><\/span><\/h2>\n\n\n\n<p>Una parte crucial de la estrategia digital es conocer bien a nuestro p\u00fablico objetivo. Mar subraya que para que el mensaje sea concreto y directo, debemos entender las necesidades y expectativas de nuestra audiencia. Este conocimiento no solo ayuda a mejorar nuestras publicaciones, sino que tambi\u00e9n garantiza que lo que compartimos sea de verdadero valor.<\/p>\n\n\n\n<p>Mar tambi\u00e9n pone \u00e9nfasis en la coherencia y la autenticidad. La marca personal es lo que otros dicen de ti cuando no est\u00e1s presente, por lo que es esencial ser coherente, aut\u00e9ntico y humilde. Adem\u00e1s, destaca la importancia de una biograf\u00eda precisa y honesta en todas las redes sociales donde decidimos tener presencia.<\/p>\n\n\n\n<h2 class=\"wp-block-heading\"><span class=\"ez-toc-section\" id=\"La_Oratoria_en_el_Entorno_Digital\"><\/span>La Oratoria en el Entorno Digital<span class=\"ez-toc-section-end\"><\/span><\/h2>\n\n\n\n<p>Otro punto central de la conversaci\u00f3n es la oratoria digital, una habilidad indispensable para todo docente en la era de la educaci\u00f3n en l\u00ednea. Mar Castro divide el proceso de hablar en p\u00fablico en tres pasos: querer hacerlo, formarse y practicar. La clave para un buen comienzo es tener un conocimiento profundo del tema y ser honesto cuando no se tiene toda la informaci\u00f3n.<\/p>\n\n\n\n<p>Mar tambi\u00e9n aborda las t\u00e9cnicas para hablar frente a una pantalla, como cuidar el uso de herramientas como bol\u00edgrafos o anillos, mantener una postura c\u00f3moda con las manos y mirar a la c\u00e1mara para establecer conexi\u00f3n con la audiencia.<\/p>\n\n\n\n<h2 class=\"wp-block-heading\"><span class=\"ez-toc-section\" id=\"La_NETiqueta_como_Base_del_Comportamiento_en_Linea\"><\/span>La NETiqueta como Base del Comportamiento en L\u00ednea<span class=\"ez-toc-section-end\"><\/span><\/h2>\n\n\n\n<p><span style=\"font-size: revert; color: initial;\">La netiqueta se basa en valores fundamentales como la coherencia, la autenticidad, la integridad y el respeto hacia uno mismo y hacia los dem\u00e1s. Mar ofrece gu\u00edas espec\u00edficas sobre c\u00f3mo cuidar nuestro perfil en las redes sociales y c\u00f3mo debemos comportarnos en diferentes plataformas, desde la extensi\u00f3n de los p\u00e1rrafos hasta el uso de hashtags.<\/span><p>Para los docentes, Mar recomienda conocer bien las recomendaciones de cada red y destacar la importancia de no enviar mensajes que puedan ser malinterpretados. Tambi\u00e9n toca temas como las buenas pr\u00e1cticas en WhatsApp, sugiriendo no bombardear los grupos con mensajes y mantener las tem\u00e1ticas enfocadas.<\/p><\/p>\n\n\n\n<p>En resumen, este episodio del podcast Learning Advisors ofrece una hoja de ruta clara para los docentes que desean convertirse en influencers en su campo. Mar Castro enfatiza la importancia de la coherencia y la autenticidad en la marca personal, la necesidad de una estrategia digital bien planificada y el dominio del arte de la oratoria. Adem\u00e1s, la netiqueta se presenta como una herramienta indispensable para mantener una presencia en l\u00ednea respetuosa y efectiva.<\/p>\n\n\n\n<p>Al seguir estas directrices, los docentes pueden no solo mejorar su propia presencia en l\u00ednea, sino tambi\u00e9n influir positivamente en sus estudiantes y en la comunidad educativa. As\u00ed, Mar Castro nos deja con un mensaje claro: la clave del \u00e9xito en el mundo digital radica en ser aut\u00e9nticos, estar bien informados y mantener el respeto hacia nosotros mismos y hacia los dem\u00e1s.<\/p>\n","protected":false},"excerpt":{"rendered":"<p>\u00bfC\u00f3mo convertirse en un \u00abdocente influencer\u00bb a trav\u00e9s del uso correcto de la netiqueta y la oratoria digital? Mar Castro comparte valiosas recomendaciones y estrategias para mejorar la presencia en l\u00ednea y potenciar la comunicaci\u00f3n digital, especialmente para los docentes que buscan influir y aportar valor en la era digital.<\/p>\n","protected":false},"author":2,"featured_media":1573,"comment_status":"open","ping_status":"open","sticky":false,"template":"","format":"standard","meta":{"_kad_post_transparent":"","_kad_post_title":"","_kad_post_layout":"","_kad_post_sidebar_id":"","_kad_post_content_style":"","_kad_post_vertical_padding":"","_kad_post_feature":"","_kad_post_feature_position":"","_kad_post_header":false,"_kad_post_footer":false,"footnotes":""},"categories":[13],"tags":[],"class_list":["post-1572","post","type-post","status-publish","format-standard","has-post-thumbnail","hentry","category-formador"],"yoast_head":"<!-- This site is optimized with the Yoast SEO plugin v25.2 - https:\/\/yoast.com\/wordpress\/plugins\/seo\/ -->\n<title>\u00bfQuieres ser un &quot;docente influencer&quot;? La NETiqueta y la Oratoria digital son tus aliadas - El Blog de WeKAb<\/title>\n<meta name=\"robots\" content=\"index, follow, max-snippet:-1, max-image-preview:large, max-video-preview:-1\" \/>\n<link rel=\"canonical\" href=\"https:\/\/wekab.com\/blog\/quieres-ser-un-docente-influencer-la-netiqueta-y-la-oratoria-digital-son-tus-aliadas\/\" \/>\n<meta property=\"og:locale\" content=\"es_ES\" \/>\n<meta property=\"og:type\" content=\"article\" \/>\n<meta property=\"og:title\" content=\"\u00bfQuieres ser un &quot;docente influencer&quot;? La NETiqueta y la Oratoria digital son tus aliadas - El Blog de WeKAb\" \/>\n<meta property=\"og:description\" content=\"\u00bfC\u00f3mo convertirse en un &quot;docente influencer&quot; a trav\u00e9s del uso correcto de la netiqueta y la oratoria digital? Mar Castro comparte valiosas recomendaciones y estrategias para mejorar la presencia en l\u00ednea y potenciar la comunicaci\u00f3n digital, especialmente para los docentes que buscan influir y aportar valor en la era digital.\" \/>\n<meta property=\"og:url\" content=\"https:\/\/wekab.com\/blog\/quieres-ser-un-docente-influencer-la-netiqueta-y-la-oratoria-digital-son-tus-aliadas\/\" \/>\n<meta property=\"og:site_name\" content=\"El Blog de WeKAb\" \/>\n<meta property=\"article:publisher\" content=\"https:\/\/www.facebook.com\/WeKnowAbout\/\" \/>\n<meta property=\"article:author\" content=\"www.facebook.com\/weknowabout\" \/>\n<meta property=\"article:published_time\" content=\"2024-07-19T08:57:44+00:00\" \/>\n<meta property=\"article:modified_time\" content=\"2024-07-30T08:02:01+00:00\" \/>\n<meta property=\"og:image\" content=\"https:\/\/wekab.com\/blog\/wp-content\/uploads\/2024\/07\/LA13_MARCASTRO.jpg\" \/>\n\t<meta property=\"og:image:width\" content=\"1920\" \/>\n\t<meta property=\"og:image:height\" content=\"1080\" \/>\n\t<meta property=\"og:image:type\" content=\"image\/jpeg\" \/>\n<meta name=\"author\" content=\"WeKAb\" \/>\n<meta name=\"twitter:card\" content=\"summary_large_image\" \/>\n<meta name=\"twitter:creator\" content=\"@https:\/\/twitter.com\/WeKAb\" \/>\n<meta name=\"twitter:site\" content=\"@wekab\" \/>\n<meta name=\"twitter:label1\" content=\"Escrito por\" \/>\n\t<meta name=\"twitter:data1\" content=\"WeKAb\" \/>\n\t<meta name=\"twitter:label2\" content=\"Tiempo de lectura\" \/>\n\t<meta name=\"twitter:data2\" content=\"5 minutos\" \/>\n<script type=\"application\/ld+json\" class=\"yoast-schema-graph\">{\"@context\":\"https:\/\/schema.org\",\"@graph\":[{\"@type\":\"Article\",\"@id\":\"https:\/\/wekab.com\/blog\/quieres-ser-un-docente-influencer-la-netiqueta-y-la-oratoria-digital-son-tus-aliadas\/#article\",\"isPartOf\":{\"@id\":\"https:\/\/wekab.com\/blog\/quieres-ser-un-docente-influencer-la-netiqueta-y-la-oratoria-digital-son-tus-aliadas\/\"},\"author\":{\"name\":\"WeKAb\",\"@id\":\"https:\/\/wekab.com\/blog\/#\/schema\/person\/4549c377f58dfe2e7c89ee9fe7b524e2\"},\"headline\":\"\u00bfQuieres ser un \u00abdocente influencer\u00bb? La NETiqueta y la Oratoria digital son tus aliadas\",\"datePublished\":\"2024-07-19T08:57:44+00:00\",\"dateModified\":\"2024-07-30T08:02:01+00:00\",\"mainEntityOfPage\":{\"@id\":\"https:\/\/wekab.com\/blog\/quieres-ser-un-docente-influencer-la-netiqueta-y-la-oratoria-digital-son-tus-aliadas\/\"},\"wordCount\":923,\"commentCount\":0,\"publisher\":{\"@id\":\"https:\/\/wekab.com\/blog\/#organization\"},\"image\":{\"@id\":\"https:\/\/wekab.com\/blog\/quieres-ser-un-docente-influencer-la-netiqueta-y-la-oratoria-digital-son-tus-aliadas\/#primaryimage\"},\"thumbnailUrl\":\"https:\/\/wekab.com\/blog\/wp-content\/uploads\/2024\/07\/LA13_MARCASTRO.jpg\",\"articleSection\":[\"Soy formador \/ docente\"],\"inLanguage\":\"es\",\"potentialAction\":[{\"@type\":\"CommentAction\",\"name\":\"Comment\",\"target\":[\"https:\/\/wekab.com\/blog\/quieres-ser-un-docente-influencer-la-netiqueta-y-la-oratoria-digital-son-tus-aliadas\/#respond\"]}]},{\"@type\":\"WebPage\",\"@id\":\"https:\/\/wekab.com\/blog\/quieres-ser-un-docente-influencer-la-netiqueta-y-la-oratoria-digital-son-tus-aliadas\/\",\"url\":\"https:\/\/wekab.com\/blog\/quieres-ser-un-docente-influencer-la-netiqueta-y-la-oratoria-digital-son-tus-aliadas\/\",\"name\":\"\u00bfQuieres ser un \\\"docente influencer\\\"? La NETiqueta y la Oratoria digital son tus aliadas - El Blog de WeKAb\",\"isPartOf\":{\"@id\":\"https:\/\/wekab.com\/blog\/#website\"},\"primaryImageOfPage\":{\"@id\":\"https:\/\/wekab.com\/blog\/quieres-ser-un-docente-influencer-la-netiqueta-y-la-oratoria-digital-son-tus-aliadas\/#primaryimage\"},\"image\":{\"@id\":\"https:\/\/wekab.com\/blog\/quieres-ser-un-docente-influencer-la-netiqueta-y-la-oratoria-digital-son-tus-aliadas\/#primaryimage\"},\"thumbnailUrl\":\"https:\/\/wekab.com\/blog\/wp-content\/uploads\/2024\/07\/LA13_MARCASTRO.jpg\",\"datePublished\":\"2024-07-19T08:57:44+00:00\",\"dateModified\":\"2024-07-30T08:02:01+00:00\",\"breadcrumb\":{\"@id\":\"https:\/\/wekab.com\/blog\/quieres-ser-un-docente-influencer-la-netiqueta-y-la-oratoria-digital-son-tus-aliadas\/#breadcrumb\"},\"inLanguage\":\"es\",\"potentialAction\":[{\"@type\":\"ReadAction\",\"target\":[\"https:\/\/wekab.com\/blog\/quieres-ser-un-docente-influencer-la-netiqueta-y-la-oratoria-digital-son-tus-aliadas\/\"]}]},{\"@type\":\"ImageObject\",\"inLanguage\":\"es\",\"@id\":\"https:\/\/wekab.com\/blog\/quieres-ser-un-docente-influencer-la-netiqueta-y-la-oratoria-digital-son-tus-aliadas\/#primaryimage\",\"url\":\"https:\/\/wekab.com\/blog\/wp-content\/uploads\/2024\/07\/LA13_MARCASTRO.jpg\",\"contentUrl\":\"https:\/\/wekab.com\/blog\/wp-content\/uploads\/2024\/07\/LA13_MARCASTRO.jpg\",\"width\":1920,\"height\":1080},{\"@type\":\"BreadcrumbList\",\"@id\":\"https:\/\/wekab.com\/blog\/quieres-ser-un-docente-influencer-la-netiqueta-y-la-oratoria-digital-son-tus-aliadas\/#breadcrumb\",\"itemListElement\":[{\"@type\":\"ListItem\",\"position\":1,\"name\":\"Portada\",\"item\":\"https:\/\/wekab.com\/blog\/\"},{\"@type\":\"ListItem\",\"position\":2,\"name\":\"Soy formador \/ docente\",\"item\":\"https:\/\/wekab.com\/blog\/category\/formador\/\"},{\"@type\":\"ListItem\",\"position\":3,\"name\":\"\u00bfQuieres ser un \u00abdocente influencer\u00bb? La NETiqueta y la Oratoria digital son tus aliadas\"}]},{\"@type\":\"WebSite\",\"@id\":\"https:\/\/wekab.com\/blog\/#website\",\"url\":\"https:\/\/wekab.com\/blog\/\",\"name\":\"El Blog de WeKAb\",\"description\":\"Trabajo para formadores\",\"publisher\":{\"@id\":\"https:\/\/wekab.com\/blog\/#organization\"},\"potentialAction\":[{\"@type\":\"SearchAction\",\"target\":{\"@type\":\"EntryPoint\",\"urlTemplate\":\"https:\/\/wekab.com\/blog\/?s={search_term_string}\"},\"query-input\":{\"@type\":\"PropertyValueSpecification\",\"valueRequired\":true,\"valueName\":\"search_term_string\"}}],\"inLanguage\":\"es\"},{\"@type\":\"Organization\",\"@id\":\"https:\/\/wekab.com\/blog\/#organization\",\"name\":\"WeKAb\",\"url\":\"https:\/\/wekab.com\/blog\/\",\"logo\":{\"@type\":\"ImageObject\",\"inLanguage\":\"es\",\"@id\":\"https:\/\/wekab.com\/blog\/#\/schema\/logo\/image\/\",\"url\":\"https:\/\/wekab.com\/blog\/wp-content\/uploads\/2015\/04\/logo_0003_ConectConocimiento_white_320__120.png\",\"contentUrl\":\"https:\/\/wekab.com\/blog\/wp-content\/uploads\/2015\/04\/logo_0003_ConectConocimiento_white_320__120.png\",\"width\":320,\"height\":120,\"caption\":\"WeKAb\"},\"image\":{\"@id\":\"https:\/\/wekab.com\/blog\/#\/schema\/logo\/image\/\"},\"sameAs\":[\"https:\/\/www.facebook.com\/WeKnowAbout\/\",\"https:\/\/x.com\/wekab\",\"https:\/\/www.linkedin.com\/company\/wekab\",\"https:\/\/www.youtube.com\/user\/WeKnowAbout\"]},{\"@type\":\"Person\",\"@id\":\"https:\/\/wekab.com\/blog\/#\/schema\/person\/4549c377f58dfe2e7c89ee9fe7b524e2\",\"name\":\"WeKAb\",\"image\":{\"@type\":\"ImageObject\",\"inLanguage\":\"es\",\"@id\":\"https:\/\/wekab.com\/blog\/#\/schema\/person\/image\/\",\"url\":\"https:\/\/secure.gravatar.com\/avatar\/1683069b8479db2ab50e72c0866b4ae05544a7061daba4f941ae697f8925a319?s=96&d=mm&r=g\",\"contentUrl\":\"https:\/\/secure.gravatar.com\/avatar\/1683069b8479db2ab50e72c0866b4ae05544a7061daba4f941ae697f8925a319?s=96&d=mm&r=g\",\"caption\":\"WeKAb\"},\"sameAs\":[\"http:\/\/www.wekab.com\",\"www.facebook.com\/weknowabout\",\"https:\/\/www.linkedin.com\/company\/wekab\",\"https:\/\/x.com\/https:\/\/twitter.com\/WeKAb\",\"https:\/\/www.youtube.com\/user\/WeKnowAbout\"],\"url\":\"https:\/\/wekab.com\/blog\/author\/wekab\/\"}]}<\/script>\n<!-- \/ Yoast SEO plugin. -->","yoast_head_json":{"title":"\u00bfQuieres ser un \"docente influencer\"? La NETiqueta y la Oratoria digital son tus aliadas - El Blog de WeKAb","robots":{"index":"index","follow":"follow","max-snippet":"max-snippet:-1","max-image-preview":"max-image-preview:large","max-video-preview":"max-video-preview:-1"},"canonical":"https:\/\/wekab.com\/blog\/quieres-ser-un-docente-influencer-la-netiqueta-y-la-oratoria-digital-son-tus-aliadas\/","og_locale":"es_ES","og_type":"article","og_title":"\u00bfQuieres ser un \"docente influencer\"? La NETiqueta y la Oratoria digital son tus aliadas - El Blog de WeKAb","og_description":"\u00bfC\u00f3mo convertirse en un \"docente influencer\" a trav\u00e9s del uso correcto de la netiqueta y la oratoria digital? Mar Castro comparte valiosas recomendaciones y estrategias para mejorar la presencia en l\u00ednea y potenciar la comunicaci\u00f3n digital, especialmente para los docentes que buscan influir y aportar valor en la era digital.","og_url":"https:\/\/wekab.com\/blog\/quieres-ser-un-docente-influencer-la-netiqueta-y-la-oratoria-digital-son-tus-aliadas\/","og_site_name":"El Blog de WeKAb","article_publisher":"https:\/\/www.facebook.com\/WeKnowAbout\/","article_author":"www.facebook.com\/weknowabout","article_published_time":"2024-07-19T08:57:44+00:00","article_modified_time":"2024-07-30T08:02:01+00:00","og_image":[{"width":1920,"height":1080,"url":"https:\/\/wekab.com\/blog\/wp-content\/uploads\/2024\/07\/LA13_MARCASTRO.jpg","type":"image\/jpeg"}],"author":"WeKAb","twitter_card":"summary_large_image","twitter_creator":"@https:\/\/twitter.com\/WeKAb","twitter_site":"@wekab","twitter_misc":{"Escrito por":"WeKAb","Tiempo de lectura":"5 minutos"},"schema":{"@context":"https:\/\/schema.org","@graph":[{"@type":"Article","@id":"https:\/\/wekab.com\/blog\/quieres-ser-un-docente-influencer-la-netiqueta-y-la-oratoria-digital-son-tus-aliadas\/#article","isPartOf":{"@id":"https:\/\/wekab.com\/blog\/quieres-ser-un-docente-influencer-la-netiqueta-y-la-oratoria-digital-son-tus-aliadas\/"},"author":{"name":"WeKAb","@id":"https:\/\/wekab.com\/blog\/#\/schema\/person\/4549c377f58dfe2e7c89ee9fe7b524e2"},"headline":"\u00bfQuieres ser un \u00abdocente influencer\u00bb? La NETiqueta y la Oratoria digital son tus aliadas","datePublished":"2024-07-19T08:57:44+00:00","dateModified":"2024-07-30T08:02:01+00:00","mainEntityOfPage":{"@id":"https:\/\/wekab.com\/blog\/quieres-ser-un-docente-influencer-la-netiqueta-y-la-oratoria-digital-son-tus-aliadas\/"},"wordCount":923,"commentCount":0,"publisher":{"@id":"https:\/\/wekab.com\/blog\/#organization"},"image":{"@id":"https:\/\/wekab.com\/blog\/quieres-ser-un-docente-influencer-la-netiqueta-y-la-oratoria-digital-son-tus-aliadas\/#primaryimage"},"thumbnailUrl":"https:\/\/wekab.com\/blog\/wp-content\/uploads\/2024\/07\/LA13_MARCASTRO.jpg","articleSection":["Soy formador \/ docente"],"inLanguage":"es","potentialAction":[{"@type":"CommentAction","name":"Comment","target":["https:\/\/wekab.com\/blog\/quieres-ser-un-docente-influencer-la-netiqueta-y-la-oratoria-digital-son-tus-aliadas\/#respond"]}]},{"@type":"WebPage","@id":"https:\/\/wekab.com\/blog\/quieres-ser-un-docente-influencer-la-netiqueta-y-la-oratoria-digital-son-tus-aliadas\/","url":"https:\/\/wekab.com\/blog\/quieres-ser-un-docente-influencer-la-netiqueta-y-la-oratoria-digital-son-tus-aliadas\/","name":"\u00bfQuieres ser un \"docente influencer\"? La NETiqueta y la Oratoria digital son tus aliadas - El Blog de WeKAb","isPartOf":{"@id":"https:\/\/wekab.com\/blog\/#website"},"primaryImageOfPage":{"@id":"https:\/\/wekab.com\/blog\/quieres-ser-un-docente-influencer-la-netiqueta-y-la-oratoria-digital-son-tus-aliadas\/#primaryimage"},"image":{"@id":"https:\/\/wekab.com\/blog\/quieres-ser-un-docente-influencer-la-netiqueta-y-la-oratoria-digital-son-tus-aliadas\/#primaryimage"},"thumbnailUrl":"https:\/\/wekab.com\/blog\/wp-content\/uploads\/2024\/07\/LA13_MARCASTRO.jpg","datePublished":"2024-07-19T08:57:44+00:00","dateModified":"2024-07-30T08:02:01+00:00","breadcrumb":{"@id":"https:\/\/wekab.com\/blog\/quieres-ser-un-docente-influencer-la-netiqueta-y-la-oratoria-digital-son-tus-aliadas\/#breadcrumb"},"inLanguage":"es","potentialAction":[{"@type":"ReadAction","target":["https:\/\/wekab.com\/blog\/quieres-ser-un-docente-influencer-la-netiqueta-y-la-oratoria-digital-son-tus-aliadas\/"]}]},{"@type":"ImageObject","inLanguage":"es","@id":"https:\/\/wekab.com\/blog\/quieres-ser-un-docente-influencer-la-netiqueta-y-la-oratoria-digital-son-tus-aliadas\/#primaryimage","url":"https:\/\/wekab.com\/blog\/wp-content\/uploads\/2024\/07\/LA13_MARCASTRO.jpg","contentUrl":"https:\/\/wekab.com\/blog\/wp-content\/uploads\/2024\/07\/LA13_MARCASTRO.jpg","width":1920,"height":1080},{"@type":"BreadcrumbList","@id":"https:\/\/wekab.com\/blog\/quieres-ser-un-docente-influencer-la-netiqueta-y-la-oratoria-digital-son-tus-aliadas\/#breadcrumb","itemListElement":[{"@type":"ListItem","position":1,"name":"Portada","item":"https:\/\/wekab.com\/blog\/"},{"@type":"ListItem","position":2,"name":"Soy formador \/ docente","item":"https:\/\/wekab.com\/blog\/category\/formador\/"},{"@type":"ListItem","position":3,"name":"\u00bfQuieres ser un \u00abdocente influencer\u00bb? La NETiqueta y la Oratoria digital son tus aliadas"}]},{"@type":"WebSite","@id":"https:\/\/wekab.com\/blog\/#website","url":"https:\/\/wekab.com\/blog\/","name":"El Blog de WeKAb","description":"Trabajo para formadores","publisher":{"@id":"https:\/\/wekab.com\/blog\/#organization"},"potentialAction":[{"@type":"SearchAction","target":{"@type":"EntryPoint","urlTemplate":"https:\/\/wekab.com\/blog\/?s={search_term_string}"},"query-input":{"@type":"PropertyValueSpecification","valueRequired":true,"valueName":"search_term_string"}}],"inLanguage":"es"},{"@type":"Organization","@id":"https:\/\/wekab.com\/blog\/#organization","name":"WeKAb","url":"https:\/\/wekab.com\/blog\/","logo":{"@type":"ImageObject","inLanguage":"es","@id":"https:\/\/wekab.com\/blog\/#\/schema\/logo\/image\/","url":"https:\/\/wekab.com\/blog\/wp-content\/uploads\/2015\/04\/logo_0003_ConectConocimiento_white_320__120.png","contentUrl":"https:\/\/wekab.com\/blog\/wp-content\/uploads\/2015\/04\/logo_0003_ConectConocimiento_white_320__120.png","width":320,"height":120,"caption":"WeKAb"},"image":{"@id":"https:\/\/wekab.com\/blog\/#\/schema\/logo\/image\/"},"sameAs":["https:\/\/www.facebook.com\/WeKnowAbout\/","https:\/\/x.com\/wekab","https:\/\/www.linkedin.com\/company\/wekab","https:\/\/www.youtube.com\/user\/WeKnowAbout"]},{"@type":"Person","@id":"https:\/\/wekab.com\/blog\/#\/schema\/person\/4549c377f58dfe2e7c89ee9fe7b524e2","name":"WeKAb","image":{"@type":"ImageObject","inLanguage":"es","@id":"https:\/\/wekab.com\/blog\/#\/schema\/person\/image\/","url":"https:\/\/secure.gravatar.com\/avatar\/1683069b8479db2ab50e72c0866b4ae05544a7061daba4f941ae697f8925a319?s=96&d=mm&r=g","contentUrl":"https:\/\/secure.gravatar.com\/avatar\/1683069b8479db2ab50e72c0866b4ae05544a7061daba4f941ae697f8925a319?s=96&d=mm&r=g","caption":"WeKAb"},"sameAs":["http:\/\/www.wekab.com","www.facebook.com\/weknowabout","https:\/\/www.linkedin.com\/company\/wekab","https:\/\/x.com\/https:\/\/twitter.com\/WeKAb","https:\/\/www.youtube.com\/user\/WeKnowAbout"],"url":"https:\/\/wekab.com\/blog\/author\/wekab\/"}]}},"_links":{"self":[{"href":"https:\/\/wekab.com\/blog\/wp-json\/wp\/v2\/posts\/1572","targetHints":{"allow":["GET"]}}],"collection":[{"href":"https:\/\/wekab.com\/blog\/wp-json\/wp\/v2\/posts"}],"about":[{"href":"https:\/\/wekab.com\/blog\/wp-json\/wp\/v2\/types\/post"}],"author":[{"embeddable":true,"href":"https:\/\/wekab.com\/blog\/wp-json\/wp\/v2\/users\/2"}],"replies":[{"embeddable":true,"href":"https:\/\/wekab.com\/blog\/wp-json\/wp\/v2\/comments?post=1572"}],"version-history":[{"count":0,"href":"https:\/\/wekab.com\/blog\/wp-json\/wp\/v2\/posts\/1572\/revisions"}],"wp:featuredmedia":[{"embeddable":true,"href":"https:\/\/wekab.com\/blog\/wp-json\/wp\/v2\/media\/1573"}],"wp:attachment":[{"href":"https:\/\/wekab.com\/blog\/wp-json\/wp\/v2\/media?parent=1572"}],"wp:term":[{"taxonomy":"category","embeddable":true,"href":"https:\/\/wekab.com\/blog\/wp-json\/wp\/v2\/categories?post=1572"},{"taxonomy":"post_tag","embeddable":true,"href":"https:\/\/wekab.com\/blog\/wp-json\/wp\/v2\/tags?post=1572"}],"curies":[{"name":"wp","href":"https:\/\/api.w.org\/{rel}","templated":true}]}}