{"id":1605,"date":"2024-08-23T08:52:54","date_gmt":"2024-08-23T07:52:54","guid":{"rendered":"https:\/\/wekab.com\/blog\/?p=1605"},"modified":"2024-08-20T08:53:05","modified_gmt":"2024-08-20T07:53:05","slug":"el-podcast-como-recurso-para-la-formacion-y-el-aprendizaje","status":"publish","type":"post","link":"https:\/\/wekab.com\/blog\/el-podcast-como-recurso-para-la-formacion-y-el-aprendizaje\/","title":{"rendered":"El podcast como recurso para la formaci\u00f3n y el aprendizaje"},"content":{"rendered":"\n<p>En el art\u00edculo de hoy vamos a explorar el fascinante mundo del podcasting como una herramienta educativa extraordinaria con Jes\u00fas P\u00e9rez Santiago. Este episodio es un resumen del cap\u00edtulo 18 del podcast Learning Advisors.<\/p>\n\n\n\n<p>Recuerda que si este resumen se te hace poco podr\u00e1s escuchar el cap\u00edtulo completo en tu plataforma de podcast favorita o verlo en Youtube.<\/p>\n\n\n\n<iframe style=\"border-radius:12px\" src=\"https:\/\/open.spotify.com\/embed\/episode\/79UTjHJqsTyZOswJRN8Ta6\/video?utm_source=generator\" width=\"624\" height=\"351\" frameBorder=\"0\" allowfullscreen=\"\" allow=\"autoplay; clipboard-write; encrypted-media; fullscreen; picture-in-picture\" loading=\"lazy\"><\/iframe>\n\n\n\n<div id=\"ez-toc-container\" class=\"ez-toc-v2_0_74 counter-hierarchy ez-toc-counter ez-toc-custom ez-toc-container-direction\">\n<div class=\"ez-toc-title-container\">\n<p class=\"ez-toc-title\" style=\"cursor:inherit\">Tabla de contenidos<\/p>\n<span class=\"ez-toc-title-toggle\"><a href=\"#\" class=\"ez-toc-pull-right ez-toc-btn ez-toc-btn-xs ez-toc-btn-default ez-toc-toggle\" aria-label=\"Alternar tabla de contenidos\"><span class=\"ez-toc-js-icon-con\"><span class=\"\"><span class=\"eztoc-hide\" style=\"display:none;\">Toggle<\/span><span class=\"ez-toc-icon-toggle-span\"><svg style=\"fill: #999;color:#999\" xmlns=\"http:\/\/www.w3.org\/2000\/svg\" class=\"list-377408\" width=\"20px\" height=\"20px\" viewBox=\"0 0 24 24\" fill=\"none\"><path d=\"M6 6H4v2h2V6zm14 0H8v2h12V6zM4 11h2v2H4v-2zm16 0H8v2h12v-2zM4 16h2v2H4v-2zm16 0H8v2h12v-2z\" fill=\"currentColor\"><\/path><\/svg><svg style=\"fill: #999;color:#999\" class=\"arrow-unsorted-368013\" xmlns=\"http:\/\/www.w3.org\/2000\/svg\" width=\"10px\" height=\"10px\" viewBox=\"0 0 24 24\" version=\"1.2\" baseProfile=\"tiny\"><path d=\"M18.2 9.3l-6.2-6.3-6.2 6.3c-.2.2-.3.4-.3.7s.1.5.3.7c.2.2.4.3.7.3h11c.3 0 .5-.1.7-.3.2-.2.3-.5.3-.7s-.1-.5-.3-.7zM5.8 14.7l6.2 6.3 6.2-6.3c.2-.2.3-.5.3-.7s-.1-.5-.3-.7c-.2-.2-.4-.3-.7-.3h-11c-.3 0-.5.1-.7.3-.2.2-.3.5-.3.7s.1.5.3.7z\"\/><\/svg><\/span><\/span><\/span><\/a><\/span><\/div>\n<nav><ul class='ez-toc-list ez-toc-list-level-1 eztoc-toggle-hide-by-default' ><li class='ez-toc-page-1 ez-toc-heading-level-2'><a class=\"ez-toc-link ez-toc-heading-1\" href=\"https:\/\/wekab.com\/blog\/el-podcast-como-recurso-para-la-formacion-y-el-aprendizaje\/#%C2%BFQuien_es_Jesus_Perez_Santiago\" >\u00bfQui\u00e9n es Jes\u00fas P\u00e9rez Santiago?<\/a><\/li><li class='ez-toc-page-1 ez-toc-heading-level-2'><a class=\"ez-toc-link ez-toc-heading-2\" href=\"https:\/\/wekab.com\/blog\/el-podcast-como-recurso-para-la-formacion-y-el-aprendizaje\/#La_importancia_del_debate_y_la_accion_en_el_aula\" >La importancia del debate y la acci\u00f3n en el aula<\/a><\/li><li class='ez-toc-page-1 ez-toc-heading-level-2'><a class=\"ez-toc-link ez-toc-heading-3\" href=\"https:\/\/wekab.com\/blog\/el-podcast-como-recurso-para-la-formacion-y-el-aprendizaje\/#Creacion_de_un_ambiente_de_grupo_confortable\" >Creaci\u00f3n de un ambiente de grupo confortable<\/a><\/li><li class='ez-toc-page-1 ez-toc-heading-level-2'><a class=\"ez-toc-link ez-toc-heading-4\" href=\"https:\/\/wekab.com\/blog\/el-podcast-como-recurso-para-la-formacion-y-el-aprendizaje\/#El_podcast_como_herramienta_de_aprendizaje\" >El podcast como herramienta de aprendizaje<\/a><\/li><\/ul><\/nav><\/div>\n<h2 class=\"wp-block-heading\"><span class=\"ez-toc-section\" id=\"%C2%BFQuien_es_Jesus_Perez_Santiago\"><\/span>\u00bfQui\u00e9n es Jes\u00fas P\u00e9rez Santiago?<span class=\"ez-toc-section-end\"><\/span><\/h2>\n\n\n\n<p>Jes\u00fas P\u00e9rez Santiago es un verdadero apasionado del podcasting y creador de un programa de entrevistas con m\u00e1s de 100 episodios, donde ha tenido el privilegio de conversar con numerosas personalidades influyentes del mundo digital. Jes\u00fas, quien se autodenomina como \u00abno el mejor speaker\u00bb, ha descubierto en su curiosidad innata y en su habilidad para hacer preguntas la clave para crear un podcast exitoso. Aunque sol\u00eda ser una persona insegura, ahora pasa gran parte de su tiempo hablando frente a un micr\u00f3fono, logrando conectar y haciendo que sus invitados fluyan en la conversaci\u00f3n. En un corto per\u00edodo de tiempo, ha superado las 20.000 escuchas con su podcast de entrevistas \u201cComunicar m\u00e1s que hablar\u201d, lo que no solo le ha permitido captar alumnos y clientes para su marca personal, sino que tambi\u00e9n le ha brindado la certeza de que puede ayudar a otras marcas a adentrarse en el mundo del podcasting, un espacio donde poder encontrar clientes m\u00e1s fieles.<\/p>\n\n\n\n<h2 class=\"wp-block-heading\"><span class=\"ez-toc-section\" id=\"La_importancia_del_debate_y_la_accion_en_el_aula\"><\/span>La importancia del debate y la acci\u00f3n en el aula<span class=\"ez-toc-section-end\"><\/span><\/h2>\n\n\n\n<p>Uno de los puntos fundamentales que Jes\u00fas aborda es la necesidad de generar debate y acci\u00f3n en las clases presenciales. En un mundo inundado de informaci\u00f3n, por lo que es crucial que los alumnos tengan la oportunidad de verbalizar lo aprendido. Esto no solo refuerza el conocimiento, sino que tambi\u00e9n convierte la clase en un acompa\u00f1amiento activo que facilita el avance en la materia. Seg\u00fan Jes\u00fas, capturar y mantener la atenci\u00f3n de los alumnos, ya sea en modalidad presencial u online, es esencial para un aprendizaje efectivo.<\/p>\n\n\n\n<h2 class=\"wp-block-heading\"><span class=\"ez-toc-section\" id=\"Creacion_de_un_ambiente_de_grupo_confortable\"><\/span>Creaci\u00f3n de un ambiente de grupo confortable<span class=\"ez-toc-section-end\"><\/span><\/h2>\n\n\n\n<p>Otro aspecto crucial que Jes\u00fas destaca es la creaci\u00f3n de un ambiente de grupo donde los alumnos se sientan c\u00f3modos entre ellos. Romper con las barreras iniciales y fomentar una comunicaci\u00f3n abierta desde el principio facilita el proceso formativo y minimiza la verg\u00fcenza de participar. En este sentido, herramientas como el juego y las actividades pr\u00e1cticas son excelentes para ayudar a los alumnos a sintetizar y recordar el contenido de una manera l\u00fadica y efectiva<\/p>\n\n\n\n<h2 class=\"wp-block-heading\"><span class=\"ez-toc-section\" id=\"El_podcast_como_herramienta_de_aprendizaje\"><\/span>El podcast como herramienta de aprendizaje<span class=\"ez-toc-section-end\"><\/span><\/h2>\n\n\n\n<p>Jes\u00fas subraya la relevancia de la comunicaci\u00f3n y la capacidad de s\u00edntesis en el \u00e1mbito laboral. Aconseja a los alumnos practicar hablar frente a una c\u00e1mara o un micr\u00f3fono para superar los bloqueos y sentirse m\u00e1s c\u00f3modos. Esto no solo mejora sus habilidades comunicativas sino que adem\u00e1s les prepara para el desaf\u00edo t\u00e9cnico que implica la creaci\u00f3n de podcasts.<\/p>\n\n\n\n<p>Un punto sumamente relevante es la propuesta de utilizar el podcast como herramienta de aprendizaje. Jes\u00fas sugiere que los alumnos consuman contenido a su propio ritmo y profundicen en temas espec\u00edficos a trav\u00e9s de podcasts. Adem\u00e1s, menciona la importancia de tener dos canales de ense\u00f1anza: uno dedicado a la pr\u00e1ctica y otro a la aplicaci\u00f3n de los contenidos.<\/p>\n\n\n\n<p>Una de las grandes ventajas del formato audio, seg\u00fan Jes\u00fas, es la creaci\u00f3n de una conexi\u00f3n m\u00e1s \u00edntima y directa con la audiencia. Este formato permite llegar a diferentes audiencias con una sola grabaci\u00f3n, generando una relaci\u00f3n de confianza. Si bien la combinaci\u00f3n con v\u00eddeo puede ser beneficiosa, el audio se destaca por su capacidad de captar y mantener la atenci\u00f3n de los oyentes de manera m\u00e1s efectiva.<\/p>\n\n\n\n<p>A lo largo de la conversaci\u00f3n en \u00abLearning Advisors\u00bb, Jes\u00fas P\u00e9rez Santiago nos brinda una visi\u00f3n inspiradora sobre el poder del podcasting en la formaci\u00f3n y el aprendizaje. Desde la importancia de la interacci\u00f3n y el debate en las clases, hasta la capacidad de los podcasts para generar conexiones profundas y confianza, queda claro que esta herramienta tiene un gran potencial en el \u00e1mbito educativo y profesional. Para aquellos que buscan nuevas formas de ense\u00f1ar y aprender, el podcast ofrece una alternativa valiosa y accesible que vale la pena explorar.<\/p>\n","protected":false},"excerpt":{"rendered":"<p>Acomp\u00e1\u00f1anos a explorar el fascinante mundo del podcasting como una herramienta educativa extraordinaria, con Jes\u00fas P\u00e9rez Santiago.<\/p>\n","protected":false},"author":2,"featured_media":1606,"comment_status":"open","ping_status":"open","sticky":false,"template":"","format":"standard","meta":{"_kad_post_transparent":"","_kad_post_title":"","_kad_post_layout":"","_kad_post_sidebar_id":"","_kad_post_content_style":"","_kad_post_vertical_padding":"","_kad_post_feature":"","_kad_post_feature_position":"","_kad_post_header":false,"_kad_post_footer":false,"footnotes":""},"categories":[13],"tags":[],"class_list":["post-1605","post","type-post","status-publish","format-standard","has-post-thumbnail","hentry","category-formador"],"yoast_head":"<!-- This site is optimized with the Yoast SEO plugin v25.2 - https:\/\/yoast.com\/wordpress\/plugins\/seo\/ -->\n<title>El podcast como recurso para la formaci\u00f3n y el aprendizaje - El Blog de WeKAb<\/title>\n<meta name=\"robots\" content=\"index, follow, max-snippet:-1, max-image-preview:large, max-video-preview:-1\" \/>\n<link rel=\"canonical\" href=\"https:\/\/wekab.com\/blog\/el-podcast-como-recurso-para-la-formacion-y-el-aprendizaje\/\" \/>\n<meta property=\"og:locale\" content=\"es_ES\" \/>\n<meta property=\"og:type\" content=\"article\" \/>\n<meta property=\"og:title\" content=\"El podcast como recurso para la formaci\u00f3n y el aprendizaje - El Blog de WeKAb\" \/>\n<meta property=\"og:description\" content=\"Acomp\u00e1\u00f1anos a explorar el fascinante mundo del podcasting como una herramienta educativa extraordinaria, con Jes\u00fas P\u00e9rez Santiago.\" \/>\n<meta property=\"og:url\" content=\"https:\/\/wekab.com\/blog\/el-podcast-como-recurso-para-la-formacion-y-el-aprendizaje\/\" \/>\n<meta property=\"og:site_name\" content=\"El Blog de WeKAb\" \/>\n<meta property=\"article:publisher\" content=\"https:\/\/www.facebook.com\/WeKnowAbout\/\" \/>\n<meta property=\"article:author\" content=\"www.facebook.com\/weknowabout\" \/>\n<meta property=\"article:published_time\" content=\"2024-08-23T07:52:54+00:00\" \/>\n<meta property=\"og:image\" content=\"https:\/\/wekab.com\/blog\/wp-content\/uploads\/2024\/08\/LA18_JesusPerez.jpg\" \/>\n\t<meta property=\"og:image:width\" content=\"1920\" \/>\n\t<meta property=\"og:image:height\" content=\"1080\" \/>\n\t<meta property=\"og:image:type\" content=\"image\/jpeg\" \/>\n<meta name=\"author\" content=\"WeKAb\" \/>\n<meta name=\"twitter:card\" content=\"summary_large_image\" \/>\n<meta name=\"twitter:creator\" content=\"@https:\/\/twitter.com\/WeKAb\" \/>\n<meta name=\"twitter:site\" content=\"@wekab\" \/>\n<meta name=\"twitter:label1\" content=\"Escrito por\" \/>\n\t<meta name=\"twitter:data1\" content=\"WeKAb\" \/>\n\t<meta name=\"twitter:label2\" content=\"Tiempo de lectura\" \/>\n\t<meta name=\"twitter:data2\" content=\"4 minutos\" \/>\n<script type=\"application\/ld+json\" class=\"yoast-schema-graph\">{\"@context\":\"https:\/\/schema.org\",\"@graph\":[{\"@type\":\"Article\",\"@id\":\"https:\/\/wekab.com\/blog\/el-podcast-como-recurso-para-la-formacion-y-el-aprendizaje\/#article\",\"isPartOf\":{\"@id\":\"https:\/\/wekab.com\/blog\/el-podcast-como-recurso-para-la-formacion-y-el-aprendizaje\/\"},\"author\":{\"name\":\"WeKAb\",\"@id\":\"https:\/\/wekab.com\/blog\/#\/schema\/person\/4549c377f58dfe2e7c89ee9fe7b524e2\"},\"headline\":\"El podcast como recurso para la formaci\u00f3n y el aprendizaje\",\"datePublished\":\"2024-08-23T07:52:54+00:00\",\"mainEntityOfPage\":{\"@id\":\"https:\/\/wekab.com\/blog\/el-podcast-como-recurso-para-la-formacion-y-el-aprendizaje\/\"},\"wordCount\":762,\"commentCount\":0,\"publisher\":{\"@id\":\"https:\/\/wekab.com\/blog\/#organization\"},\"image\":{\"@id\":\"https:\/\/wekab.com\/blog\/el-podcast-como-recurso-para-la-formacion-y-el-aprendizaje\/#primaryimage\"},\"thumbnailUrl\":\"https:\/\/wekab.com\/blog\/wp-content\/uploads\/2024\/08\/LA18_JesusPerez.jpg\",\"articleSection\":[\"Soy formador \/ docente\"],\"inLanguage\":\"es\",\"potentialAction\":[{\"@type\":\"CommentAction\",\"name\":\"Comment\",\"target\":[\"https:\/\/wekab.com\/blog\/el-podcast-como-recurso-para-la-formacion-y-el-aprendizaje\/#respond\"]}]},{\"@type\":\"WebPage\",\"@id\":\"https:\/\/wekab.com\/blog\/el-podcast-como-recurso-para-la-formacion-y-el-aprendizaje\/\",\"url\":\"https:\/\/wekab.com\/blog\/el-podcast-como-recurso-para-la-formacion-y-el-aprendizaje\/\",\"name\":\"El podcast como recurso para la formaci\u00f3n y el aprendizaje - El Blog de WeKAb\",\"isPartOf\":{\"@id\":\"https:\/\/wekab.com\/blog\/#website\"},\"primaryImageOfPage\":{\"@id\":\"https:\/\/wekab.com\/blog\/el-podcast-como-recurso-para-la-formacion-y-el-aprendizaje\/#primaryimage\"},\"image\":{\"@id\":\"https:\/\/wekab.com\/blog\/el-podcast-como-recurso-para-la-formacion-y-el-aprendizaje\/#primaryimage\"},\"thumbnailUrl\":\"https:\/\/wekab.com\/blog\/wp-content\/uploads\/2024\/08\/LA18_JesusPerez.jpg\",\"datePublished\":\"2024-08-23T07:52:54+00:00\",\"breadcrumb\":{\"@id\":\"https:\/\/wekab.com\/blog\/el-podcast-como-recurso-para-la-formacion-y-el-aprendizaje\/#breadcrumb\"},\"inLanguage\":\"es\",\"potentialAction\":[{\"@type\":\"ReadAction\",\"target\":[\"https:\/\/wekab.com\/blog\/el-podcast-como-recurso-para-la-formacion-y-el-aprendizaje\/\"]}]},{\"@type\":\"ImageObject\",\"inLanguage\":\"es\",\"@id\":\"https:\/\/wekab.com\/blog\/el-podcast-como-recurso-para-la-formacion-y-el-aprendizaje\/#primaryimage\",\"url\":\"https:\/\/wekab.com\/blog\/wp-content\/uploads\/2024\/08\/LA18_JesusPerez.jpg\",\"contentUrl\":\"https:\/\/wekab.com\/blog\/wp-content\/uploads\/2024\/08\/LA18_JesusPerez.jpg\",\"width\":1920,\"height\":1080},{\"@type\":\"BreadcrumbList\",\"@id\":\"https:\/\/wekab.com\/blog\/el-podcast-como-recurso-para-la-formacion-y-el-aprendizaje\/#breadcrumb\",\"itemListElement\":[{\"@type\":\"ListItem\",\"position\":1,\"name\":\"Portada\",\"item\":\"https:\/\/wekab.com\/blog\/\"},{\"@type\":\"ListItem\",\"position\":2,\"name\":\"Soy formador \/ docente\",\"item\":\"https:\/\/wekab.com\/blog\/category\/formador\/\"},{\"@type\":\"ListItem\",\"position\":3,\"name\":\"El podcast como recurso para la formaci\u00f3n y el aprendizaje\"}]},{\"@type\":\"WebSite\",\"@id\":\"https:\/\/wekab.com\/blog\/#website\",\"url\":\"https:\/\/wekab.com\/blog\/\",\"name\":\"El Blog de WeKAb\",\"description\":\"Trabajo para formadores\",\"publisher\":{\"@id\":\"https:\/\/wekab.com\/blog\/#organization\"},\"potentialAction\":[{\"@type\":\"SearchAction\",\"target\":{\"@type\":\"EntryPoint\",\"urlTemplate\":\"https:\/\/wekab.com\/blog\/?s={search_term_string}\"},\"query-input\":{\"@type\":\"PropertyValueSpecification\",\"valueRequired\":true,\"valueName\":\"search_term_string\"}}],\"inLanguage\":\"es\"},{\"@type\":\"Organization\",\"@id\":\"https:\/\/wekab.com\/blog\/#organization\",\"name\":\"WeKAb\",\"url\":\"https:\/\/wekab.com\/blog\/\",\"logo\":{\"@type\":\"ImageObject\",\"inLanguage\":\"es\",\"@id\":\"https:\/\/wekab.com\/blog\/#\/schema\/logo\/image\/\",\"url\":\"https:\/\/wekab.com\/blog\/wp-content\/uploads\/2015\/04\/logo_0003_ConectConocimiento_white_320__120.png\",\"contentUrl\":\"https:\/\/wekab.com\/blog\/wp-content\/uploads\/2015\/04\/logo_0003_ConectConocimiento_white_320__120.png\",\"width\":320,\"height\":120,\"caption\":\"WeKAb\"},\"image\":{\"@id\":\"https:\/\/wekab.com\/blog\/#\/schema\/logo\/image\/\"},\"sameAs\":[\"https:\/\/www.facebook.com\/WeKnowAbout\/\",\"https:\/\/x.com\/wekab\",\"https:\/\/www.linkedin.com\/company\/wekab\",\"https:\/\/www.youtube.com\/user\/WeKnowAbout\"]},{\"@type\":\"Person\",\"@id\":\"https:\/\/wekab.com\/blog\/#\/schema\/person\/4549c377f58dfe2e7c89ee9fe7b524e2\",\"name\":\"WeKAb\",\"image\":{\"@type\":\"ImageObject\",\"inLanguage\":\"es\",\"@id\":\"https:\/\/wekab.com\/blog\/#\/schema\/person\/image\/\",\"url\":\"https:\/\/secure.gravatar.com\/avatar\/1683069b8479db2ab50e72c0866b4ae05544a7061daba4f941ae697f8925a319?s=96&d=mm&r=g\",\"contentUrl\":\"https:\/\/secure.gravatar.com\/avatar\/1683069b8479db2ab50e72c0866b4ae05544a7061daba4f941ae697f8925a319?s=96&d=mm&r=g\",\"caption\":\"WeKAb\"},\"sameAs\":[\"http:\/\/www.wekab.com\",\"www.facebook.com\/weknowabout\",\"https:\/\/www.linkedin.com\/company\/wekab\",\"https:\/\/x.com\/https:\/\/twitter.com\/WeKAb\",\"https:\/\/www.youtube.com\/user\/WeKnowAbout\"],\"url\":\"https:\/\/wekab.com\/blog\/author\/wekab\/\"}]}<\/script>\n<!-- \/ Yoast SEO plugin. -->","yoast_head_json":{"title":"El podcast como recurso para la formaci\u00f3n y el aprendizaje - El Blog de WeKAb","robots":{"index":"index","follow":"follow","max-snippet":"max-snippet:-1","max-image-preview":"max-image-preview:large","max-video-preview":"max-video-preview:-1"},"canonical":"https:\/\/wekab.com\/blog\/el-podcast-como-recurso-para-la-formacion-y-el-aprendizaje\/","og_locale":"es_ES","og_type":"article","og_title":"El podcast como recurso para la formaci\u00f3n y el aprendizaje - El Blog de WeKAb","og_description":"Acomp\u00e1\u00f1anos a explorar el fascinante mundo del podcasting como una herramienta educativa extraordinaria, con Jes\u00fas P\u00e9rez Santiago.","og_url":"https:\/\/wekab.com\/blog\/el-podcast-como-recurso-para-la-formacion-y-el-aprendizaje\/","og_site_name":"El Blog de WeKAb","article_publisher":"https:\/\/www.facebook.com\/WeKnowAbout\/","article_author":"www.facebook.com\/weknowabout","article_published_time":"2024-08-23T07:52:54+00:00","og_image":[{"width":1920,"height":1080,"url":"https:\/\/wekab.com\/blog\/wp-content\/uploads\/2024\/08\/LA18_JesusPerez.jpg","type":"image\/jpeg"}],"author":"WeKAb","twitter_card":"summary_large_image","twitter_creator":"@https:\/\/twitter.com\/WeKAb","twitter_site":"@wekab","twitter_misc":{"Escrito por":"WeKAb","Tiempo de lectura":"4 minutos"},"schema":{"@context":"https:\/\/schema.org","@graph":[{"@type":"Article","@id":"https:\/\/wekab.com\/blog\/el-podcast-como-recurso-para-la-formacion-y-el-aprendizaje\/#article","isPartOf":{"@id":"https:\/\/wekab.com\/blog\/el-podcast-como-recurso-para-la-formacion-y-el-aprendizaje\/"},"author":{"name":"WeKAb","@id":"https:\/\/wekab.com\/blog\/#\/schema\/person\/4549c377f58dfe2e7c89ee9fe7b524e2"},"headline":"El podcast como recurso para la formaci\u00f3n y el aprendizaje","datePublished":"2024-08-23T07:52:54+00:00","mainEntityOfPage":{"@id":"https:\/\/wekab.com\/blog\/el-podcast-como-recurso-para-la-formacion-y-el-aprendizaje\/"},"wordCount":762,"commentCount":0,"publisher":{"@id":"https:\/\/wekab.com\/blog\/#organization"},"image":{"@id":"https:\/\/wekab.com\/blog\/el-podcast-como-recurso-para-la-formacion-y-el-aprendizaje\/#primaryimage"},"thumbnailUrl":"https:\/\/wekab.com\/blog\/wp-content\/uploads\/2024\/08\/LA18_JesusPerez.jpg","articleSection":["Soy formador \/ docente"],"inLanguage":"es","potentialAction":[{"@type":"CommentAction","name":"Comment","target":["https:\/\/wekab.com\/blog\/el-podcast-como-recurso-para-la-formacion-y-el-aprendizaje\/#respond"]}]},{"@type":"WebPage","@id":"https:\/\/wekab.com\/blog\/el-podcast-como-recurso-para-la-formacion-y-el-aprendizaje\/","url":"https:\/\/wekab.com\/blog\/el-podcast-como-recurso-para-la-formacion-y-el-aprendizaje\/","name":"El podcast como recurso para la formaci\u00f3n y el aprendizaje - El Blog de WeKAb","isPartOf":{"@id":"https:\/\/wekab.com\/blog\/#website"},"primaryImageOfPage":{"@id":"https:\/\/wekab.com\/blog\/el-podcast-como-recurso-para-la-formacion-y-el-aprendizaje\/#primaryimage"},"image":{"@id":"https:\/\/wekab.com\/blog\/el-podcast-como-recurso-para-la-formacion-y-el-aprendizaje\/#primaryimage"},"thumbnailUrl":"https:\/\/wekab.com\/blog\/wp-content\/uploads\/2024\/08\/LA18_JesusPerez.jpg","datePublished":"2024-08-23T07:52:54+00:00","breadcrumb":{"@id":"https:\/\/wekab.com\/blog\/el-podcast-como-recurso-para-la-formacion-y-el-aprendizaje\/#breadcrumb"},"inLanguage":"es","potentialAction":[{"@type":"ReadAction","target":["https:\/\/wekab.com\/blog\/el-podcast-como-recurso-para-la-formacion-y-el-aprendizaje\/"]}]},{"@type":"ImageObject","inLanguage":"es","@id":"https:\/\/wekab.com\/blog\/el-podcast-como-recurso-para-la-formacion-y-el-aprendizaje\/#primaryimage","url":"https:\/\/wekab.com\/blog\/wp-content\/uploads\/2024\/08\/LA18_JesusPerez.jpg","contentUrl":"https:\/\/wekab.com\/blog\/wp-content\/uploads\/2024\/08\/LA18_JesusPerez.jpg","width":1920,"height":1080},{"@type":"BreadcrumbList","@id":"https:\/\/wekab.com\/blog\/el-podcast-como-recurso-para-la-formacion-y-el-aprendizaje\/#breadcrumb","itemListElement":[{"@type":"ListItem","position":1,"name":"Portada","item":"https:\/\/wekab.com\/blog\/"},{"@type":"ListItem","position":2,"name":"Soy formador \/ docente","item":"https:\/\/wekab.com\/blog\/category\/formador\/"},{"@type":"ListItem","position":3,"name":"El podcast como recurso para la formaci\u00f3n y el aprendizaje"}]},{"@type":"WebSite","@id":"https:\/\/wekab.com\/blog\/#website","url":"https:\/\/wekab.com\/blog\/","name":"El Blog de WeKAb","description":"Trabajo para formadores","publisher":{"@id":"https:\/\/wekab.com\/blog\/#organization"},"potentialAction":[{"@type":"SearchAction","target":{"@type":"EntryPoint","urlTemplate":"https:\/\/wekab.com\/blog\/?s={search_term_string}"},"query-input":{"@type":"PropertyValueSpecification","valueRequired":true,"valueName":"search_term_string"}}],"inLanguage":"es"},{"@type":"Organization","@id":"https:\/\/wekab.com\/blog\/#organization","name":"WeKAb","url":"https:\/\/wekab.com\/blog\/","logo":{"@type":"ImageObject","inLanguage":"es","@id":"https:\/\/wekab.com\/blog\/#\/schema\/logo\/image\/","url":"https:\/\/wekab.com\/blog\/wp-content\/uploads\/2015\/04\/logo_0003_ConectConocimiento_white_320__120.png","contentUrl":"https:\/\/wekab.com\/blog\/wp-content\/uploads\/2015\/04\/logo_0003_ConectConocimiento_white_320__120.png","width":320,"height":120,"caption":"WeKAb"},"image":{"@id":"https:\/\/wekab.com\/blog\/#\/schema\/logo\/image\/"},"sameAs":["https:\/\/www.facebook.com\/WeKnowAbout\/","https:\/\/x.com\/wekab","https:\/\/www.linkedin.com\/company\/wekab","https:\/\/www.youtube.com\/user\/WeKnowAbout"]},{"@type":"Person","@id":"https:\/\/wekab.com\/blog\/#\/schema\/person\/4549c377f58dfe2e7c89ee9fe7b524e2","name":"WeKAb","image":{"@type":"ImageObject","inLanguage":"es","@id":"https:\/\/wekab.com\/blog\/#\/schema\/person\/image\/","url":"https:\/\/secure.gravatar.com\/avatar\/1683069b8479db2ab50e72c0866b4ae05544a7061daba4f941ae697f8925a319?s=96&d=mm&r=g","contentUrl":"https:\/\/secure.gravatar.com\/avatar\/1683069b8479db2ab50e72c0866b4ae05544a7061daba4f941ae697f8925a319?s=96&d=mm&r=g","caption":"WeKAb"},"sameAs":["http:\/\/www.wekab.com","www.facebook.com\/weknowabout","https:\/\/www.linkedin.com\/company\/wekab","https:\/\/x.com\/https:\/\/twitter.com\/WeKAb","https:\/\/www.youtube.com\/user\/WeKnowAbout"],"url":"https:\/\/wekab.com\/blog\/author\/wekab\/"}]}},"_links":{"self":[{"href":"https:\/\/wekab.com\/blog\/wp-json\/wp\/v2\/posts\/1605","targetHints":{"allow":["GET"]}}],"collection":[{"href":"https:\/\/wekab.com\/blog\/wp-json\/wp\/v2\/posts"}],"about":[{"href":"https:\/\/wekab.com\/blog\/wp-json\/wp\/v2\/types\/post"}],"author":[{"embeddable":true,"href":"https:\/\/wekab.com\/blog\/wp-json\/wp\/v2\/users\/2"}],"replies":[{"embeddable":true,"href":"https:\/\/wekab.com\/blog\/wp-json\/wp\/v2\/comments?post=1605"}],"version-history":[{"count":0,"href":"https:\/\/wekab.com\/blog\/wp-json\/wp\/v2\/posts\/1605\/revisions"}],"wp:featuredmedia":[{"embeddable":true,"href":"https:\/\/wekab.com\/blog\/wp-json\/wp\/v2\/media\/1606"}],"wp:attachment":[{"href":"https:\/\/wekab.com\/blog\/wp-json\/wp\/v2\/media?parent=1605"}],"wp:term":[{"taxonomy":"category","embeddable":true,"href":"https:\/\/wekab.com\/blog\/wp-json\/wp\/v2\/categories?post=1605"},{"taxonomy":"post_tag","embeddable":true,"href":"https:\/\/wekab.com\/blog\/wp-json\/wp\/v2\/tags?post=1605"}],"curies":[{"name":"wp","href":"https:\/\/api.w.org\/{rel}","templated":true}]}}