{"id":1638,"date":"2024-10-11T08:17:18","date_gmt":"2024-10-11T07:17:18","guid":{"rendered":"https:\/\/wekab.com\/blog\/?p=1638"},"modified":"2024-10-09T08:37:11","modified_gmt":"2024-10-09T07:37:11","slug":"competencias-empresariales-y-educacion-un-enfoque-practico","status":"publish","type":"post","link":"https:\/\/wekab.com\/blog\/competencias-empresariales-y-educacion-un-enfoque-practico\/","title":{"rendered":"Competencias empresariales y educaci\u00f3n: un enfoque pr\u00e1ctico"},"content":{"rendered":"\n<p>El emprendimiento no s\u00f3lo involucra iniciar negocios, sino tambi\u00e9n fomentar una mente inquisitiva y resolutiva que puede ser crucial en todos los aspectos de la vida. En el episodio 26 de &#8216;Learning Advisors&#8217;, Juan Diego Pereiro Are\u00e1n y Jaime Aranda exploran profundamente c\u00f3mo la educaci\u00f3n en emprendimiento puede ser transformada y mejorada para preparar a futuros l\u00edderes y emprendedores eficaces.<\/p>\n\n\n\n<p>Recuerda que si este resumen se te hace poco podr\u00e1s escuchar el cap\u00edtulo completo en tu plataforma de podcast favorita o verlo en Youtube.<\/p>\n\n\n\n<iframe style=\"border-radius:12px\" src=\"https:\/\/open.spotify.com\/embed\/episode\/7DGYFBOhJvsSkVG8B7L51F\/video?utm_source=generator&#038;t=0\" width=\"624\" height=\"351\" frameBorder=\"0\" allowfullscreen=\"\" allow=\"autoplay; clipboard-write; encrypted-media; fullscreen; picture-in-picture\" loading=\"lazy\"><\/iframe>\n\n\n\n<div id=\"ez-toc-container\" class=\"ez-toc-v2_0_74 counter-hierarchy ez-toc-counter ez-toc-custom ez-toc-container-direction\">\n<div class=\"ez-toc-title-container\">\n<p class=\"ez-toc-title\" style=\"cursor:inherit\">Tabla de contenidos<\/p>\n<span class=\"ez-toc-title-toggle\"><a href=\"#\" class=\"ez-toc-pull-right ez-toc-btn ez-toc-btn-xs ez-toc-btn-default ez-toc-toggle\" aria-label=\"Alternar tabla de contenidos\"><span class=\"ez-toc-js-icon-con\"><span class=\"\"><span class=\"eztoc-hide\" style=\"display:none;\">Toggle<\/span><span class=\"ez-toc-icon-toggle-span\"><svg style=\"fill: #999;color:#999\" xmlns=\"http:\/\/www.w3.org\/2000\/svg\" class=\"list-377408\" width=\"20px\" height=\"20px\" viewBox=\"0 0 24 24\" fill=\"none\"><path d=\"M6 6H4v2h2V6zm14 0H8v2h12V6zM4 11h2v2H4v-2zm16 0H8v2h12v-2zM4 16h2v2H4v-2zm16 0H8v2h12v-2z\" fill=\"currentColor\"><\/path><\/svg><svg style=\"fill: #999;color:#999\" class=\"arrow-unsorted-368013\" xmlns=\"http:\/\/www.w3.org\/2000\/svg\" width=\"10px\" height=\"10px\" viewBox=\"0 0 24 24\" version=\"1.2\" baseProfile=\"tiny\"><path d=\"M18.2 9.3l-6.2-6.3-6.2 6.3c-.2.2-.3.4-.3.7s.1.5.3.7c.2.2.4.3.7.3h11c.3 0 .5-.1.7-.3.2-.2.3-.5.3-.7s-.1-.5-.3-.7zM5.8 14.7l6.2 6.3 6.2-6.3c.2-.2.3-.5.3-.7s-.1-.5-.3-.7c-.2-.2-.4-.3-.7-.3h-11c-.3 0-.5.1-.7.3-.2.2-.3.5-.3.7s.1.5.3.7z\"\/><\/svg><\/span><\/span><\/span><\/a><\/span><\/div>\n<nav><ul class='ez-toc-list ez-toc-list-level-1 eztoc-toggle-hide-by-default' ><li class='ez-toc-page-1 ez-toc-heading-level-2'><a class=\"ez-toc-link ez-toc-heading-1\" href=\"https:\/\/wekab.com\/blog\/competencias-empresariales-y-educacion-un-enfoque-practico\/#%C2%BFQuien_es_Jaime_Aranda\" >\u00bfQui\u00e9n es Jaime Aranda?<\/a><\/li><li class='ez-toc-page-1 ez-toc-heading-level-2'><a class=\"ez-toc-link ez-toc-heading-2\" href=\"https:\/\/wekab.com\/blog\/competencias-empresariales-y-educacion-un-enfoque-practico\/#Integracion_de_la_educacion_emprendedora_en_la_ensenanza_obligatoria\" >Integraci\u00f3n de la educaci\u00f3n emprendedora en la ense\u00f1anza obligatoria<\/a><\/li><li class='ez-toc-page-1 ez-toc-heading-level-2'><a class=\"ez-toc-link ez-toc-heading-3\" href=\"https:\/\/wekab.com\/blog\/competencias-empresariales-y-educacion-un-enfoque-practico\/#El_autoconocimiento_y_la_formacion_practica\" >El autoconocimiento y la formaci\u00f3n pr\u00e1ctica<\/a><\/li><li class='ez-toc-page-1 ez-toc-heading-level-2'><a class=\"ez-toc-link ez-toc-heading-4\" href=\"https:\/\/wekab.com\/blog\/competencias-empresariales-y-educacion-un-enfoque-practico\/#El_aprendizaje_conjunto\" >El aprendizaje conjunto<\/a><\/li><li class='ez-toc-page-1 ez-toc-heading-level-2'><a class=\"ez-toc-link ez-toc-heading-5\" href=\"https:\/\/wekab.com\/blog\/competencias-empresariales-y-educacion-un-enfoque-practico\/#Superando_el_sindrome_del_impostor\" >Superando el s\u00edndrome del impostor<\/a><\/li><li class='ez-toc-page-1 ez-toc-heading-level-2'><a class=\"ez-toc-link ez-toc-heading-6\" href=\"https:\/\/wekab.com\/blog\/competencias-empresariales-y-educacion-un-enfoque-practico\/#Ensenanza_de_metodologias_agiles\" >Ense\u00f1anza de metodolog\u00edas \u00e1giles<\/a><\/li><\/ul><\/nav><\/div>\n<h2 class=\"wp-block-heading\"><span class=\"ez-toc-section\" id=\"%C2%BFQuien_es_Jaime_Aranda\"><\/span>\u00bfQui\u00e9n es Jaime Aranda?<span class=\"ez-toc-section-end\"><\/span><\/h2>\n\n\n\n<p>Jaime es un emprendedor y profesional multifac\u00e9tico cuya trayectoria lo llev\u00f3 de la actividad empresarial al apasionante mundo de la educaci\u00f3n. Ha sido pionero en Espa\u00f1a en el \u00e1mbito del coworking, habiendo cofundado Work in Company en Sevilla hace 13 a\u00f1os, vinculado desde entonces con el mundo emprendedor y empresarial Jaime tambi\u00e9n destaca como organizador de Startup Weekend, un evento emblem\u00e1tico con el que ha contribuido al crecimiento y desarrollo del ecosistema emprendedor en Sevilla. Su incursi\u00f3n en la docencia comenz\u00f3 de manera org\u00e1nica, impulsada por su experiencia en el \u00e1mbito del coworking, realizando charlas y talleres sobre marketing, emprendimiento y comunidades, Actualmente, imparte clases a j\u00f3venes y adultos en cinco instituciones educativas, abarcando desde colegios internacionales hasta universidades, donde ense\u00f1a asignaturas como Metodolog\u00edas \u00e1giles para el emprendimiento, Gesti\u00f3n Digital, Innovaci\u00f3n, Marketing Digital o Gesti\u00f3n de proyectos entre otras. Adem\u00e1s de su labor como docente, Jaime est\u00e1 comprometido con la investigaci\u00f3n en educaci\u00f3n emprendedora y est\u00e1 desarrollando un libro de ensayos sobre este tema. Su enfoque pedag\u00f3gico innovador y su dedicaci\u00f3n a fomentar el emprendimiento en todas las etapas de la vida lo convierten en todo un referente en el \u00e1mbito educativo y empresarial.<\/p>\n\n\n\n<h2 class=\"wp-block-heading\"><span class=\"ez-toc-section\" id=\"Integracion_de_la_educacion_emprendedora_en_la_ensenanza_obligatoria\"><\/span>Integraci\u00f3n de la educaci\u00f3n emprendedora en la ense\u00f1anza obligatoria<span class=\"ez-toc-section-end\"><\/span><\/h2>\n\n\n\n<p>La educaci\u00f3n tradicional ha sido criticada por su enfoque excesivamente te\u00f3rico y por no preparar a los estudiantes para los desaf\u00edos reales del mundo laboral y empresarial. Durante el podcast, Jaime Aranda defiende la integraci\u00f3n de competencias emprendedoras en la educaci\u00f3n obligatoria, promoviendo habilidades como la creatividad, la gesti\u00f3n de recursos y la alfabetizaci\u00f3n financiera desde una edad temprana. Esto no solo prepara a los estudiantes para lanzar y gestionar sus propios negocios, sino tambi\u00e9n para desarrollarse como individuos proactivos y ciudadanos responsables.<\/p>\n\n\n\n<h2 class=\"wp-block-heading\"><span class=\"ez-toc-section\" id=\"El_autoconocimiento_y_la_formacion_practica\"><\/span>El autoconocimiento y la formaci\u00f3n pr\u00e1ctica<span class=\"ez-toc-section-end\"><\/span><\/h2>\n\n\n\n<p>Un punto clave abordado en la conversaci\u00f3n es la importancia del autoconocimiento en el emprendimiento. Aranda enfatiza c\u00f3mo el entender nuestras capacidades y debilidades no solo nos ayuda a definir nuestros objetivos profesionales, sino tambi\u00e9n a elegir roles y desaf\u00edos que se alineen con nuestras verdaderas pasiones y habilidades. Incorporar experiencias pr\u00e1cticas, como pr\u00e1cticas en empresas y proyectos de emprendimiento real, permite a los estudiantes experimentar de primera mano los desaf\u00edos del mundo empresarial, lo cual es incomparablemente m\u00e1s valioso que el aprendizaje solo te\u00f3rico.<\/p>\n\n\n\n<h2 class=\"wp-block-heading\"><span class=\"ez-toc-section\" id=\"El_aprendizaje_conjunto\"><\/span>El aprendizaje conjunto<span class=\"ez-toc-section-end\"><\/span><\/h2>\n\n\n\n<p>Otro aspecto innovador de la propuesta de Jaime es la promoci\u00f3n de la colaboraci\u00f3n dentro del sector empresarial. Ya sea mediante eventos de networking como el \u00abStartup Weekend\u00bb o plataformas online como TeachAvid.com, se busca crear un ecosistema donde el conocimiento y las experiencias se compartan abiertamente. Esta apertura no solo acelera el proceso de aprendizaje individual, sino que tambi\u00e9n fortalece la comunidad emprendedora en su conjunto, haci\u00e9ndola m\u00e1s robusta y resiliente frente a los desaf\u00edos.<\/p>\n\n\n\n<h2 class=\"wp-block-heading\"><span class=\"ez-toc-section\" id=\"Superando_el_sindrome_del_impostor\"><\/span>Superando el s\u00edndrome del impostor<span class=\"ez-toc-section-end\"><\/span><\/h2>\n\n\n\n<p>Durante el episodio, tambi\u00e9n se discute c\u00f3mo el s\u00edndrome del impostor puede ser un gran obst\u00e1culo para muchos emprendedores emergentes. La soluci\u00f3n, seg\u00fan Jaime, reside en una combinaci\u00f3n de educaci\u00f3n formal y experiencias que validen y refuercen la confianza en las habilidades propias de los emprendedores. Al enfrentar y superar desaf\u00edos reales, los emprendedores pueden derribar estas barreras psicol\u00f3gicas que limitan su potencial.<\/p>\n\n\n\n<h2 class=\"wp-block-heading\"><span class=\"ez-toc-section\" id=\"Ensenanza_de_metodologias_agiles\"><\/span>Ense\u00f1anza de metodolog\u00edas \u00e1giles<span class=\"ez-toc-section-end\"><\/span><\/h2>\n\n\n\n<p>Finalmente, ambos anfitriones subrayan la importancia de herramientas como el \u00abBusiness Model Canvas\u00bb adaptado a diferentes niveles educativos, y metodolog\u00edas \u00e1giles en la gesti\u00f3n de proyectos. Estas herramientas y m\u00e9todos no s\u00f3lo sirven para conceptualizar y planificar negocios, sino tambi\u00e9n para instilar una mentalidad flexible y adaptable, esencial para el \u00e9xito en cualquier profesi\u00f3n.<\/p>\n\n\n\n<p>Tanto Juan Diego como Jaime concluyen que la clave del \u00e9xito en la formaci\u00f3n emprendedora no radica solo en impartir conocimientos, sino en crear un ambiente donde los futuros emprendedores puedan crecer a trav\u00e9s del autoconocimiento, la pr\u00e1ctica real y el aprendizaje continuo. Al fomentar un ecosistema emprendedor inclusivo y colaborativo, podemos esperar no solo empresas m\u00e1s innovadoras y sostenibles, sino tambi\u00e9n una sociedad m\u00e1s proactiva y preparada para los desaf\u00edos del futuro.<\/p>\n","protected":false},"excerpt":{"rendered":"<p>El emprendimiento no s\u00f3lo involucra iniciar negocios, sino tambi\u00e9n fomentar una mente inquisitiva y resolutiva que puede ser crucial en todos los aspectos de la vida. En el episodio 26 de &#8216;Learning Advisors&#8217;, Juan Diego Pereiro Are\u00e1n y Jaime Aranda exploran profundamente c\u00f3mo la educaci\u00f3n en emprendimiento puede ser transformada y mejorada para preparar a futuros l\u00edderes y emprendedores eficaces.<\/p>\n","protected":false},"author":2,"featured_media":1639,"comment_status":"open","ping_status":"open","sticky":false,"template":"","format":"standard","meta":{"_kad_post_transparent":"","_kad_post_title":"","_kad_post_layout":"","_kad_post_sidebar_id":"","_kad_post_content_style":"","_kad_post_vertical_padding":"","_kad_post_feature":"","_kad_post_feature_position":"","_kad_post_header":false,"_kad_post_footer":false,"footnotes":""},"categories":[13],"tags":[],"class_list":["post-1638","post","type-post","status-publish","format-standard","has-post-thumbnail","hentry","category-formador"],"yoast_head":"<!-- This site is optimized with the Yoast SEO plugin v25.2 - https:\/\/yoast.com\/wordpress\/plugins\/seo\/ -->\n<title>Competencias empresariales y educaci\u00f3n: un enfoque pr\u00e1ctico - El Blog de WeKAb<\/title>\n<meta name=\"robots\" content=\"index, follow, max-snippet:-1, max-image-preview:large, max-video-preview:-1\" \/>\n<link rel=\"canonical\" href=\"https:\/\/wekab.com\/blog\/competencias-empresariales-y-educacion-un-enfoque-practico\/\" \/>\n<meta property=\"og:locale\" content=\"es_ES\" \/>\n<meta property=\"og:type\" content=\"article\" \/>\n<meta property=\"og:title\" content=\"Competencias empresariales y educaci\u00f3n: un enfoque pr\u00e1ctico - El Blog de WeKAb\" \/>\n<meta property=\"og:description\" content=\"El emprendimiento no s\u00f3lo involucra iniciar negocios, sino tambi\u00e9n fomentar una mente inquisitiva y resolutiva que puede ser crucial en todos los aspectos de la vida. En el episodio 26 de &#039;Learning Advisors&#039;, Juan Diego Pereiro Are\u00e1n y Jaime Aranda exploran profundamente c\u00f3mo la educaci\u00f3n en emprendimiento puede ser transformada y mejorada para preparar a futuros l\u00edderes y emprendedores eficaces.\" \/>\n<meta property=\"og:url\" content=\"https:\/\/wekab.com\/blog\/competencias-empresariales-y-educacion-un-enfoque-practico\/\" \/>\n<meta property=\"og:site_name\" content=\"El Blog de WeKAb\" \/>\n<meta property=\"article:publisher\" content=\"https:\/\/www.facebook.com\/WeKnowAbout\/\" \/>\n<meta property=\"article:author\" content=\"www.facebook.com\/weknowabout\" \/>\n<meta property=\"article:published_time\" content=\"2024-10-11T07:17:18+00:00\" \/>\n<meta property=\"og:image\" content=\"https:\/\/wekab.com\/blog\/wp-content\/uploads\/2024\/10\/LA26_Jaime-Aranda.jpg\" \/>\n\t<meta property=\"og:image:width\" content=\"1920\" \/>\n\t<meta property=\"og:image:height\" content=\"1080\" \/>\n\t<meta property=\"og:image:type\" content=\"image\/jpeg\" \/>\n<meta name=\"author\" content=\"WeKAb\" \/>\n<meta name=\"twitter:card\" content=\"summary_large_image\" \/>\n<meta name=\"twitter:creator\" content=\"@https:\/\/twitter.com\/WeKAb\" \/>\n<meta name=\"twitter:site\" content=\"@wekab\" \/>\n<meta name=\"twitter:label1\" content=\"Escrito por\" \/>\n\t<meta name=\"twitter:data1\" content=\"WeKAb\" \/>\n\t<meta name=\"twitter:label2\" content=\"Tiempo de lectura\" \/>\n\t<meta name=\"twitter:data2\" content=\"4 minutos\" \/>\n<script type=\"application\/ld+json\" class=\"yoast-schema-graph\">{\"@context\":\"https:\/\/schema.org\",\"@graph\":[{\"@type\":\"Article\",\"@id\":\"https:\/\/wekab.com\/blog\/competencias-empresariales-y-educacion-un-enfoque-practico\/#article\",\"isPartOf\":{\"@id\":\"https:\/\/wekab.com\/blog\/competencias-empresariales-y-educacion-un-enfoque-practico\/\"},\"author\":{\"name\":\"WeKAb\",\"@id\":\"https:\/\/wekab.com\/blog\/#\/schema\/person\/4549c377f58dfe2e7c89ee9fe7b524e2\"},\"headline\":\"Competencias empresariales y educaci\u00f3n: un enfoque pr\u00e1ctico\",\"datePublished\":\"2024-10-11T07:17:18+00:00\",\"mainEntityOfPage\":{\"@id\":\"https:\/\/wekab.com\/blog\/competencias-empresariales-y-educacion-un-enfoque-practico\/\"},\"wordCount\":833,\"commentCount\":0,\"publisher\":{\"@id\":\"https:\/\/wekab.com\/blog\/#organization\"},\"image\":{\"@id\":\"https:\/\/wekab.com\/blog\/competencias-empresariales-y-educacion-un-enfoque-practico\/#primaryimage\"},\"thumbnailUrl\":\"https:\/\/wekab.com\/blog\/wp-content\/uploads\/2024\/10\/LA26_Jaime-Aranda.jpg\",\"articleSection\":[\"Soy formador \/ docente\"],\"inLanguage\":\"es\",\"potentialAction\":[{\"@type\":\"CommentAction\",\"name\":\"Comment\",\"target\":[\"https:\/\/wekab.com\/blog\/competencias-empresariales-y-educacion-un-enfoque-practico\/#respond\"]}]},{\"@type\":\"WebPage\",\"@id\":\"https:\/\/wekab.com\/blog\/competencias-empresariales-y-educacion-un-enfoque-practico\/\",\"url\":\"https:\/\/wekab.com\/blog\/competencias-empresariales-y-educacion-un-enfoque-practico\/\",\"name\":\"Competencias empresariales y educaci\u00f3n: un enfoque pr\u00e1ctico - El Blog de WeKAb\",\"isPartOf\":{\"@id\":\"https:\/\/wekab.com\/blog\/#website\"},\"primaryImageOfPage\":{\"@id\":\"https:\/\/wekab.com\/blog\/competencias-empresariales-y-educacion-un-enfoque-practico\/#primaryimage\"},\"image\":{\"@id\":\"https:\/\/wekab.com\/blog\/competencias-empresariales-y-educacion-un-enfoque-practico\/#primaryimage\"},\"thumbnailUrl\":\"https:\/\/wekab.com\/blog\/wp-content\/uploads\/2024\/10\/LA26_Jaime-Aranda.jpg\",\"datePublished\":\"2024-10-11T07:17:18+00:00\",\"breadcrumb\":{\"@id\":\"https:\/\/wekab.com\/blog\/competencias-empresariales-y-educacion-un-enfoque-practico\/#breadcrumb\"},\"inLanguage\":\"es\",\"potentialAction\":[{\"@type\":\"ReadAction\",\"target\":[\"https:\/\/wekab.com\/blog\/competencias-empresariales-y-educacion-un-enfoque-practico\/\"]}]},{\"@type\":\"ImageObject\",\"inLanguage\":\"es\",\"@id\":\"https:\/\/wekab.com\/blog\/competencias-empresariales-y-educacion-un-enfoque-practico\/#primaryimage\",\"url\":\"https:\/\/wekab.com\/blog\/wp-content\/uploads\/2024\/10\/LA26_Jaime-Aranda.jpg\",\"contentUrl\":\"https:\/\/wekab.com\/blog\/wp-content\/uploads\/2024\/10\/LA26_Jaime-Aranda.jpg\",\"width\":1920,\"height\":1080},{\"@type\":\"BreadcrumbList\",\"@id\":\"https:\/\/wekab.com\/blog\/competencias-empresariales-y-educacion-un-enfoque-practico\/#breadcrumb\",\"itemListElement\":[{\"@type\":\"ListItem\",\"position\":1,\"name\":\"Portada\",\"item\":\"https:\/\/wekab.com\/blog\/\"},{\"@type\":\"ListItem\",\"position\":2,\"name\":\"Soy formador \/ docente\",\"item\":\"https:\/\/wekab.com\/blog\/category\/formador\/\"},{\"@type\":\"ListItem\",\"position\":3,\"name\":\"Competencias empresariales y educaci\u00f3n: un enfoque pr\u00e1ctico\"}]},{\"@type\":\"WebSite\",\"@id\":\"https:\/\/wekab.com\/blog\/#website\",\"url\":\"https:\/\/wekab.com\/blog\/\",\"name\":\"El Blog de WeKAb\",\"description\":\"Trabajo para formadores\",\"publisher\":{\"@id\":\"https:\/\/wekab.com\/blog\/#organization\"},\"potentialAction\":[{\"@type\":\"SearchAction\",\"target\":{\"@type\":\"EntryPoint\",\"urlTemplate\":\"https:\/\/wekab.com\/blog\/?s={search_term_string}\"},\"query-input\":{\"@type\":\"PropertyValueSpecification\",\"valueRequired\":true,\"valueName\":\"search_term_string\"}}],\"inLanguage\":\"es\"},{\"@type\":\"Organization\",\"@id\":\"https:\/\/wekab.com\/blog\/#organization\",\"name\":\"WeKAb\",\"url\":\"https:\/\/wekab.com\/blog\/\",\"logo\":{\"@type\":\"ImageObject\",\"inLanguage\":\"es\",\"@id\":\"https:\/\/wekab.com\/blog\/#\/schema\/logo\/image\/\",\"url\":\"https:\/\/wekab.com\/blog\/wp-content\/uploads\/2015\/04\/logo_0003_ConectConocimiento_white_320__120.png\",\"contentUrl\":\"https:\/\/wekab.com\/blog\/wp-content\/uploads\/2015\/04\/logo_0003_ConectConocimiento_white_320__120.png\",\"width\":320,\"height\":120,\"caption\":\"WeKAb\"},\"image\":{\"@id\":\"https:\/\/wekab.com\/blog\/#\/schema\/logo\/image\/\"},\"sameAs\":[\"https:\/\/www.facebook.com\/WeKnowAbout\/\",\"https:\/\/x.com\/wekab\",\"https:\/\/www.linkedin.com\/company\/wekab\",\"https:\/\/www.youtube.com\/user\/WeKnowAbout\"]},{\"@type\":\"Person\",\"@id\":\"https:\/\/wekab.com\/blog\/#\/schema\/person\/4549c377f58dfe2e7c89ee9fe7b524e2\",\"name\":\"WeKAb\",\"image\":{\"@type\":\"ImageObject\",\"inLanguage\":\"es\",\"@id\":\"https:\/\/wekab.com\/blog\/#\/schema\/person\/image\/\",\"url\":\"https:\/\/secure.gravatar.com\/avatar\/1683069b8479db2ab50e72c0866b4ae05544a7061daba4f941ae697f8925a319?s=96&d=mm&r=g\",\"contentUrl\":\"https:\/\/secure.gravatar.com\/avatar\/1683069b8479db2ab50e72c0866b4ae05544a7061daba4f941ae697f8925a319?s=96&d=mm&r=g\",\"caption\":\"WeKAb\"},\"sameAs\":[\"http:\/\/www.wekab.com\",\"www.facebook.com\/weknowabout\",\"https:\/\/www.linkedin.com\/company\/wekab\",\"https:\/\/x.com\/https:\/\/twitter.com\/WeKAb\",\"https:\/\/www.youtube.com\/user\/WeKnowAbout\"],\"url\":\"https:\/\/wekab.com\/blog\/author\/wekab\/\"}]}<\/script>\n<!-- \/ Yoast SEO plugin. -->","yoast_head_json":{"title":"Competencias empresariales y educaci\u00f3n: un enfoque pr\u00e1ctico - El Blog de WeKAb","robots":{"index":"index","follow":"follow","max-snippet":"max-snippet:-1","max-image-preview":"max-image-preview:large","max-video-preview":"max-video-preview:-1"},"canonical":"https:\/\/wekab.com\/blog\/competencias-empresariales-y-educacion-un-enfoque-practico\/","og_locale":"es_ES","og_type":"article","og_title":"Competencias empresariales y educaci\u00f3n: un enfoque pr\u00e1ctico - El Blog de WeKAb","og_description":"El emprendimiento no s\u00f3lo involucra iniciar negocios, sino tambi\u00e9n fomentar una mente inquisitiva y resolutiva que puede ser crucial en todos los aspectos de la vida. En el episodio 26 de 'Learning Advisors', Juan Diego Pereiro Are\u00e1n y Jaime Aranda exploran profundamente c\u00f3mo la educaci\u00f3n en emprendimiento puede ser transformada y mejorada para preparar a futuros l\u00edderes y emprendedores eficaces.","og_url":"https:\/\/wekab.com\/blog\/competencias-empresariales-y-educacion-un-enfoque-practico\/","og_site_name":"El Blog de WeKAb","article_publisher":"https:\/\/www.facebook.com\/WeKnowAbout\/","article_author":"www.facebook.com\/weknowabout","article_published_time":"2024-10-11T07:17:18+00:00","og_image":[{"width":1920,"height":1080,"url":"https:\/\/wekab.com\/blog\/wp-content\/uploads\/2024\/10\/LA26_Jaime-Aranda.jpg","type":"image\/jpeg"}],"author":"WeKAb","twitter_card":"summary_large_image","twitter_creator":"@https:\/\/twitter.com\/WeKAb","twitter_site":"@wekab","twitter_misc":{"Escrito por":"WeKAb","Tiempo de lectura":"4 minutos"},"schema":{"@context":"https:\/\/schema.org","@graph":[{"@type":"Article","@id":"https:\/\/wekab.com\/blog\/competencias-empresariales-y-educacion-un-enfoque-practico\/#article","isPartOf":{"@id":"https:\/\/wekab.com\/blog\/competencias-empresariales-y-educacion-un-enfoque-practico\/"},"author":{"name":"WeKAb","@id":"https:\/\/wekab.com\/blog\/#\/schema\/person\/4549c377f58dfe2e7c89ee9fe7b524e2"},"headline":"Competencias empresariales y educaci\u00f3n: un enfoque pr\u00e1ctico","datePublished":"2024-10-11T07:17:18+00:00","mainEntityOfPage":{"@id":"https:\/\/wekab.com\/blog\/competencias-empresariales-y-educacion-un-enfoque-practico\/"},"wordCount":833,"commentCount":0,"publisher":{"@id":"https:\/\/wekab.com\/blog\/#organization"},"image":{"@id":"https:\/\/wekab.com\/blog\/competencias-empresariales-y-educacion-un-enfoque-practico\/#primaryimage"},"thumbnailUrl":"https:\/\/wekab.com\/blog\/wp-content\/uploads\/2024\/10\/LA26_Jaime-Aranda.jpg","articleSection":["Soy formador \/ docente"],"inLanguage":"es","potentialAction":[{"@type":"CommentAction","name":"Comment","target":["https:\/\/wekab.com\/blog\/competencias-empresariales-y-educacion-un-enfoque-practico\/#respond"]}]},{"@type":"WebPage","@id":"https:\/\/wekab.com\/blog\/competencias-empresariales-y-educacion-un-enfoque-practico\/","url":"https:\/\/wekab.com\/blog\/competencias-empresariales-y-educacion-un-enfoque-practico\/","name":"Competencias empresariales y educaci\u00f3n: un enfoque pr\u00e1ctico - El Blog de WeKAb","isPartOf":{"@id":"https:\/\/wekab.com\/blog\/#website"},"primaryImageOfPage":{"@id":"https:\/\/wekab.com\/blog\/competencias-empresariales-y-educacion-un-enfoque-practico\/#primaryimage"},"image":{"@id":"https:\/\/wekab.com\/blog\/competencias-empresariales-y-educacion-un-enfoque-practico\/#primaryimage"},"thumbnailUrl":"https:\/\/wekab.com\/blog\/wp-content\/uploads\/2024\/10\/LA26_Jaime-Aranda.jpg","datePublished":"2024-10-11T07:17:18+00:00","breadcrumb":{"@id":"https:\/\/wekab.com\/blog\/competencias-empresariales-y-educacion-un-enfoque-practico\/#breadcrumb"},"inLanguage":"es","potentialAction":[{"@type":"ReadAction","target":["https:\/\/wekab.com\/blog\/competencias-empresariales-y-educacion-un-enfoque-practico\/"]}]},{"@type":"ImageObject","inLanguage":"es","@id":"https:\/\/wekab.com\/blog\/competencias-empresariales-y-educacion-un-enfoque-practico\/#primaryimage","url":"https:\/\/wekab.com\/blog\/wp-content\/uploads\/2024\/10\/LA26_Jaime-Aranda.jpg","contentUrl":"https:\/\/wekab.com\/blog\/wp-content\/uploads\/2024\/10\/LA26_Jaime-Aranda.jpg","width":1920,"height":1080},{"@type":"BreadcrumbList","@id":"https:\/\/wekab.com\/blog\/competencias-empresariales-y-educacion-un-enfoque-practico\/#breadcrumb","itemListElement":[{"@type":"ListItem","position":1,"name":"Portada","item":"https:\/\/wekab.com\/blog\/"},{"@type":"ListItem","position":2,"name":"Soy formador \/ docente","item":"https:\/\/wekab.com\/blog\/category\/formador\/"},{"@type":"ListItem","position":3,"name":"Competencias empresariales y educaci\u00f3n: un enfoque pr\u00e1ctico"}]},{"@type":"WebSite","@id":"https:\/\/wekab.com\/blog\/#website","url":"https:\/\/wekab.com\/blog\/","name":"El Blog de WeKAb","description":"Trabajo para formadores","publisher":{"@id":"https:\/\/wekab.com\/blog\/#organization"},"potentialAction":[{"@type":"SearchAction","target":{"@type":"EntryPoint","urlTemplate":"https:\/\/wekab.com\/blog\/?s={search_term_string}"},"query-input":{"@type":"PropertyValueSpecification","valueRequired":true,"valueName":"search_term_string"}}],"inLanguage":"es"},{"@type":"Organization","@id":"https:\/\/wekab.com\/blog\/#organization","name":"WeKAb","url":"https:\/\/wekab.com\/blog\/","logo":{"@type":"ImageObject","inLanguage":"es","@id":"https:\/\/wekab.com\/blog\/#\/schema\/logo\/image\/","url":"https:\/\/wekab.com\/blog\/wp-content\/uploads\/2015\/04\/logo_0003_ConectConocimiento_white_320__120.png","contentUrl":"https:\/\/wekab.com\/blog\/wp-content\/uploads\/2015\/04\/logo_0003_ConectConocimiento_white_320__120.png","width":320,"height":120,"caption":"WeKAb"},"image":{"@id":"https:\/\/wekab.com\/blog\/#\/schema\/logo\/image\/"},"sameAs":["https:\/\/www.facebook.com\/WeKnowAbout\/","https:\/\/x.com\/wekab","https:\/\/www.linkedin.com\/company\/wekab","https:\/\/www.youtube.com\/user\/WeKnowAbout"]},{"@type":"Person","@id":"https:\/\/wekab.com\/blog\/#\/schema\/person\/4549c377f58dfe2e7c89ee9fe7b524e2","name":"WeKAb","image":{"@type":"ImageObject","inLanguage":"es","@id":"https:\/\/wekab.com\/blog\/#\/schema\/person\/image\/","url":"https:\/\/secure.gravatar.com\/avatar\/1683069b8479db2ab50e72c0866b4ae05544a7061daba4f941ae697f8925a319?s=96&d=mm&r=g","contentUrl":"https:\/\/secure.gravatar.com\/avatar\/1683069b8479db2ab50e72c0866b4ae05544a7061daba4f941ae697f8925a319?s=96&d=mm&r=g","caption":"WeKAb"},"sameAs":["http:\/\/www.wekab.com","www.facebook.com\/weknowabout","https:\/\/www.linkedin.com\/company\/wekab","https:\/\/x.com\/https:\/\/twitter.com\/WeKAb","https:\/\/www.youtube.com\/user\/WeKnowAbout"],"url":"https:\/\/wekab.com\/blog\/author\/wekab\/"}]}},"_links":{"self":[{"href":"https:\/\/wekab.com\/blog\/wp-json\/wp\/v2\/posts\/1638","targetHints":{"allow":["GET"]}}],"collection":[{"href":"https:\/\/wekab.com\/blog\/wp-json\/wp\/v2\/posts"}],"about":[{"href":"https:\/\/wekab.com\/blog\/wp-json\/wp\/v2\/types\/post"}],"author":[{"embeddable":true,"href":"https:\/\/wekab.com\/blog\/wp-json\/wp\/v2\/users\/2"}],"replies":[{"embeddable":true,"href":"https:\/\/wekab.com\/blog\/wp-json\/wp\/v2\/comments?post=1638"}],"version-history":[{"count":0,"href":"https:\/\/wekab.com\/blog\/wp-json\/wp\/v2\/posts\/1638\/revisions"}],"wp:featuredmedia":[{"embeddable":true,"href":"https:\/\/wekab.com\/blog\/wp-json\/wp\/v2\/media\/1639"}],"wp:attachment":[{"href":"https:\/\/wekab.com\/blog\/wp-json\/wp\/v2\/media?parent=1638"}],"wp:term":[{"taxonomy":"category","embeddable":true,"href":"https:\/\/wekab.com\/blog\/wp-json\/wp\/v2\/categories?post=1638"},{"taxonomy":"post_tag","embeddable":true,"href":"https:\/\/wekab.com\/blog\/wp-json\/wp\/v2\/tags?post=1638"}],"curies":[{"name":"wp","href":"https:\/\/api.w.org\/{rel}","templated":true}]}}