{"id":1641,"date":"2024-10-18T08:05:56","date_gmt":"2024-10-18T07:05:56","guid":{"rendered":"https:\/\/wekab.com\/blog\/?p=1641"},"modified":"2024-10-16T08:41:13","modified_gmt":"2024-10-16T07:41:13","slug":"formador-tienes-un-plan-y-de-negocio","status":"publish","type":"post","link":"https:\/\/wekab.com\/blog\/formador-tienes-un-plan-y-de-negocio\/","title":{"rendered":"Formador, \u00bftienes un plan? \u00bfy de negocio?"},"content":{"rendered":"\n<p>\u00bfC\u00f3mo los formadores pueden dise\u00f1ar un plan de negocios efectivo y adaptativo en el vertiginoso mundo actual? En el cap\u00edtulo 27 de Learning Advisors hablamos con Marta Falc\u00f3n, experta en emprendimiento, innovaci\u00f3n y dise\u00f1o de servicios. Aqu\u00ed exploramos c\u00f3mo los profesionales de la formaci\u00f3n pueden sobresalir adaptando sus m\u00e9todos y manteniendo una marca personal fuerte.<\/p>\n\n\n\n<p>Recuerda que si este resumen se te hace poco podr\u00e1s escuchar el cap\u00edtulo completo en tu plataforma de podcast favorita o verlo en Youtube.<\/p>\n\n\n\n<iframe style=\"border-radius:12px\" src=\"https:\/\/open.spotify.com\/embed\/episode\/73GDE94narkKPLFbCGmCxN\/video?utm_source=generator&#038;t=0\" width=\"624\" height=\"351\" frameBorder=\"0\" allowfullscreen=\"\" allow=\"autoplay; clipboard-write; encrypted-media; fullscreen; picture-in-picture\" loading=\"lazy\"><\/iframe>\n\n\n\n<div id=\"ez-toc-container\" class=\"ez-toc-v2_0_74 counter-hierarchy ez-toc-counter ez-toc-custom ez-toc-container-direction\">\n<div class=\"ez-toc-title-container\">\n<p class=\"ez-toc-title\" style=\"cursor:inherit\">Tabla de contenidos<\/p>\n<span class=\"ez-toc-title-toggle\"><a href=\"#\" class=\"ez-toc-pull-right ez-toc-btn ez-toc-btn-xs ez-toc-btn-default ez-toc-toggle\" aria-label=\"Alternar tabla de contenidos\"><span class=\"ez-toc-js-icon-con\"><span class=\"\"><span class=\"eztoc-hide\" style=\"display:none;\">Toggle<\/span><span class=\"ez-toc-icon-toggle-span\"><svg style=\"fill: #999;color:#999\" xmlns=\"http:\/\/www.w3.org\/2000\/svg\" class=\"list-377408\" width=\"20px\" height=\"20px\" viewBox=\"0 0 24 24\" fill=\"none\"><path d=\"M6 6H4v2h2V6zm14 0H8v2h12V6zM4 11h2v2H4v-2zm16 0H8v2h12v-2zM4 16h2v2H4v-2zm16 0H8v2h12v-2z\" fill=\"currentColor\"><\/path><\/svg><svg style=\"fill: #999;color:#999\" class=\"arrow-unsorted-368013\" xmlns=\"http:\/\/www.w3.org\/2000\/svg\" width=\"10px\" height=\"10px\" viewBox=\"0 0 24 24\" version=\"1.2\" baseProfile=\"tiny\"><path d=\"M18.2 9.3l-6.2-6.3-6.2 6.3c-.2.2-.3.4-.3.7s.1.5.3.7c.2.2.4.3.7.3h11c.3 0 .5-.1.7-.3.2-.2.3-.5.3-.7s-.1-.5-.3-.7zM5.8 14.7l6.2 6.3 6.2-6.3c.2-.2.3-.5.3-.7s-.1-.5-.3-.7c-.2-.2-.4-.3-.7-.3h-11c-.3 0-.5.1-.7.3-.2.2-.3.5-.3.7s.1.5.3.7z\"\/><\/svg><\/span><\/span><\/span><\/a><\/span><\/div>\n<nav><ul class='ez-toc-list ez-toc-list-level-1 eztoc-toggle-hide-by-default' ><li class='ez-toc-page-1 ez-toc-heading-level-2'><a class=\"ez-toc-link ez-toc-heading-1\" href=\"https:\/\/wekab.com\/blog\/formador-tienes-un-plan-y-de-negocio\/#%C2%BFQuien_es_Marta_Falcon\" >\u00bfQui\u00e9n es Marta Falc\u00f3n?<\/a><\/li><li class='ez-toc-page-1 ez-toc-heading-level-2'><a class=\"ez-toc-link ez-toc-heading-2\" href=\"https:\/\/wekab.com\/blog\/formador-tienes-un-plan-y-de-negocio\/#La_importancia_de_un_plan_de_negocio_dinamico_y_la_marca_personal_para_formadores\" >La importancia de un plan de negocio din\u00e1mico y la marca personal para formadores<\/a><\/li><li class='ez-toc-page-1 ez-toc-heading-level-2'><a class=\"ez-toc-link ez-toc-heading-3\" href=\"https:\/\/wekab.com\/blog\/formador-tienes-un-plan-y-de-negocio\/#Adaptabilidad_y_aprendizaje_continuo\" >Adaptabilidad y aprendizaje continuo<\/a><\/li><li class='ez-toc-page-1 ez-toc-heading-level-2'><a class=\"ez-toc-link ez-toc-heading-4\" href=\"https:\/\/wekab.com\/blog\/formador-tienes-un-plan-y-de-negocio\/#Precios_y_percepcion_de_valor\" >Precios y percepci\u00f3n de valor<\/a><\/li><\/ul><\/nav><\/div>\n<h2 class=\"wp-block-heading\"><span class=\"ez-toc-section\" id=\"%C2%BFQuien_es_Marta_Falcon\"><\/span>\u00bfQui\u00e9n es Marta Falc\u00f3n?<span class=\"ez-toc-section-end\"><\/span><\/h2>\n\n\n\n<p>Con una trayectoria que abarca desde el dise\u00f1o en agencias de Barcelona, Florencia y Londres hasta la consultor\u00eda de negocio y dise\u00f1o de servicios para grandes corporaciones en sectores tan diversos como la banca, automoci\u00f3n, energ\u00eda, farmac\u00e9uticas y comunicaci\u00f3n, Marta Falcon personifica la versatilidad y la pasi\u00f3n por el emprendimiento y la innovaci\u00f3n. <\/p>\n\n\n\n<p>Su incursi\u00f3n en el mundo empresarial comenz\u00f3 con el lanzamiento de su primer negocio en 2012, un e-commerce que le sirvi\u00f3 como m\u00e1ster acelerado en marketing. Desde entonces, ha seguido desafiando convenciones y explorando nuevos horizontes, como consultora, formadora y mentora en programas de innovaci\u00f3n y emprendimiento. <\/p>\n\n\n\n<p>Marta es una apasionada defensora del aprendizaje continuo y la adaptabilidad. Es una profesional con un enfoque anal\u00edtico y orientado a la acci\u00f3n, con gran capacidad para resolver problemas reales y aportar valor a sus clientes y colaboradores. <\/p>\n\n\n\n<p>Tras enfrentarse al desaf\u00edo del burnout a principios de 2021, Marta decidi\u00f3 reinventarse y demostrar que cada uno puede trazar su propio camino hacia el \u00e9xito, aportando valor y resolviendo problemas reales. Por ello ahora est\u00e1 m\u00e1s preparada a\u00fan para compartir sus lecciones aprendidas y ayudar a otros a alcanzar su m\u00e1ximo potencial en el mundo del emprendimiento y la innovaci\u00f3n a trav\u00e9s de la formaci\u00f3n y la consultor\u00eda.<\/p>\n\n\n\n<h2 class=\"wp-block-heading\"><span class=\"ez-toc-section\" id=\"La_importancia_de_un_plan_de_negocio_dinamico_y_la_marca_personal_para_formadores\"><\/span>La importancia de un plan de negocio din\u00e1mico y la marca personal para formadores<span class=\"ez-toc-section-end\"><\/span><\/h2>\n\n\n\n<p>Marta enfatiz\u00f3 la relevancia de tener un plan de negocio bien estructurado, no solo como documento, sino como una pr\u00e1ctica viva y en constante evoluci\u00f3n. En un mercado donde los cambios son la \u00fanica constante, la capacidad para adaptar y actualizar nuestros modelos de negocio es crucial. Los formadores deben estar atentos a las tendencias y necesidades del mercado, ajustando sus ofertas y m\u00e9todos para mantenerse relevantes y competitivos.<\/p>\n\n\n\n<p>Uno de los pilares m\u00e1s importantes que Marta destac\u00f3 fue el desarrollo y mantenimiento de una marca personal. Vivimos en una era digital donde nuestra presencia en l\u00ednea habla antes que nosotros mismos. Los formadores deben aprovechar plataformas como LinkedIn y Twitter para construir y fortalecer su identidad profesional, compartiendo contenido de valor, opiniones y casos de \u00e9xito que reflejen su expertise y filosof\u00eda de trabajo.<\/p>\n\n\n\n<h2 class=\"wp-block-heading\"><span class=\"ez-toc-section\" id=\"Adaptabilidad_y_aprendizaje_continuo\"><\/span>Adaptabilidad y aprendizaje continuo<span class=\"ez-toc-section-end\"><\/span><\/h2>\n\n\n\n<p>La conversaci\u00f3n tambi\u00e9n toc\u00f3 un punto crucial: la adaptabilidad. La pandemia nos mostr\u00f3 cu\u00e1n r\u00e1pido puede cambiar el entorno, y aquellos formadores que se adaptaron r\u00e1pidamente a las circunstancias, por ejemplo, trasladando su oferta a plataformas digitales o ajustando sus tem\u00e1ticas a las preocupaciones actuales, fueron quienes mejor atravesaron la crisis. Marta subray\u00f3 la importancia del aprendizaje continuo y la autoeducaci\u00f3n como herramientas vitales en este aspecto.<\/p>\n\n\n\n<p>En el mundo del entrenamiento y la formaci\u00f3n, no se trata solo de transmitir conocimiento, sino de hacerlo de manera que resuene con las necesidades y expectativas de nuestro p\u00fablico. Esto se traduce en especializarse y personalizar nuestras ofertas, comprendiendo en profundidad los desaf\u00edos y objetivos de nuestros clientes. As\u00ed, podemos crear experiencias de aprendizaje que no solo informen sino que transformen.<\/p>\n\n\n\n<h2 class=\"wp-block-heading\"><span class=\"ez-toc-section\" id=\"Precios_y_percepcion_de_valor\"><\/span>Precios y percepci\u00f3n de valor<span class=\"ez-toc-section-end\"><\/span><\/h2>\n\n\n\n<p>Un aspecto interesante que Marta y Juan Diego discutieron fue la psicolog\u00eda del precio en la formaci\u00f3n. Establecer precios que reflejen el valor de nuestro trabajo no solo asegura una compensaci\u00f3n justa, sino que tambi\u00e9n posiciona nuestra oferta dentro del mercado. Marta aconsej\u00f3 no subestimar nuestros servicios; un precio m\u00e1s alto puede justificarse plenamente si va acompa\u00f1ado de un valor diferenciado y tangible para el cliente.<\/p>\n\n\n\n<p>Para cerrar, la visi\u00f3n de Marta sobre el futuro de la formaci\u00f3n es una de continuo cambio y evoluci\u00f3n. Ense\u00f1\u00f3 que el compromiso con la mejora constante y la disposici\u00f3n a adaptarse r\u00e1pidamente a las nuevas demandas son lo que diferenciar\u00e1 a los formadores exitosos de aquellos que se quedan atr\u00e1s. Esto, combinado con una fuerte presencia en l\u00ednea y una marca personal s\u00f3lida y coherente, ser\u00e1 esencial para cualquier profesional que aspire a destacarse en el campo de la formaci\u00f3n.<\/p>\n\n\n\n<p>Este episodio no solo nos proporcion\u00f3 herramientas pr\u00e1cticas, sino tambi\u00e9n inspiraci\u00f3n para perseguir nuestros objetivos con una estrategia clara y una mente abierta a las infinitas posibilidades de aprendizaje y crecimiento.<\/p>\n","protected":false},"excerpt":{"rendered":"<p>\u00bfC\u00f3mo los formadores pueden dise\u00f1ar un plan de negocios efectivo y adaptativo en el vertiginoso mundo actual? En el cap\u00edtulo 27 de Learning Advisors hablamos con Marta Falc\u00f3n, experta en emprendimiento, innovaci\u00f3n y dise\u00f1o de servicios. Aqu\u00ed exploramos c\u00f3mo los profesionales de la formaci\u00f3n pueden sobresalir adaptando sus m\u00e9todos y manteniendo una marca personal fuerte.<\/p>\n","protected":false},"author":2,"featured_media":1642,"comment_status":"open","ping_status":"open","sticky":false,"template":"","format":"standard","meta":{"_kad_post_transparent":"","_kad_post_title":"","_kad_post_layout":"","_kad_post_sidebar_id":"","_kad_post_content_style":"","_kad_post_vertical_padding":"","_kad_post_feature":"","_kad_post_feature_position":"","_kad_post_header":false,"_kad_post_footer":false,"footnotes":""},"categories":[13],"tags":[],"class_list":["post-1641","post","type-post","status-publish","format-standard","has-post-thumbnail","hentry","category-formador"],"yoast_head":"<!-- This site is optimized with the Yoast SEO plugin v25.2 - https:\/\/yoast.com\/wordpress\/plugins\/seo\/ -->\n<title>Formador, \u00bftienes un plan? \u00bfy de negocio? - El Blog de WeKAb<\/title>\n<meta name=\"robots\" content=\"index, follow, max-snippet:-1, max-image-preview:large, max-video-preview:-1\" \/>\n<link rel=\"canonical\" href=\"https:\/\/wekab.com\/blog\/formador-tienes-un-plan-y-de-negocio\/\" \/>\n<meta property=\"og:locale\" content=\"es_ES\" \/>\n<meta property=\"og:type\" content=\"article\" \/>\n<meta property=\"og:title\" content=\"Formador, \u00bftienes un plan? \u00bfy de negocio? - El Blog de WeKAb\" \/>\n<meta property=\"og:description\" content=\"\u00bfC\u00f3mo los formadores pueden dise\u00f1ar un plan de negocios efectivo y adaptativo en el vertiginoso mundo actual? En el cap\u00edtulo 27 de Learning Advisors hablamos con Marta Falc\u00f3n, experta en emprendimiento, innovaci\u00f3n y dise\u00f1o de servicios. Aqu\u00ed exploramos c\u00f3mo los profesionales de la formaci\u00f3n pueden sobresalir adaptando sus m\u00e9todos y manteniendo una marca personal fuerte.\" \/>\n<meta property=\"og:url\" content=\"https:\/\/wekab.com\/blog\/formador-tienes-un-plan-y-de-negocio\/\" \/>\n<meta property=\"og:site_name\" content=\"El Blog de WeKAb\" \/>\n<meta property=\"article:publisher\" content=\"https:\/\/www.facebook.com\/WeKnowAbout\/\" \/>\n<meta property=\"article:author\" content=\"www.facebook.com\/weknowabout\" \/>\n<meta property=\"article:published_time\" content=\"2024-10-18T07:05:56+00:00\" \/>\n<meta property=\"og:image\" content=\"https:\/\/wekab.com\/blog\/wp-content\/uploads\/2024\/10\/LA27_marta-falcon.jpg\" \/>\n\t<meta property=\"og:image:width\" content=\"1920\" \/>\n\t<meta property=\"og:image:height\" content=\"1080\" \/>\n\t<meta property=\"og:image:type\" content=\"image\/jpeg\" \/>\n<meta name=\"author\" content=\"WeKAb\" \/>\n<meta name=\"twitter:card\" content=\"summary_large_image\" \/>\n<meta name=\"twitter:creator\" content=\"@https:\/\/twitter.com\/WeKAb\" \/>\n<meta name=\"twitter:site\" content=\"@wekab\" \/>\n<meta name=\"twitter:label1\" content=\"Escrito por\" \/>\n\t<meta name=\"twitter:data1\" content=\"WeKAb\" \/>\n\t<meta name=\"twitter:label2\" content=\"Tiempo de lectura\" \/>\n\t<meta name=\"twitter:data2\" content=\"4 minutos\" \/>\n<script type=\"application\/ld+json\" class=\"yoast-schema-graph\">{\"@context\":\"https:\/\/schema.org\",\"@graph\":[{\"@type\":\"Article\",\"@id\":\"https:\/\/wekab.com\/blog\/formador-tienes-un-plan-y-de-negocio\/#article\",\"isPartOf\":{\"@id\":\"https:\/\/wekab.com\/blog\/formador-tienes-un-plan-y-de-negocio\/\"},\"author\":{\"name\":\"WeKAb\",\"@id\":\"https:\/\/wekab.com\/blog\/#\/schema\/person\/4549c377f58dfe2e7c89ee9fe7b524e2\"},\"headline\":\"Formador, \u00bftienes un plan? \u00bfy de negocio?\",\"datePublished\":\"2024-10-18T07:05:56+00:00\",\"mainEntityOfPage\":{\"@id\":\"https:\/\/wekab.com\/blog\/formador-tienes-un-plan-y-de-negocio\/\"},\"wordCount\":830,\"commentCount\":0,\"publisher\":{\"@id\":\"https:\/\/wekab.com\/blog\/#organization\"},\"image\":{\"@id\":\"https:\/\/wekab.com\/blog\/formador-tienes-un-plan-y-de-negocio\/#primaryimage\"},\"thumbnailUrl\":\"https:\/\/wekab.com\/blog\/wp-content\/uploads\/2024\/10\/LA27_marta-falcon.jpg\",\"articleSection\":[\"Soy formador \/ docente\"],\"inLanguage\":\"es\",\"potentialAction\":[{\"@type\":\"CommentAction\",\"name\":\"Comment\",\"target\":[\"https:\/\/wekab.com\/blog\/formador-tienes-un-plan-y-de-negocio\/#respond\"]}]},{\"@type\":\"WebPage\",\"@id\":\"https:\/\/wekab.com\/blog\/formador-tienes-un-plan-y-de-negocio\/\",\"url\":\"https:\/\/wekab.com\/blog\/formador-tienes-un-plan-y-de-negocio\/\",\"name\":\"Formador, \u00bftienes un plan? \u00bfy de negocio? - El Blog de WeKAb\",\"isPartOf\":{\"@id\":\"https:\/\/wekab.com\/blog\/#website\"},\"primaryImageOfPage\":{\"@id\":\"https:\/\/wekab.com\/blog\/formador-tienes-un-plan-y-de-negocio\/#primaryimage\"},\"image\":{\"@id\":\"https:\/\/wekab.com\/blog\/formador-tienes-un-plan-y-de-negocio\/#primaryimage\"},\"thumbnailUrl\":\"https:\/\/wekab.com\/blog\/wp-content\/uploads\/2024\/10\/LA27_marta-falcon.jpg\",\"datePublished\":\"2024-10-18T07:05:56+00:00\",\"breadcrumb\":{\"@id\":\"https:\/\/wekab.com\/blog\/formador-tienes-un-plan-y-de-negocio\/#breadcrumb\"},\"inLanguage\":\"es\",\"potentialAction\":[{\"@type\":\"ReadAction\",\"target\":[\"https:\/\/wekab.com\/blog\/formador-tienes-un-plan-y-de-negocio\/\"]}]},{\"@type\":\"ImageObject\",\"inLanguage\":\"es\",\"@id\":\"https:\/\/wekab.com\/blog\/formador-tienes-un-plan-y-de-negocio\/#primaryimage\",\"url\":\"https:\/\/wekab.com\/blog\/wp-content\/uploads\/2024\/10\/LA27_marta-falcon.jpg\",\"contentUrl\":\"https:\/\/wekab.com\/blog\/wp-content\/uploads\/2024\/10\/LA27_marta-falcon.jpg\",\"width\":1920,\"height\":1080},{\"@type\":\"BreadcrumbList\",\"@id\":\"https:\/\/wekab.com\/blog\/formador-tienes-un-plan-y-de-negocio\/#breadcrumb\",\"itemListElement\":[{\"@type\":\"ListItem\",\"position\":1,\"name\":\"Portada\",\"item\":\"https:\/\/wekab.com\/blog\/\"},{\"@type\":\"ListItem\",\"position\":2,\"name\":\"Soy formador \/ docente\",\"item\":\"https:\/\/wekab.com\/blog\/category\/formador\/\"},{\"@type\":\"ListItem\",\"position\":3,\"name\":\"Formador, \u00bftienes un plan? \u00bfy de negocio?\"}]},{\"@type\":\"WebSite\",\"@id\":\"https:\/\/wekab.com\/blog\/#website\",\"url\":\"https:\/\/wekab.com\/blog\/\",\"name\":\"El Blog de WeKAb\",\"description\":\"Trabajo para formadores\",\"publisher\":{\"@id\":\"https:\/\/wekab.com\/blog\/#organization\"},\"potentialAction\":[{\"@type\":\"SearchAction\",\"target\":{\"@type\":\"EntryPoint\",\"urlTemplate\":\"https:\/\/wekab.com\/blog\/?s={search_term_string}\"},\"query-input\":{\"@type\":\"PropertyValueSpecification\",\"valueRequired\":true,\"valueName\":\"search_term_string\"}}],\"inLanguage\":\"es\"},{\"@type\":\"Organization\",\"@id\":\"https:\/\/wekab.com\/blog\/#organization\",\"name\":\"WeKAb\",\"url\":\"https:\/\/wekab.com\/blog\/\",\"logo\":{\"@type\":\"ImageObject\",\"inLanguage\":\"es\",\"@id\":\"https:\/\/wekab.com\/blog\/#\/schema\/logo\/image\/\",\"url\":\"https:\/\/wekab.com\/blog\/wp-content\/uploads\/2015\/04\/logo_0003_ConectConocimiento_white_320__120.png\",\"contentUrl\":\"https:\/\/wekab.com\/blog\/wp-content\/uploads\/2015\/04\/logo_0003_ConectConocimiento_white_320__120.png\",\"width\":320,\"height\":120,\"caption\":\"WeKAb\"},\"image\":{\"@id\":\"https:\/\/wekab.com\/blog\/#\/schema\/logo\/image\/\"},\"sameAs\":[\"https:\/\/www.facebook.com\/WeKnowAbout\/\",\"https:\/\/x.com\/wekab\",\"https:\/\/www.linkedin.com\/company\/wekab\",\"https:\/\/www.youtube.com\/user\/WeKnowAbout\"]},{\"@type\":\"Person\",\"@id\":\"https:\/\/wekab.com\/blog\/#\/schema\/person\/4549c377f58dfe2e7c89ee9fe7b524e2\",\"name\":\"WeKAb\",\"image\":{\"@type\":\"ImageObject\",\"inLanguage\":\"es\",\"@id\":\"https:\/\/wekab.com\/blog\/#\/schema\/person\/image\/\",\"url\":\"https:\/\/secure.gravatar.com\/avatar\/1683069b8479db2ab50e72c0866b4ae05544a7061daba4f941ae697f8925a319?s=96&d=mm&r=g\",\"contentUrl\":\"https:\/\/secure.gravatar.com\/avatar\/1683069b8479db2ab50e72c0866b4ae05544a7061daba4f941ae697f8925a319?s=96&d=mm&r=g\",\"caption\":\"WeKAb\"},\"sameAs\":[\"http:\/\/www.wekab.com\",\"www.facebook.com\/weknowabout\",\"https:\/\/www.linkedin.com\/company\/wekab\",\"https:\/\/x.com\/https:\/\/twitter.com\/WeKAb\",\"https:\/\/www.youtube.com\/user\/WeKnowAbout\"],\"url\":\"https:\/\/wekab.com\/blog\/author\/wekab\/\"}]}<\/script>\n<!-- \/ Yoast SEO plugin. -->","yoast_head_json":{"title":"Formador, \u00bftienes un plan? \u00bfy de negocio? - El Blog de WeKAb","robots":{"index":"index","follow":"follow","max-snippet":"max-snippet:-1","max-image-preview":"max-image-preview:large","max-video-preview":"max-video-preview:-1"},"canonical":"https:\/\/wekab.com\/blog\/formador-tienes-un-plan-y-de-negocio\/","og_locale":"es_ES","og_type":"article","og_title":"Formador, \u00bftienes un plan? \u00bfy de negocio? - El Blog de WeKAb","og_description":"\u00bfC\u00f3mo los formadores pueden dise\u00f1ar un plan de negocios efectivo y adaptativo en el vertiginoso mundo actual? En el cap\u00edtulo 27 de Learning Advisors hablamos con Marta Falc\u00f3n, experta en emprendimiento, innovaci\u00f3n y dise\u00f1o de servicios. Aqu\u00ed exploramos c\u00f3mo los profesionales de la formaci\u00f3n pueden sobresalir adaptando sus m\u00e9todos y manteniendo una marca personal fuerte.","og_url":"https:\/\/wekab.com\/blog\/formador-tienes-un-plan-y-de-negocio\/","og_site_name":"El Blog de WeKAb","article_publisher":"https:\/\/www.facebook.com\/WeKnowAbout\/","article_author":"www.facebook.com\/weknowabout","article_published_time":"2024-10-18T07:05:56+00:00","og_image":[{"width":1920,"height":1080,"url":"https:\/\/wekab.com\/blog\/wp-content\/uploads\/2024\/10\/LA27_marta-falcon.jpg","type":"image\/jpeg"}],"author":"WeKAb","twitter_card":"summary_large_image","twitter_creator":"@https:\/\/twitter.com\/WeKAb","twitter_site":"@wekab","twitter_misc":{"Escrito por":"WeKAb","Tiempo de lectura":"4 minutos"},"schema":{"@context":"https:\/\/schema.org","@graph":[{"@type":"Article","@id":"https:\/\/wekab.com\/blog\/formador-tienes-un-plan-y-de-negocio\/#article","isPartOf":{"@id":"https:\/\/wekab.com\/blog\/formador-tienes-un-plan-y-de-negocio\/"},"author":{"name":"WeKAb","@id":"https:\/\/wekab.com\/blog\/#\/schema\/person\/4549c377f58dfe2e7c89ee9fe7b524e2"},"headline":"Formador, \u00bftienes un plan? \u00bfy de negocio?","datePublished":"2024-10-18T07:05:56+00:00","mainEntityOfPage":{"@id":"https:\/\/wekab.com\/blog\/formador-tienes-un-plan-y-de-negocio\/"},"wordCount":830,"commentCount":0,"publisher":{"@id":"https:\/\/wekab.com\/blog\/#organization"},"image":{"@id":"https:\/\/wekab.com\/blog\/formador-tienes-un-plan-y-de-negocio\/#primaryimage"},"thumbnailUrl":"https:\/\/wekab.com\/blog\/wp-content\/uploads\/2024\/10\/LA27_marta-falcon.jpg","articleSection":["Soy formador \/ docente"],"inLanguage":"es","potentialAction":[{"@type":"CommentAction","name":"Comment","target":["https:\/\/wekab.com\/blog\/formador-tienes-un-plan-y-de-negocio\/#respond"]}]},{"@type":"WebPage","@id":"https:\/\/wekab.com\/blog\/formador-tienes-un-plan-y-de-negocio\/","url":"https:\/\/wekab.com\/blog\/formador-tienes-un-plan-y-de-negocio\/","name":"Formador, \u00bftienes un plan? \u00bfy de negocio? - El Blog de WeKAb","isPartOf":{"@id":"https:\/\/wekab.com\/blog\/#website"},"primaryImageOfPage":{"@id":"https:\/\/wekab.com\/blog\/formador-tienes-un-plan-y-de-negocio\/#primaryimage"},"image":{"@id":"https:\/\/wekab.com\/blog\/formador-tienes-un-plan-y-de-negocio\/#primaryimage"},"thumbnailUrl":"https:\/\/wekab.com\/blog\/wp-content\/uploads\/2024\/10\/LA27_marta-falcon.jpg","datePublished":"2024-10-18T07:05:56+00:00","breadcrumb":{"@id":"https:\/\/wekab.com\/blog\/formador-tienes-un-plan-y-de-negocio\/#breadcrumb"},"inLanguage":"es","potentialAction":[{"@type":"ReadAction","target":["https:\/\/wekab.com\/blog\/formador-tienes-un-plan-y-de-negocio\/"]}]},{"@type":"ImageObject","inLanguage":"es","@id":"https:\/\/wekab.com\/blog\/formador-tienes-un-plan-y-de-negocio\/#primaryimage","url":"https:\/\/wekab.com\/blog\/wp-content\/uploads\/2024\/10\/LA27_marta-falcon.jpg","contentUrl":"https:\/\/wekab.com\/blog\/wp-content\/uploads\/2024\/10\/LA27_marta-falcon.jpg","width":1920,"height":1080},{"@type":"BreadcrumbList","@id":"https:\/\/wekab.com\/blog\/formador-tienes-un-plan-y-de-negocio\/#breadcrumb","itemListElement":[{"@type":"ListItem","position":1,"name":"Portada","item":"https:\/\/wekab.com\/blog\/"},{"@type":"ListItem","position":2,"name":"Soy formador \/ docente","item":"https:\/\/wekab.com\/blog\/category\/formador\/"},{"@type":"ListItem","position":3,"name":"Formador, \u00bftienes un plan? \u00bfy de negocio?"}]},{"@type":"WebSite","@id":"https:\/\/wekab.com\/blog\/#website","url":"https:\/\/wekab.com\/blog\/","name":"El Blog de WeKAb","description":"Trabajo para formadores","publisher":{"@id":"https:\/\/wekab.com\/blog\/#organization"},"potentialAction":[{"@type":"SearchAction","target":{"@type":"EntryPoint","urlTemplate":"https:\/\/wekab.com\/blog\/?s={search_term_string}"},"query-input":{"@type":"PropertyValueSpecification","valueRequired":true,"valueName":"search_term_string"}}],"inLanguage":"es"},{"@type":"Organization","@id":"https:\/\/wekab.com\/blog\/#organization","name":"WeKAb","url":"https:\/\/wekab.com\/blog\/","logo":{"@type":"ImageObject","inLanguage":"es","@id":"https:\/\/wekab.com\/blog\/#\/schema\/logo\/image\/","url":"https:\/\/wekab.com\/blog\/wp-content\/uploads\/2015\/04\/logo_0003_ConectConocimiento_white_320__120.png","contentUrl":"https:\/\/wekab.com\/blog\/wp-content\/uploads\/2015\/04\/logo_0003_ConectConocimiento_white_320__120.png","width":320,"height":120,"caption":"WeKAb"},"image":{"@id":"https:\/\/wekab.com\/blog\/#\/schema\/logo\/image\/"},"sameAs":["https:\/\/www.facebook.com\/WeKnowAbout\/","https:\/\/x.com\/wekab","https:\/\/www.linkedin.com\/company\/wekab","https:\/\/www.youtube.com\/user\/WeKnowAbout"]},{"@type":"Person","@id":"https:\/\/wekab.com\/blog\/#\/schema\/person\/4549c377f58dfe2e7c89ee9fe7b524e2","name":"WeKAb","image":{"@type":"ImageObject","inLanguage":"es","@id":"https:\/\/wekab.com\/blog\/#\/schema\/person\/image\/","url":"https:\/\/secure.gravatar.com\/avatar\/1683069b8479db2ab50e72c0866b4ae05544a7061daba4f941ae697f8925a319?s=96&d=mm&r=g","contentUrl":"https:\/\/secure.gravatar.com\/avatar\/1683069b8479db2ab50e72c0866b4ae05544a7061daba4f941ae697f8925a319?s=96&d=mm&r=g","caption":"WeKAb"},"sameAs":["http:\/\/www.wekab.com","www.facebook.com\/weknowabout","https:\/\/www.linkedin.com\/company\/wekab","https:\/\/x.com\/https:\/\/twitter.com\/WeKAb","https:\/\/www.youtube.com\/user\/WeKnowAbout"],"url":"https:\/\/wekab.com\/blog\/author\/wekab\/"}]}},"_links":{"self":[{"href":"https:\/\/wekab.com\/blog\/wp-json\/wp\/v2\/posts\/1641","targetHints":{"allow":["GET"]}}],"collection":[{"href":"https:\/\/wekab.com\/blog\/wp-json\/wp\/v2\/posts"}],"about":[{"href":"https:\/\/wekab.com\/blog\/wp-json\/wp\/v2\/types\/post"}],"author":[{"embeddable":true,"href":"https:\/\/wekab.com\/blog\/wp-json\/wp\/v2\/users\/2"}],"replies":[{"embeddable":true,"href":"https:\/\/wekab.com\/blog\/wp-json\/wp\/v2\/comments?post=1641"}],"version-history":[{"count":0,"href":"https:\/\/wekab.com\/blog\/wp-json\/wp\/v2\/posts\/1641\/revisions"}],"wp:featuredmedia":[{"embeddable":true,"href":"https:\/\/wekab.com\/blog\/wp-json\/wp\/v2\/media\/1642"}],"wp:attachment":[{"href":"https:\/\/wekab.com\/blog\/wp-json\/wp\/v2\/media?parent=1641"}],"wp:term":[{"taxonomy":"category","embeddable":true,"href":"https:\/\/wekab.com\/blog\/wp-json\/wp\/v2\/categories?post=1641"},{"taxonomy":"post_tag","embeddable":true,"href":"https:\/\/wekab.com\/blog\/wp-json\/wp\/v2\/tags?post=1641"}],"curies":[{"name":"wp","href":"https:\/\/api.w.org\/{rel}","templated":true}]}}