{"id":1747,"date":"2025-02-21T09:33:00","date_gmt":"2025-02-21T08:33:00","guid":{"rendered":"https:\/\/wekab.com\/blog\/?p=1747"},"modified":"2025-02-19T15:52:12","modified_gmt":"2025-02-19T14:52:12","slug":"como-facilitar-que-tu-alumnado-integre-el-conocimiento","status":"publish","type":"post","link":"https:\/\/wekab.com\/blog\/como-facilitar-que-tu-alumnado-integre-el-conocimiento\/","title":{"rendered":"C\u00f3mo facilitar que tu alumnado integre el conocimiento"},"content":{"rendered":"\n<p>La integraci\u00f3n del conocimiento es la capacidad de combinar diferentes tipos de informaci\u00f3n y conocimientos, con el prop\u00f3sito de lograr una comprensi\u00f3n coherente y \u00fatil. Por ello, tu prop\u00f3sito al impartir alguna acci\u00f3n formativa es que tu alumnado logre integrar adecuadamente el conocimiento que le transmites, para que pueda sacarle provecho en su desempe\u00f1o profesional.<\/p>\n\n\n\n<div id=\"ez-toc-container\" class=\"ez-toc-v2_0_74 counter-hierarchy ez-toc-counter ez-toc-custom ez-toc-container-direction\">\n<div class=\"ez-toc-title-container\">\n<p class=\"ez-toc-title\" style=\"cursor:inherit\">Tabla de contenidos<\/p>\n<span class=\"ez-toc-title-toggle\"><a href=\"#\" class=\"ez-toc-pull-right ez-toc-btn ez-toc-btn-xs ez-toc-btn-default ez-toc-toggle\" aria-label=\"Alternar tabla de contenidos\"><span class=\"ez-toc-js-icon-con\"><span class=\"\"><span class=\"eztoc-hide\" style=\"display:none;\">Toggle<\/span><span class=\"ez-toc-icon-toggle-span\"><svg style=\"fill: #999;color:#999\" xmlns=\"http:\/\/www.w3.org\/2000\/svg\" class=\"list-377408\" width=\"20px\" height=\"20px\" viewBox=\"0 0 24 24\" fill=\"none\"><path d=\"M6 6H4v2h2V6zm14 0H8v2h12V6zM4 11h2v2H4v-2zm16 0H8v2h12v-2zM4 16h2v2H4v-2zm16 0H8v2h12v-2z\" fill=\"currentColor\"><\/path><\/svg><svg style=\"fill: #999;color:#999\" class=\"arrow-unsorted-368013\" xmlns=\"http:\/\/www.w3.org\/2000\/svg\" width=\"10px\" height=\"10px\" viewBox=\"0 0 24 24\" version=\"1.2\" baseProfile=\"tiny\"><path d=\"M18.2 9.3l-6.2-6.3-6.2 6.3c-.2.2-.3.4-.3.7s.1.5.3.7c.2.2.4.3.7.3h11c.3 0 .5-.1.7-.3.2-.2.3-.5.3-.7s-.1-.5-.3-.7zM5.8 14.7l6.2 6.3 6.2-6.3c.2-.2.3-.5.3-.7s-.1-.5-.3-.7c-.2-.2-.4-.3-.7-.3h-11c-.3 0-.5.1-.7.3-.2.2-.3.5-.3.7s.1.5.3.7z\"\/><\/svg><\/span><\/span><\/span><\/a><\/span><\/div>\n<nav><ul class='ez-toc-list ez-toc-list-level-1 eztoc-toggle-hide-by-default' ><li class='ez-toc-page-1 ez-toc-heading-level-2'><a class=\"ez-toc-link ez-toc-heading-1\" href=\"https:\/\/wekab.com\/blog\/como-facilitar-que-tu-alumnado-integre-el-conocimiento\/#%C2%BFQue_es_la_integracion_del_conocimiento\" >\u00bfQu\u00e9 es la integraci\u00f3n del conocimiento?<\/a><\/li><li class='ez-toc-page-1 ez-toc-heading-level-2'><a class=\"ez-toc-link ez-toc-heading-2\" href=\"https:\/\/wekab.com\/blog\/como-facilitar-que-tu-alumnado-integre-el-conocimiento\/#Aspectos_clave_de_la_integracion_del_conocimiento\" >Aspectos clave de la integraci\u00f3n del conocimiento<\/a><\/li><li class='ez-toc-page-1 ez-toc-heading-level-2'><a class=\"ez-toc-link ez-toc-heading-3\" href=\"https:\/\/wekab.com\/blog\/como-facilitar-que-tu-alumnado-integre-el-conocimiento\/#%C2%BFComo_puedo_aprovechar_la_integracion_del_conocimiento_con_mi_alumnado\" >\u00bfC\u00f3mo puedo aprovechar la integraci\u00f3n del conocimiento con mi alumnado?<\/a><\/li><\/ul><\/nav><\/div>\n<h2 class=\"wp-block-heading\"><span class=\"ez-toc-section\" id=\"%C2%BFQue_es_la_integracion_del_conocimiento\"><\/span>\u00bfQu\u00e9 es la integraci\u00f3n del conocimiento?<span class=\"ez-toc-section-end\"><\/span><\/h2>\n\n\n\n<p>Seg\u00fan Piaget, el conocimiento se alcanza mediante dos mecanismos de adaptaci\u00f3n: la asimilaci\u00f3n y la acomodaci\u00f3n. <strong>Asimilar<\/strong> un concepto supone integrarlo en un esquema cognitivo que ya se ten\u00eda, mientras que <strong>acomodarlo<\/strong> implica tener que modificar un esquema, como consecuencia de lo novedoso o desconocido de ese concepto.<\/p>\n\n\n\n<p>Ve\u00e1moslo con un ejemplo. Supongamos que un ni\u00f1o o ni\u00f1a ve por primera vez una gacela, y de manera err\u00f3nea cree que es un caballo o un ciervo porque es lo que conoce de antes. De esta manera asimila la figura de la gacela como otro tipo de ciervo o caballo. Sin embargo, cuando se le explica que se trata de una especie distinta, la ni\u00f1a o ni\u00f1o tendr\u00e1 que acomodar su conocimiento previo para crear un nuevo aprendizaje.<\/p>\n\n\n\n<h2 class=\"wp-block-heading\"><span class=\"ez-toc-section\" id=\"Aspectos_clave_de_la_integracion_del_conocimiento\"><\/span>Aspectos clave de la integraci\u00f3n del conocimiento<span class=\"ez-toc-section-end\"><\/span><\/h2>\n\n\n\n<p>A mayores de estos dos mecanismos de adaptaci\u00f3n, hay una serie de aspectos clave sobre c\u00f3mo se integra el conocimiento:<\/p>\n\n\n\n<p><br><strong>Experiencia<\/strong><\/p>\n\n\n\n<p>La puesta en pr\u00e1ctica de un concepto te\u00f3rico facilita que este se integre m\u00e1s f\u00e1cilmente. Permite que los conocimientos se refuercen e integren en la memoria a largo plazo (MLP), ya que aplicarlos en situaciones reales hace que sean m\u00e1s f\u00e1ciles de recordar, logrando adem\u00e1s un aprendizaje significativo, el desarrollo de habilidades y la identificaci\u00f3n de errores.<\/p>\n\n\n\n<p><strong>Marco conceptual s\u00f3lido<\/strong><\/p>\n\n\n\n<p>A partir del cual se pueda organizar la informaci\u00f3n nueva. Esto se debe a que es mucho m\u00e1s f\u00e1cil integrar un conocimiento que est\u00e9 relacionado con lo que ya sabemos, mientras que las ideas o conceptos que no tienen relaci\u00f3n entre s\u00ed (o que, por lo menos, no percibimos una relaci\u00f3n entre ellas), pueden coexistir pero sin llegar a asociarse.<\/p>\n\n\n\n<p><strong>Reflexi\u00f3n<\/strong><\/p>\n\n\n\n<p>Analizar lo que se ha aprendido y c\u00f3mo se relaciona con el conocimiento previo, facilita no solo que los nuevos conceptos se integren, sino tambi\u00e9n profundizar en el conocimiento y que las conexiones entre conceptos sean profundas y significativas.<\/p>\n\n\n\n<p><strong>Colaboraci\u00f3n<\/strong><\/p>\n\n\n\n<p>La interacci\u00f3n y colaboraci\u00f3n con personas con perspectivas y experiencias diferentes puede ayudar tanto a ampliar nuestra visi\u00f3n del mundo como a integrar el conocimiento de una manera m\u00e1s completa.<\/p>\n\n\n\n<p><strong>Proceso continuo<\/strong><\/p>\n\n\n\n<p>El aprendizaje es un proceso que se prolonga a lo largo del tiempo, incorporando nuevo conocimiento y actualiz\u00e1ndolo a medida que se viven nuevas experiencias.<\/p>\n\n\n\n<h2 class=\"wp-block-heading\"><span class=\"ez-toc-section\" id=\"%C2%BFComo_puedo_aprovechar_la_integracion_del_conocimiento_con_mi_alumnado\"><\/span>\u00bfC\u00f3mo puedo aprovechar la integraci\u00f3n del conocimiento con mi alumnado?<span class=\"ez-toc-section-end\"><\/span><\/h2>\n\n\n\n<p>Desde WeKAb te recomendamos fomentar la reflexi\u00f3n durante o despu\u00e9s de realizar una actividad, hacer uso de ejemplos y casos pr\u00e1cticos para que el alumnado sepa c\u00f3mo aplicar los conocimientos en situaciones reales, fomentar la colaboraci\u00f3n entre el alumnado, interconectar el contenido que est\u00e1s impartiendo con el que tu alumnado ya posea, adem\u00e1s de proporcionar una retroalimentaci\u00f3n que permita dirigir su aprendizaje.<\/p>\n\n\n\n<p>A mayores de esto, te recomendamos que, cuando est\u00e9s impartiendo clase, repitas las claves del tema al principio y al final de la sesi\u00f3n, ya que la mente recuerda mejor la informaci\u00f3n que recibe en primera y \u00faltima instancia, obviando con m\u00e1s facilidad aquello que se encuentra entre medias.<\/p>\n\n\n\n<p>Otra manera de afianzar el aprendizaje de tu alumnado, es que realicen repasos cada cierto tiempo. En este sentido, es recomendable que el primer repaso se realice en las primeras 24 horas, ya que as\u00ed se afianza el conocimiento en la memoria a corto plazo (MCP) y se facilita que despu\u00e9s se transfiera a la MLP. Los siguientes repasos se pueden hacer despu\u00e9s de una semana, un mes, tres meses, seis meses y un a\u00f1o.<\/p>\n\n\n\n<p>Hay que tener en cuenta que la cantidad de repasos puede variar en funci\u00f3n de la complejidad del tema y la capacidad individual de cada persona. Por ello, siempre deben estar adaptados a las necesidades de cada individuo.<\/p>\n\n\n\n<p><\/p>\n\n\n\n<p>Integrar el conocimiento de manera efectiva en el alumnado es un proceso que requiere estrategias bien definidas, pr\u00e1ctica constante y un ambiente de aprendizaje que fomente la reflexi\u00f3n y la colaboraci\u00f3n. La aplicaci\u00f3n de conceptos te\u00f3ricos en situaciones reales, el establecimiento de un marco conceptual s\u00f3lido y la promoci\u00f3n de la interacci\u00f3n entre estudiantes son claves para lograr un aprendizaje significativo.<\/p>\n\n\n\n<p>Como formadores, tenemos la responsabilidad de guiar a nuestro alumnado en este proceso, proporcion\u00e1ndoles herramientas y metodolog\u00edas que faciliten la asimilaci\u00f3n y acomodaci\u00f3n del conocimiento. Al implementar estrategias como la repetici\u00f3n de informaci\u00f3n clave, la retroalimentaci\u00f3n efectiva y los repasos programados, aseguramos que el aprendizaje no solo sea adquirido, sino tambi\u00e9n retenido y aplicado a lo largo del tiempo.<\/p>\n\n\n\n<p>Facilitar la integraci\u00f3n del conocimiento no solo impacta en el rendimiento acad\u00e9mico, sino tambi\u00e9n en el desarrollo personal y profesional de cada estudiante. Apostemos por un aprendizaje profundo y duradero, que prepare a nuestro alumnado para enfrentar con \u00e9xito los desaf\u00edos del mundo real.<\/p>\n","protected":false},"excerpt":{"rendered":"<p>Tu prop\u00f3sito al impartir alguna acci\u00f3n formativa es que tu alumnado logre integrar adecuadamente el conocimiento que le transmites, para que pueda sacarle provecho en su desempe\u00f1o profesional. Por ello, te traemos las claves de la integraci\u00f3n de conocimientos.<\/p>\n","protected":false},"author":2,"featured_media":1748,"comment_status":"open","ping_status":"open","sticky":false,"template":"","format":"standard","meta":{"_kad_post_transparent":"","_kad_post_title":"","_kad_post_layout":"","_kad_post_sidebar_id":"","_kad_post_content_style":"","_kad_post_vertical_padding":"","_kad_post_feature":"","_kad_post_feature_position":"","_kad_post_header":false,"_kad_post_footer":false,"footnotes":""},"categories":[13],"tags":[],"class_list":["post-1747","post","type-post","status-publish","format-standard","has-post-thumbnail","hentry","category-formador"],"yoast_head":"<!-- This site is optimized with the Yoast SEO plugin v25.2 - https:\/\/yoast.com\/wordpress\/plugins\/seo\/ -->\n<title>C\u00f3mo facilitar que tu alumnado integre el conocimiento - El Blog de WeKAb<\/title>\n<meta name=\"robots\" content=\"index, follow, max-snippet:-1, max-image-preview:large, max-video-preview:-1\" \/>\n<link rel=\"canonical\" href=\"https:\/\/wekab.com\/blog\/como-facilitar-que-tu-alumnado-integre-el-conocimiento\/\" \/>\n<meta property=\"og:locale\" content=\"es_ES\" \/>\n<meta property=\"og:type\" content=\"article\" \/>\n<meta property=\"og:title\" content=\"C\u00f3mo facilitar que tu alumnado integre el conocimiento - El Blog de WeKAb\" \/>\n<meta property=\"og:description\" content=\"Tu prop\u00f3sito al impartir alguna acci\u00f3n formativa es que tu alumnado logre integrar adecuadamente el conocimiento que le transmites, para que pueda sacarle provecho en su desempe\u00f1o profesional. Por ello, te traemos las claves de la integraci\u00f3n de conocimientos.\" \/>\n<meta property=\"og:url\" content=\"https:\/\/wekab.com\/blog\/como-facilitar-que-tu-alumnado-integre-el-conocimiento\/\" \/>\n<meta property=\"og:site_name\" content=\"El Blog de WeKAb\" \/>\n<meta property=\"article:publisher\" content=\"https:\/\/www.facebook.com\/WeKnowAbout\/\" \/>\n<meta property=\"article:author\" content=\"www.facebook.com\/weknowabout\" \/>\n<meta property=\"article:published_time\" content=\"2025-02-21T08:33:00+00:00\" \/>\n<meta property=\"og:image\" content=\"https:\/\/wekab.com\/blog\/wp-content\/uploads\/2025\/02\/COMO-FACILITAR-QUE-TU-ALUMNADO-INTEGRE-CONOCIMIENTO.jpg\" \/>\n\t<meta property=\"og:image:width\" content=\"1920\" \/>\n\t<meta property=\"og:image:height\" content=\"1080\" \/>\n\t<meta property=\"og:image:type\" content=\"image\/jpeg\" \/>\n<meta name=\"author\" content=\"WeKAb\" \/>\n<meta name=\"twitter:card\" content=\"summary_large_image\" \/>\n<meta name=\"twitter:creator\" content=\"@https:\/\/twitter.com\/WeKAb\" \/>\n<meta name=\"twitter:site\" content=\"@wekab\" \/>\n<meta name=\"twitter:label1\" content=\"Escrito por\" \/>\n\t<meta name=\"twitter:data1\" content=\"WeKAb\" \/>\n\t<meta name=\"twitter:label2\" content=\"Tiempo de lectura\" \/>\n\t<meta name=\"twitter:data2\" content=\"5 minutos\" \/>\n<script type=\"application\/ld+json\" class=\"yoast-schema-graph\">{\"@context\":\"https:\/\/schema.org\",\"@graph\":[{\"@type\":\"Article\",\"@id\":\"https:\/\/wekab.com\/blog\/como-facilitar-que-tu-alumnado-integre-el-conocimiento\/#article\",\"isPartOf\":{\"@id\":\"https:\/\/wekab.com\/blog\/como-facilitar-que-tu-alumnado-integre-el-conocimiento\/\"},\"author\":{\"name\":\"WeKAb\",\"@id\":\"https:\/\/wekab.com\/blog\/#\/schema\/person\/4549c377f58dfe2e7c89ee9fe7b524e2\"},\"headline\":\"C\u00f3mo facilitar que tu alumnado integre el conocimiento\",\"datePublished\":\"2025-02-21T08:33:00+00:00\",\"mainEntityOfPage\":{\"@id\":\"https:\/\/wekab.com\/blog\/como-facilitar-que-tu-alumnado-integre-el-conocimiento\/\"},\"wordCount\":923,\"commentCount\":0,\"publisher\":{\"@id\":\"https:\/\/wekab.com\/blog\/#organization\"},\"image\":{\"@id\":\"https:\/\/wekab.com\/blog\/como-facilitar-que-tu-alumnado-integre-el-conocimiento\/#primaryimage\"},\"thumbnailUrl\":\"https:\/\/wekab.com\/blog\/wp-content\/uploads\/2025\/02\/COMO-FACILITAR-QUE-TU-ALUMNADO-INTEGRE-CONOCIMIENTO.jpg\",\"articleSection\":[\"Soy formador \/ docente\"],\"inLanguage\":\"es\",\"potentialAction\":[{\"@type\":\"CommentAction\",\"name\":\"Comment\",\"target\":[\"https:\/\/wekab.com\/blog\/como-facilitar-que-tu-alumnado-integre-el-conocimiento\/#respond\"]}]},{\"@type\":\"WebPage\",\"@id\":\"https:\/\/wekab.com\/blog\/como-facilitar-que-tu-alumnado-integre-el-conocimiento\/\",\"url\":\"https:\/\/wekab.com\/blog\/como-facilitar-que-tu-alumnado-integre-el-conocimiento\/\",\"name\":\"C\u00f3mo facilitar que tu alumnado integre el conocimiento - El Blog de WeKAb\",\"isPartOf\":{\"@id\":\"https:\/\/wekab.com\/blog\/#website\"},\"primaryImageOfPage\":{\"@id\":\"https:\/\/wekab.com\/blog\/como-facilitar-que-tu-alumnado-integre-el-conocimiento\/#primaryimage\"},\"image\":{\"@id\":\"https:\/\/wekab.com\/blog\/como-facilitar-que-tu-alumnado-integre-el-conocimiento\/#primaryimage\"},\"thumbnailUrl\":\"https:\/\/wekab.com\/blog\/wp-content\/uploads\/2025\/02\/COMO-FACILITAR-QUE-TU-ALUMNADO-INTEGRE-CONOCIMIENTO.jpg\",\"datePublished\":\"2025-02-21T08:33:00+00:00\",\"breadcrumb\":{\"@id\":\"https:\/\/wekab.com\/blog\/como-facilitar-que-tu-alumnado-integre-el-conocimiento\/#breadcrumb\"},\"inLanguage\":\"es\",\"potentialAction\":[{\"@type\":\"ReadAction\",\"target\":[\"https:\/\/wekab.com\/blog\/como-facilitar-que-tu-alumnado-integre-el-conocimiento\/\"]}]},{\"@type\":\"ImageObject\",\"inLanguage\":\"es\",\"@id\":\"https:\/\/wekab.com\/blog\/como-facilitar-que-tu-alumnado-integre-el-conocimiento\/#primaryimage\",\"url\":\"https:\/\/wekab.com\/blog\/wp-content\/uploads\/2025\/02\/COMO-FACILITAR-QUE-TU-ALUMNADO-INTEGRE-CONOCIMIENTO.jpg\",\"contentUrl\":\"https:\/\/wekab.com\/blog\/wp-content\/uploads\/2025\/02\/COMO-FACILITAR-QUE-TU-ALUMNADO-INTEGRE-CONOCIMIENTO.jpg\",\"width\":1920,\"height\":1080},{\"@type\":\"BreadcrumbList\",\"@id\":\"https:\/\/wekab.com\/blog\/como-facilitar-que-tu-alumnado-integre-el-conocimiento\/#breadcrumb\",\"itemListElement\":[{\"@type\":\"ListItem\",\"position\":1,\"name\":\"Portada\",\"item\":\"https:\/\/wekab.com\/blog\/\"},{\"@type\":\"ListItem\",\"position\":2,\"name\":\"Soy formador \/ docente\",\"item\":\"https:\/\/wekab.com\/blog\/category\/formador\/\"},{\"@type\":\"ListItem\",\"position\":3,\"name\":\"C\u00f3mo facilitar que tu alumnado integre el conocimiento\"}]},{\"@type\":\"WebSite\",\"@id\":\"https:\/\/wekab.com\/blog\/#website\",\"url\":\"https:\/\/wekab.com\/blog\/\",\"name\":\"El Blog de WeKAb\",\"description\":\"Trabajo para formadores\",\"publisher\":{\"@id\":\"https:\/\/wekab.com\/blog\/#organization\"},\"potentialAction\":[{\"@type\":\"SearchAction\",\"target\":{\"@type\":\"EntryPoint\",\"urlTemplate\":\"https:\/\/wekab.com\/blog\/?s={search_term_string}\"},\"query-input\":{\"@type\":\"PropertyValueSpecification\",\"valueRequired\":true,\"valueName\":\"search_term_string\"}}],\"inLanguage\":\"es\"},{\"@type\":\"Organization\",\"@id\":\"https:\/\/wekab.com\/blog\/#organization\",\"name\":\"WeKAb\",\"url\":\"https:\/\/wekab.com\/blog\/\",\"logo\":{\"@type\":\"ImageObject\",\"inLanguage\":\"es\",\"@id\":\"https:\/\/wekab.com\/blog\/#\/schema\/logo\/image\/\",\"url\":\"https:\/\/wekab.com\/blog\/wp-content\/uploads\/2015\/04\/logo_0003_ConectConocimiento_white_320__120.png\",\"contentUrl\":\"https:\/\/wekab.com\/blog\/wp-content\/uploads\/2015\/04\/logo_0003_ConectConocimiento_white_320__120.png\",\"width\":320,\"height\":120,\"caption\":\"WeKAb\"},\"image\":{\"@id\":\"https:\/\/wekab.com\/blog\/#\/schema\/logo\/image\/\"},\"sameAs\":[\"https:\/\/www.facebook.com\/WeKnowAbout\/\",\"https:\/\/x.com\/wekab\",\"https:\/\/www.linkedin.com\/company\/wekab\",\"https:\/\/www.youtube.com\/user\/WeKnowAbout\"]},{\"@type\":\"Person\",\"@id\":\"https:\/\/wekab.com\/blog\/#\/schema\/person\/4549c377f58dfe2e7c89ee9fe7b524e2\",\"name\":\"WeKAb\",\"image\":{\"@type\":\"ImageObject\",\"inLanguage\":\"es\",\"@id\":\"https:\/\/wekab.com\/blog\/#\/schema\/person\/image\/\",\"url\":\"https:\/\/secure.gravatar.com\/avatar\/1683069b8479db2ab50e72c0866b4ae05544a7061daba4f941ae697f8925a319?s=96&d=mm&r=g\",\"contentUrl\":\"https:\/\/secure.gravatar.com\/avatar\/1683069b8479db2ab50e72c0866b4ae05544a7061daba4f941ae697f8925a319?s=96&d=mm&r=g\",\"caption\":\"WeKAb\"},\"sameAs\":[\"http:\/\/www.wekab.com\",\"www.facebook.com\/weknowabout\",\"https:\/\/www.linkedin.com\/company\/wekab\",\"https:\/\/x.com\/https:\/\/twitter.com\/WeKAb\",\"https:\/\/www.youtube.com\/user\/WeKnowAbout\"],\"url\":\"https:\/\/wekab.com\/blog\/author\/wekab\/\"}]}<\/script>\n<!-- \/ Yoast SEO plugin. -->","yoast_head_json":{"title":"C\u00f3mo facilitar que tu alumnado integre el conocimiento - El Blog de WeKAb","robots":{"index":"index","follow":"follow","max-snippet":"max-snippet:-1","max-image-preview":"max-image-preview:large","max-video-preview":"max-video-preview:-1"},"canonical":"https:\/\/wekab.com\/blog\/como-facilitar-que-tu-alumnado-integre-el-conocimiento\/","og_locale":"es_ES","og_type":"article","og_title":"C\u00f3mo facilitar que tu alumnado integre el conocimiento - El Blog de WeKAb","og_description":"Tu prop\u00f3sito al impartir alguna acci\u00f3n formativa es que tu alumnado logre integrar adecuadamente el conocimiento que le transmites, para que pueda sacarle provecho en su desempe\u00f1o profesional. Por ello, te traemos las claves de la integraci\u00f3n de conocimientos.","og_url":"https:\/\/wekab.com\/blog\/como-facilitar-que-tu-alumnado-integre-el-conocimiento\/","og_site_name":"El Blog de WeKAb","article_publisher":"https:\/\/www.facebook.com\/WeKnowAbout\/","article_author":"www.facebook.com\/weknowabout","article_published_time":"2025-02-21T08:33:00+00:00","og_image":[{"width":1920,"height":1080,"url":"https:\/\/wekab.com\/blog\/wp-content\/uploads\/2025\/02\/COMO-FACILITAR-QUE-TU-ALUMNADO-INTEGRE-CONOCIMIENTO.jpg","type":"image\/jpeg"}],"author":"WeKAb","twitter_card":"summary_large_image","twitter_creator":"@https:\/\/twitter.com\/WeKAb","twitter_site":"@wekab","twitter_misc":{"Escrito por":"WeKAb","Tiempo de lectura":"5 minutos"},"schema":{"@context":"https:\/\/schema.org","@graph":[{"@type":"Article","@id":"https:\/\/wekab.com\/blog\/como-facilitar-que-tu-alumnado-integre-el-conocimiento\/#article","isPartOf":{"@id":"https:\/\/wekab.com\/blog\/como-facilitar-que-tu-alumnado-integre-el-conocimiento\/"},"author":{"name":"WeKAb","@id":"https:\/\/wekab.com\/blog\/#\/schema\/person\/4549c377f58dfe2e7c89ee9fe7b524e2"},"headline":"C\u00f3mo facilitar que tu alumnado integre el conocimiento","datePublished":"2025-02-21T08:33:00+00:00","mainEntityOfPage":{"@id":"https:\/\/wekab.com\/blog\/como-facilitar-que-tu-alumnado-integre-el-conocimiento\/"},"wordCount":923,"commentCount":0,"publisher":{"@id":"https:\/\/wekab.com\/blog\/#organization"},"image":{"@id":"https:\/\/wekab.com\/blog\/como-facilitar-que-tu-alumnado-integre-el-conocimiento\/#primaryimage"},"thumbnailUrl":"https:\/\/wekab.com\/blog\/wp-content\/uploads\/2025\/02\/COMO-FACILITAR-QUE-TU-ALUMNADO-INTEGRE-CONOCIMIENTO.jpg","articleSection":["Soy formador \/ docente"],"inLanguage":"es","potentialAction":[{"@type":"CommentAction","name":"Comment","target":["https:\/\/wekab.com\/blog\/como-facilitar-que-tu-alumnado-integre-el-conocimiento\/#respond"]}]},{"@type":"WebPage","@id":"https:\/\/wekab.com\/blog\/como-facilitar-que-tu-alumnado-integre-el-conocimiento\/","url":"https:\/\/wekab.com\/blog\/como-facilitar-que-tu-alumnado-integre-el-conocimiento\/","name":"C\u00f3mo facilitar que tu alumnado integre el conocimiento - El Blog de WeKAb","isPartOf":{"@id":"https:\/\/wekab.com\/blog\/#website"},"primaryImageOfPage":{"@id":"https:\/\/wekab.com\/blog\/como-facilitar-que-tu-alumnado-integre-el-conocimiento\/#primaryimage"},"image":{"@id":"https:\/\/wekab.com\/blog\/como-facilitar-que-tu-alumnado-integre-el-conocimiento\/#primaryimage"},"thumbnailUrl":"https:\/\/wekab.com\/blog\/wp-content\/uploads\/2025\/02\/COMO-FACILITAR-QUE-TU-ALUMNADO-INTEGRE-CONOCIMIENTO.jpg","datePublished":"2025-02-21T08:33:00+00:00","breadcrumb":{"@id":"https:\/\/wekab.com\/blog\/como-facilitar-que-tu-alumnado-integre-el-conocimiento\/#breadcrumb"},"inLanguage":"es","potentialAction":[{"@type":"ReadAction","target":["https:\/\/wekab.com\/blog\/como-facilitar-que-tu-alumnado-integre-el-conocimiento\/"]}]},{"@type":"ImageObject","inLanguage":"es","@id":"https:\/\/wekab.com\/blog\/como-facilitar-que-tu-alumnado-integre-el-conocimiento\/#primaryimage","url":"https:\/\/wekab.com\/blog\/wp-content\/uploads\/2025\/02\/COMO-FACILITAR-QUE-TU-ALUMNADO-INTEGRE-CONOCIMIENTO.jpg","contentUrl":"https:\/\/wekab.com\/blog\/wp-content\/uploads\/2025\/02\/COMO-FACILITAR-QUE-TU-ALUMNADO-INTEGRE-CONOCIMIENTO.jpg","width":1920,"height":1080},{"@type":"BreadcrumbList","@id":"https:\/\/wekab.com\/blog\/como-facilitar-que-tu-alumnado-integre-el-conocimiento\/#breadcrumb","itemListElement":[{"@type":"ListItem","position":1,"name":"Portada","item":"https:\/\/wekab.com\/blog\/"},{"@type":"ListItem","position":2,"name":"Soy formador \/ docente","item":"https:\/\/wekab.com\/blog\/category\/formador\/"},{"@type":"ListItem","position":3,"name":"C\u00f3mo facilitar que tu alumnado integre el conocimiento"}]},{"@type":"WebSite","@id":"https:\/\/wekab.com\/blog\/#website","url":"https:\/\/wekab.com\/blog\/","name":"El Blog de WeKAb","description":"Trabajo para formadores","publisher":{"@id":"https:\/\/wekab.com\/blog\/#organization"},"potentialAction":[{"@type":"SearchAction","target":{"@type":"EntryPoint","urlTemplate":"https:\/\/wekab.com\/blog\/?s={search_term_string}"},"query-input":{"@type":"PropertyValueSpecification","valueRequired":true,"valueName":"search_term_string"}}],"inLanguage":"es"},{"@type":"Organization","@id":"https:\/\/wekab.com\/blog\/#organization","name":"WeKAb","url":"https:\/\/wekab.com\/blog\/","logo":{"@type":"ImageObject","inLanguage":"es","@id":"https:\/\/wekab.com\/blog\/#\/schema\/logo\/image\/","url":"https:\/\/wekab.com\/blog\/wp-content\/uploads\/2015\/04\/logo_0003_ConectConocimiento_white_320__120.png","contentUrl":"https:\/\/wekab.com\/blog\/wp-content\/uploads\/2015\/04\/logo_0003_ConectConocimiento_white_320__120.png","width":320,"height":120,"caption":"WeKAb"},"image":{"@id":"https:\/\/wekab.com\/blog\/#\/schema\/logo\/image\/"},"sameAs":["https:\/\/www.facebook.com\/WeKnowAbout\/","https:\/\/x.com\/wekab","https:\/\/www.linkedin.com\/company\/wekab","https:\/\/www.youtube.com\/user\/WeKnowAbout"]},{"@type":"Person","@id":"https:\/\/wekab.com\/blog\/#\/schema\/person\/4549c377f58dfe2e7c89ee9fe7b524e2","name":"WeKAb","image":{"@type":"ImageObject","inLanguage":"es","@id":"https:\/\/wekab.com\/blog\/#\/schema\/person\/image\/","url":"https:\/\/secure.gravatar.com\/avatar\/1683069b8479db2ab50e72c0866b4ae05544a7061daba4f941ae697f8925a319?s=96&d=mm&r=g","contentUrl":"https:\/\/secure.gravatar.com\/avatar\/1683069b8479db2ab50e72c0866b4ae05544a7061daba4f941ae697f8925a319?s=96&d=mm&r=g","caption":"WeKAb"},"sameAs":["http:\/\/www.wekab.com","www.facebook.com\/weknowabout","https:\/\/www.linkedin.com\/company\/wekab","https:\/\/x.com\/https:\/\/twitter.com\/WeKAb","https:\/\/www.youtube.com\/user\/WeKnowAbout"],"url":"https:\/\/wekab.com\/blog\/author\/wekab\/"}]}},"_links":{"self":[{"href":"https:\/\/wekab.com\/blog\/wp-json\/wp\/v2\/posts\/1747","targetHints":{"allow":["GET"]}}],"collection":[{"href":"https:\/\/wekab.com\/blog\/wp-json\/wp\/v2\/posts"}],"about":[{"href":"https:\/\/wekab.com\/blog\/wp-json\/wp\/v2\/types\/post"}],"author":[{"embeddable":true,"href":"https:\/\/wekab.com\/blog\/wp-json\/wp\/v2\/users\/2"}],"replies":[{"embeddable":true,"href":"https:\/\/wekab.com\/blog\/wp-json\/wp\/v2\/comments?post=1747"}],"version-history":[{"count":0,"href":"https:\/\/wekab.com\/blog\/wp-json\/wp\/v2\/posts\/1747\/revisions"}],"wp:featuredmedia":[{"embeddable":true,"href":"https:\/\/wekab.com\/blog\/wp-json\/wp\/v2\/media\/1748"}],"wp:attachment":[{"href":"https:\/\/wekab.com\/blog\/wp-json\/wp\/v2\/media?parent=1747"}],"wp:term":[{"taxonomy":"category","embeddable":true,"href":"https:\/\/wekab.com\/blog\/wp-json\/wp\/v2\/categories?post=1747"},{"taxonomy":"post_tag","embeddable":true,"href":"https:\/\/wekab.com\/blog\/wp-json\/wp\/v2\/tags?post=1747"}],"curies":[{"name":"wp","href":"https:\/\/api.w.org\/{rel}","templated":true}]}}