{"id":1780,"date":"2025-04-11T07:47:00","date_gmt":"2025-04-11T06:47:00","guid":{"rendered":"https:\/\/wekab.com\/blog\/?p=1780"},"modified":"2025-04-08T14:53:04","modified_gmt":"2025-04-08T13:53:04","slug":"consejos-de-gestion-del-tiempo-para-docentes","status":"publish","type":"post","link":"https:\/\/wekab.com\/blog\/consejos-de-gestion-del-tiempo-para-docentes\/","title":{"rendered":"Consejos de gesti\u00f3n del tiempo para docentes"},"content":{"rendered":"\n<p>Ser docente implica mucho m\u00e1s que impartir clases. Preparar contenidos, corregir tareas, atender a cada estudiante, asistir a reuniones y seguir form\u00e1ndose son solo algunas de las muchas tareas que llenan nuestras agendas. Por eso, una buena gesti\u00f3n del tiempo no es un lujo, sino una necesidad para mantener la calidad de la ense\u00f1anza y, al mismo tiempo, cuidar el bienestar personal.<\/p>\n\n\n\n<p>En este art\u00edculo queremos ayudarte a mejorar tu planificaci\u00f3n diaria y a optimizar tu tiempo con estrategias realistas, aplicables y adaptadas al d\u00eda a d\u00eda de la labor docente.<\/p>\n\n\n\n<div id=\"ez-toc-container\" class=\"ez-toc-v2_0_74 counter-hierarchy ez-toc-counter ez-toc-custom ez-toc-container-direction\">\n<div class=\"ez-toc-title-container\">\n<p class=\"ez-toc-title\" style=\"cursor:inherit\">Tabla de contenidos<\/p>\n<span class=\"ez-toc-title-toggle\"><a href=\"#\" class=\"ez-toc-pull-right ez-toc-btn ez-toc-btn-xs ez-toc-btn-default ez-toc-toggle\" aria-label=\"Alternar tabla de contenidos\"><span class=\"ez-toc-js-icon-con\"><span class=\"\"><span class=\"eztoc-hide\" style=\"display:none;\">Toggle<\/span><span class=\"ez-toc-icon-toggle-span\"><svg style=\"fill: #999;color:#999\" xmlns=\"http:\/\/www.w3.org\/2000\/svg\" class=\"list-377408\" width=\"20px\" height=\"20px\" viewBox=\"0 0 24 24\" fill=\"none\"><path d=\"M6 6H4v2h2V6zm14 0H8v2h12V6zM4 11h2v2H4v-2zm16 0H8v2h12v-2zM4 16h2v2H4v-2zm16 0H8v2h12v-2z\" fill=\"currentColor\"><\/path><\/svg><svg style=\"fill: #999;color:#999\" class=\"arrow-unsorted-368013\" xmlns=\"http:\/\/www.w3.org\/2000\/svg\" width=\"10px\" height=\"10px\" viewBox=\"0 0 24 24\" version=\"1.2\" baseProfile=\"tiny\"><path d=\"M18.2 9.3l-6.2-6.3-6.2 6.3c-.2.2-.3.4-.3.7s.1.5.3.7c.2.2.4.3.7.3h11c.3 0 .5-.1.7-.3.2-.2.3-.5.3-.7s-.1-.5-.3-.7zM5.8 14.7l6.2 6.3 6.2-6.3c.2-.2.3-.5.3-.7s-.1-.5-.3-.7c-.2-.2-.4-.3-.7-.3h-11c-.3 0-.5.1-.7.3-.2.2-.3.5-.3.7s.1.5.3.7z\"\/><\/svg><\/span><\/span><\/span><\/a><\/span><\/div>\n<nav><ul class='ez-toc-list ez-toc-list-level-1 eztoc-toggle-hide-by-default' ><li class='ez-toc-page-1 ez-toc-heading-level-2'><a class=\"ez-toc-link ez-toc-heading-1\" href=\"https:\/\/wekab.com\/blog\/consejos-de-gestion-del-tiempo-para-docentes\/#La_importancia_de_gestionar_bien_el_tiempo\" >La importancia de gestionar bien el tiempo<\/a><\/li><li class='ez-toc-page-1 ez-toc-heading-level-2'><a class=\"ez-toc-link ez-toc-heading-2\" href=\"https:\/\/wekab.com\/blog\/consejos-de-gestion-del-tiempo-para-docentes\/#Evalua_en_que_se_te_va_el_tiempo\" >Eval\u00faa en qu\u00e9 se te va el tiempo<\/a><\/li><li class='ez-toc-page-1 ez-toc-heading-level-2'><a class=\"ez-toc-link ez-toc-heading-3\" href=\"https:\/\/wekab.com\/blog\/consejos-de-gestion-del-tiempo-para-docentes\/#Establece_prioridades\" >Establece prioridades<\/a><\/li><li class='ez-toc-page-1 ez-toc-heading-level-2'><a class=\"ez-toc-link ez-toc-heading-4\" href=\"https:\/\/wekab.com\/blog\/consejos-de-gestion-del-tiempo-para-docentes\/#Panifica_tu_semana\" >Panifica tu semana<\/a><\/li><li class='ez-toc-page-1 ez-toc-heading-level-2'><a class=\"ez-toc-link ez-toc-heading-5\" href=\"https:\/\/wekab.com\/blog\/consejos-de-gestion-del-tiempo-para-docentes\/#Usa_herramientas_digitales_o_analogicas\" >Usa herramientas digitales o anal\u00f3gicas<\/a><\/li><li class='ez-toc-page-1 ez-toc-heading-level-2'><a class=\"ez-toc-link ez-toc-heading-6\" href=\"https:\/\/wekab.com\/blog\/consejos-de-gestion-del-tiempo-para-docentes\/#Agrupa_tareas_similares\" >Agrupa tareas similares<\/a><\/li><li class='ez-toc-page-1 ez-toc-heading-level-2'><a class=\"ez-toc-link ez-toc-heading-7\" href=\"https:\/\/wekab.com\/blog\/consejos-de-gestion-del-tiempo-para-docentes\/#Deja_espacios_de_descanso_y_flexibilidad\" >Deja espacios de descanso y flexibilidad<\/a><\/li><li class='ez-toc-page-1 ez-toc-heading-level-2'><a class=\"ez-toc-link ez-toc-heading-8\" href=\"https:\/\/wekab.com\/blog\/consejos-de-gestion-del-tiempo-para-docentes\/#Aprende_a_decir_que_no\" >Aprende a decir que no<\/a><\/li><\/ul><\/nav><\/div>\n<h2 class=\"wp-block-heading\"><span class=\"ez-toc-section\" id=\"La_importancia_de_gestionar_bien_el_tiempo\"><\/span>La importancia de gestionar bien el tiempo<span class=\"ez-toc-section-end\"><\/span><\/h2>\n\n\n\n<p>Una gesti\u00f3n del tiempo efectiva permite:<\/p>\n\n\n\n<ul class=\"wp-block-list\">\n<li>Reducir el estr\u00e9s y la sensaci\u00f3n de estar siempre \u201capagando fuegos\u201d.<\/li>\n\n\n\n<li>Aumentar la productividad y la concentraci\u00f3n.<\/li>\n\n\n\n<li>Dedicar tiempo de calidad a la docencia y tambi\u00e9n al descanso.<\/li>\n\n\n\n<li>Establecer prioridades de forma consciente y no desde la urgencia.<\/li>\n\n\n\n<li>Mejorar la calidad de vida, evitando el desgaste emocional y f\u00edsico.<\/li>\n<\/ul>\n\n\n\n<p>Y lo m\u00e1s importante:<strong> <\/strong>ense\u00f1amos con el ejemplo. Si t\u00fa como formador\/a muestras una buena organizaci\u00f3n y equilibrio, tambi\u00e9n est\u00e1s educando en habilidades esenciales para el desarrollo personal y profesional de tu alumnado.<\/p>\n\n\n\n<h2 class=\"wp-block-heading\"><span class=\"ez-toc-section\" id=\"Evalua_en_que_se_te_va_el_tiempo\"><\/span>Eval\u00faa en qu\u00e9 se te va el tiempo<span class=\"ez-toc-section-end\"><\/span><\/h2>\n\n\n\n<p>El primer paso para mejorar tu planificaci\u00f3n es saber exactamente en qu\u00e9 est\u00e1s invirtiendo tu tiempo. Durante una semana, anota (aunque sea a grandes rasgos) c\u00f3mo distribuyes tus horas:<\/p>\n\n\n\n<ul class=\"wp-block-list\">\n<li>\u00bfCu\u00e1nto tiempo dedicas a preparar clases?<\/li>\n\n\n\n<li>\u00bfCu\u00e1nto a correcciones, reuniones o gestiones administrativas?<\/li>\n\n\n\n<li>\u00bfEn qu\u00e9 momentos pierdes tiempo (revisar el correo constantemente, interrupciones, multitarea&#8230;)?<\/li>\n<\/ul>\n\n\n\n<p>Este ejercicio te dar\u00e1 una radiograf\u00eda de tus h\u00e1bitos y te ayudar\u00e1 a detectar oportunidades de mejora.<\/p>\n\n\n\n<h2 class=\"wp-block-heading\"><span class=\"ez-toc-section\" id=\"Establece_prioridades\"><\/span>Establece prioridades<span class=\"ez-toc-section-end\"><\/span><\/h2>\n\n\n\n<p>No todas las tareas son igual de importantes ni urgentes. Una t\u00e9cnica \u00fatil es la matriz de Eisenhower, que te ayuda a clasificar tus actividades en cuatro cuadrantes:<\/p>\n\n\n\n<ol class=\"wp-block-list\">\n<li>Urgente e importante \u2192 Hacer de inmediato.<\/li>\n\n\n\n<li>Importante pero no urgente \u2192 Planificar.<\/li>\n\n\n\n<li>Urgente pero no importante \u2192 Delegar si es posible.<\/li>\n\n\n\n<li>Ni urgente ni importante \u2192 Eliminar o reducir.<\/li>\n<\/ol>\n\n\n\n<p>Como docente, priorizar no solo te permitir\u00e1 ser m\u00e1s eficiente, sino tambi\u00e9n evitar el agotamiento por intentar abarcarlo todo.<\/p>\n\n\n\n<h2 class=\"wp-block-heading\"><span class=\"ez-toc-section\" id=\"Panifica_tu_semana\"><\/span>Panifica tu semana<span class=\"ez-toc-section-end\"><\/span><\/h2>\n\n\n\n<p>Muchas veces nos enfocamos en sobrevivir el d\u00eda, pero olvidamos mirar con perspectiva. Dedica un momento cada semana (por ejemplo, el viernes por la tarde o el domingo por la tarde) para planificar:<\/p>\n\n\n\n<ul class=\"wp-block-list\">\n<li>Objetivos semanales.<\/li>\n\n\n\n<li>Fechas clave (entregas, reuniones, clases especiales\u2026).<\/li>\n\n\n\n<li>Tiempo estimado para cada tarea relevante.<\/li>\n<\/ul>\n\n\n\n<p>Al planificar semanalmente, puedes distribuir mejor la carga, anticiparte a los picos de trabajo y reducir la improvisaci\u00f3n constante.<\/p>\n\n\n\n<h2 class=\"wp-block-heading\"><span class=\"ez-toc-section\" id=\"Usa_herramientas_digitales_o_analogicas\"><\/span>Usa herramientas digitales o anal\u00f3gicas<span class=\"ez-toc-section-end\"><\/span><\/h2>\n\n\n\n<p>Existen m\u00faltiples recursos que pueden ayudarte a organizarte mejor. Algunas opciones:<\/p>\n\n\n\n<ul class=\"wp-block-list\">\n<li>Google Calendar o Outlook: Para programar tus clases, reuniones y bloques de trabajo.<\/li>\n\n\n\n<li>Trello o Notion: Para organizar tareas por proyectos (por ejemplo, por curso o asignatura).<\/li>\n\n\n\n<li>Aplicaciones de gesti\u00f3n del tiempo: Como Toggl o Clockify, que te permiten medir cu\u00e1nto tardas en realizar ciertas tareas.<\/li>\n\n\n\n<li>Agenda f\u00edsica o bullet journal: Si prefieres lo anal\u00f3gico, tambi\u00e9n es una excelente opci\u00f3n para visualizar tu tiempo y marcar prioridades.<\/li>\n<\/ul>\n\n\n\n<p>La clave est\u00e1 en elegir la herramienta que mejor se adapte a ti y, sobre todo, \u00a1usarla de forma consistente!<\/p>\n\n\n\n<h2 class=\"wp-block-heading\"><span class=\"ez-toc-section\" id=\"Agrupa_tareas_similares\"><\/span>Agrupa tareas similares<span class=\"ez-toc-section-end\"><\/span><\/h2>\n\n\n\n<p>La multitarea da la sensaci\u00f3n de productividad, pero en realidad reduce la eficiencia y la concentraci\u00f3n. En lugar de saltar entre tareas, prueba a agruparlas por bloques:<\/p>\n\n\n\n<ul class=\"wp-block-list\">\n<li>Un bloque para preparar materiales.<\/li>\n\n\n\n<li>Otro para corregir trabajos.<\/li>\n\n\n\n<li>Otro para responder correos o realizar gestiones administrativas.<\/li>\n<\/ul>\n\n\n\n<p>Este enfoque, conocido como \u00abtime blocking\u00bb, ayuda a mantener el enfoque y reducir la fatiga mental.<\/p>\n\n\n\n<h2 class=\"wp-block-heading\"><span class=\"ez-toc-section\" id=\"Deja_espacios_de_descanso_y_flexibilidad\"><\/span>Deja espacios de descanso y flexibilidad<span class=\"ez-toc-section-end\"><\/span><\/h2>\n\n\n\n<p>Una buena planificaci\u00f3n no significa tener cada minuto ocupado. Al contrario: debes reservar espacios para descansar, moverte o simplemente desconectar.<\/p>\n\n\n\n<p>Adem\u00e1s, deja peque\u00f1os m\u00e1rgenes de tiempo entre tareas o bloques para imprevistos. As\u00ed, si algo se retrasa o surge una reuni\u00f3n urgente, no afectar\u00e1 a toda tu jornada.<\/p>\n\n\n\n<h2 class=\"wp-block-heading\"><span class=\"ez-toc-section\" id=\"Aprende_a_decir_que_no\"><\/span>Aprende a decir que no<span class=\"ez-toc-section-end\"><\/span><\/h2>\n\n\n\n<p>Como docentes, muchas veces sentimos la presi\u00f3n de aceptar nuevas responsabilidades o asumir m\u00e1s carga de la que podemos gestionar. Aprender a decir \u00abno\u00bb, cuando es necesario, tambi\u00e9n forma parte de una buena gesti\u00f3n del tiempo.<\/p>\n\n\n\n<p>No se trata de negarse a colaborar, sino de valorar nuestras capacidades y tiempos reales para no comprometer ni nuestra calidad profesional ni nuestro bienestar personal.<\/p>\n\n\n\n<p><\/p>\n\n\n\n<p>Optimizar tu tiempo no significa convertir tu agenda en un campo de batalla lleno de tareas. Significa recuperar el control sobre tus horas, tus prioridades y tu energ\u00eda. Significa poder ense\u00f1ar con m\u00e1s claridad, dedicar tiempo a lo que realmente importa y, por qu\u00e9 no, tambi\u00e9n tener espacio para ti fuera del aula.<\/p>\n\n\n\n<p>Recuerda que la gesti\u00f3n del tiempo no es algo que se logra de un d\u00eda para otro. Es un proceso de ensayo y error, de autoconocimiento y de adaptaci\u00f3n constante. Pero con peque\u00f1os cambios y constancia, notar\u00e1s una gran diferencia.<\/p>\n\n\n\n<p>Empieza esta semana: elige una sola estrategia, ponla en pr\u00e1ctica y eval\u00faa c\u00f3mo te funciona. Y sobre todo, recuerda que tu tiempo tambi\u00e9n es valioso. No solo como docente, sino como persona.<\/p>\n","protected":false},"excerpt":{"rendered":"<p>En este art\u00edculo queremos ayudarte a mejorar tu planificaci\u00f3n diaria y a optimizar tu tiempo con estrategias realistas, aplicables y adaptadas al d\u00eda a d\u00eda de la labor docente.<\/p>\n","protected":false},"author":2,"featured_media":1781,"comment_status":"open","ping_status":"open","sticky":false,"template":"","format":"standard","meta":{"_kad_post_transparent":"","_kad_post_title":"","_kad_post_layout":"","_kad_post_sidebar_id":"","_kad_post_content_style":"","_kad_post_vertical_padding":"","_kad_post_feature":"","_kad_post_feature_position":"","_kad_post_header":false,"_kad_post_footer":false,"footnotes":""},"categories":[13],"tags":[],"class_list":["post-1780","post","type-post","status-publish","format-standard","has-post-thumbnail","hentry","category-formador"],"yoast_head":"<!-- This site is optimized with the Yoast SEO plugin v25.2 - https:\/\/yoast.com\/wordpress\/plugins\/seo\/ -->\n<title>Consejos de gesti\u00f3n del tiempo para docentes - El Blog de WeKAb<\/title>\n<meta name=\"robots\" content=\"index, follow, max-snippet:-1, max-image-preview:large, max-video-preview:-1\" \/>\n<link rel=\"canonical\" href=\"https:\/\/wekab.com\/blog\/consejos-de-gestion-del-tiempo-para-docentes\/\" \/>\n<meta property=\"og:locale\" content=\"es_ES\" \/>\n<meta property=\"og:type\" content=\"article\" \/>\n<meta property=\"og:title\" content=\"Consejos de gesti\u00f3n del tiempo para docentes - El Blog de WeKAb\" \/>\n<meta property=\"og:description\" content=\"En este art\u00edculo queremos ayudarte a mejorar tu planificaci\u00f3n diaria y a optimizar tu tiempo con estrategias realistas, aplicables y adaptadas al d\u00eda a d\u00eda de la labor docente.\" \/>\n<meta property=\"og:url\" content=\"https:\/\/wekab.com\/blog\/consejos-de-gestion-del-tiempo-para-docentes\/\" \/>\n<meta property=\"og:site_name\" content=\"El Blog de WeKAb\" \/>\n<meta property=\"article:publisher\" content=\"https:\/\/www.facebook.com\/WeKnowAbout\/\" \/>\n<meta property=\"article:author\" content=\"www.facebook.com\/weknowabout\" \/>\n<meta property=\"article:published_time\" content=\"2025-04-11T06:47:00+00:00\" \/>\n<meta property=\"og:image\" content=\"https:\/\/wekab.com\/blog\/wp-content\/uploads\/2025\/04\/gstion-del-tiempo.jpg\" \/>\n\t<meta property=\"og:image:width\" content=\"1920\" \/>\n\t<meta property=\"og:image:height\" content=\"1080\" \/>\n\t<meta property=\"og:image:type\" content=\"image\/jpeg\" \/>\n<meta name=\"author\" content=\"WeKAb\" \/>\n<meta name=\"twitter:card\" content=\"summary_large_image\" \/>\n<meta name=\"twitter:creator\" content=\"@https:\/\/twitter.com\/WeKAb\" \/>\n<meta name=\"twitter:site\" content=\"@wekab\" \/>\n<meta name=\"twitter:label1\" content=\"Escrito por\" \/>\n\t<meta name=\"twitter:data1\" content=\"WeKAb\" \/>\n\t<meta name=\"twitter:label2\" content=\"Tiempo de lectura\" \/>\n\t<meta name=\"twitter:data2\" content=\"4 minutos\" \/>\n<script type=\"application\/ld+json\" class=\"yoast-schema-graph\">{\"@context\":\"https:\/\/schema.org\",\"@graph\":[{\"@type\":\"Article\",\"@id\":\"https:\/\/wekab.com\/blog\/consejos-de-gestion-del-tiempo-para-docentes\/#article\",\"isPartOf\":{\"@id\":\"https:\/\/wekab.com\/blog\/consejos-de-gestion-del-tiempo-para-docentes\/\"},\"author\":{\"name\":\"WeKAb\",\"@id\":\"https:\/\/wekab.com\/blog\/#\/schema\/person\/4549c377f58dfe2e7c89ee9fe7b524e2\"},\"headline\":\"Consejos de gesti\u00f3n del tiempo para docentes\",\"datePublished\":\"2025-04-11T06:47:00+00:00\",\"mainEntityOfPage\":{\"@id\":\"https:\/\/wekab.com\/blog\/consejos-de-gestion-del-tiempo-para-docentes\/\"},\"wordCount\":893,\"commentCount\":0,\"publisher\":{\"@id\":\"https:\/\/wekab.com\/blog\/#organization\"},\"image\":{\"@id\":\"https:\/\/wekab.com\/blog\/consejos-de-gestion-del-tiempo-para-docentes\/#primaryimage\"},\"thumbnailUrl\":\"https:\/\/wekab.com\/blog\/wp-content\/uploads\/2025\/04\/gstion-del-tiempo.jpg\",\"articleSection\":[\"Soy formador \/ docente\"],\"inLanguage\":\"es\",\"potentialAction\":[{\"@type\":\"CommentAction\",\"name\":\"Comment\",\"target\":[\"https:\/\/wekab.com\/blog\/consejos-de-gestion-del-tiempo-para-docentes\/#respond\"]}]},{\"@type\":\"WebPage\",\"@id\":\"https:\/\/wekab.com\/blog\/consejos-de-gestion-del-tiempo-para-docentes\/\",\"url\":\"https:\/\/wekab.com\/blog\/consejos-de-gestion-del-tiempo-para-docentes\/\",\"name\":\"Consejos de gesti\u00f3n del tiempo para docentes - El Blog de WeKAb\",\"isPartOf\":{\"@id\":\"https:\/\/wekab.com\/blog\/#website\"},\"primaryImageOfPage\":{\"@id\":\"https:\/\/wekab.com\/blog\/consejos-de-gestion-del-tiempo-para-docentes\/#primaryimage\"},\"image\":{\"@id\":\"https:\/\/wekab.com\/blog\/consejos-de-gestion-del-tiempo-para-docentes\/#primaryimage\"},\"thumbnailUrl\":\"https:\/\/wekab.com\/blog\/wp-content\/uploads\/2025\/04\/gstion-del-tiempo.jpg\",\"datePublished\":\"2025-04-11T06:47:00+00:00\",\"breadcrumb\":{\"@id\":\"https:\/\/wekab.com\/blog\/consejos-de-gestion-del-tiempo-para-docentes\/#breadcrumb\"},\"inLanguage\":\"es\",\"potentialAction\":[{\"@type\":\"ReadAction\",\"target\":[\"https:\/\/wekab.com\/blog\/consejos-de-gestion-del-tiempo-para-docentes\/\"]}]},{\"@type\":\"ImageObject\",\"inLanguage\":\"es\",\"@id\":\"https:\/\/wekab.com\/blog\/consejos-de-gestion-del-tiempo-para-docentes\/#primaryimage\",\"url\":\"https:\/\/wekab.com\/blog\/wp-content\/uploads\/2025\/04\/gstion-del-tiempo.jpg\",\"contentUrl\":\"https:\/\/wekab.com\/blog\/wp-content\/uploads\/2025\/04\/gstion-del-tiempo.jpg\",\"width\":1920,\"height\":1080},{\"@type\":\"BreadcrumbList\",\"@id\":\"https:\/\/wekab.com\/blog\/consejos-de-gestion-del-tiempo-para-docentes\/#breadcrumb\",\"itemListElement\":[{\"@type\":\"ListItem\",\"position\":1,\"name\":\"Portada\",\"item\":\"https:\/\/wekab.com\/blog\/\"},{\"@type\":\"ListItem\",\"position\":2,\"name\":\"Soy formador \/ docente\",\"item\":\"https:\/\/wekab.com\/blog\/category\/formador\/\"},{\"@type\":\"ListItem\",\"position\":3,\"name\":\"Consejos de gesti\u00f3n del tiempo para docentes\"}]},{\"@type\":\"WebSite\",\"@id\":\"https:\/\/wekab.com\/blog\/#website\",\"url\":\"https:\/\/wekab.com\/blog\/\",\"name\":\"El Blog de WeKAb\",\"description\":\"Trabajo para formadores\",\"publisher\":{\"@id\":\"https:\/\/wekab.com\/blog\/#organization\"},\"potentialAction\":[{\"@type\":\"SearchAction\",\"target\":{\"@type\":\"EntryPoint\",\"urlTemplate\":\"https:\/\/wekab.com\/blog\/?s={search_term_string}\"},\"query-input\":{\"@type\":\"PropertyValueSpecification\",\"valueRequired\":true,\"valueName\":\"search_term_string\"}}],\"inLanguage\":\"es\"},{\"@type\":\"Organization\",\"@id\":\"https:\/\/wekab.com\/blog\/#organization\",\"name\":\"WeKAb\",\"url\":\"https:\/\/wekab.com\/blog\/\",\"logo\":{\"@type\":\"ImageObject\",\"inLanguage\":\"es\",\"@id\":\"https:\/\/wekab.com\/blog\/#\/schema\/logo\/image\/\",\"url\":\"https:\/\/wekab.com\/blog\/wp-content\/uploads\/2015\/04\/logo_0003_ConectConocimiento_white_320__120.png\",\"contentUrl\":\"https:\/\/wekab.com\/blog\/wp-content\/uploads\/2015\/04\/logo_0003_ConectConocimiento_white_320__120.png\",\"width\":320,\"height\":120,\"caption\":\"WeKAb\"},\"image\":{\"@id\":\"https:\/\/wekab.com\/blog\/#\/schema\/logo\/image\/\"},\"sameAs\":[\"https:\/\/www.facebook.com\/WeKnowAbout\/\",\"https:\/\/x.com\/wekab\",\"https:\/\/www.linkedin.com\/company\/wekab\",\"https:\/\/www.youtube.com\/user\/WeKnowAbout\"]},{\"@type\":\"Person\",\"@id\":\"https:\/\/wekab.com\/blog\/#\/schema\/person\/4549c377f58dfe2e7c89ee9fe7b524e2\",\"name\":\"WeKAb\",\"image\":{\"@type\":\"ImageObject\",\"inLanguage\":\"es\",\"@id\":\"https:\/\/wekab.com\/blog\/#\/schema\/person\/image\/\",\"url\":\"https:\/\/secure.gravatar.com\/avatar\/1683069b8479db2ab50e72c0866b4ae05544a7061daba4f941ae697f8925a319?s=96&d=mm&r=g\",\"contentUrl\":\"https:\/\/secure.gravatar.com\/avatar\/1683069b8479db2ab50e72c0866b4ae05544a7061daba4f941ae697f8925a319?s=96&d=mm&r=g\",\"caption\":\"WeKAb\"},\"sameAs\":[\"http:\/\/www.wekab.com\",\"www.facebook.com\/weknowabout\",\"https:\/\/www.linkedin.com\/company\/wekab\",\"https:\/\/x.com\/https:\/\/twitter.com\/WeKAb\",\"https:\/\/www.youtube.com\/user\/WeKnowAbout\"],\"url\":\"https:\/\/wekab.com\/blog\/author\/wekab\/\"}]}<\/script>\n<!-- \/ Yoast SEO plugin. -->","yoast_head_json":{"title":"Consejos de gesti\u00f3n del tiempo para docentes - El Blog de WeKAb","robots":{"index":"index","follow":"follow","max-snippet":"max-snippet:-1","max-image-preview":"max-image-preview:large","max-video-preview":"max-video-preview:-1"},"canonical":"https:\/\/wekab.com\/blog\/consejos-de-gestion-del-tiempo-para-docentes\/","og_locale":"es_ES","og_type":"article","og_title":"Consejos de gesti\u00f3n del tiempo para docentes - El Blog de WeKAb","og_description":"En este art\u00edculo queremos ayudarte a mejorar tu planificaci\u00f3n diaria y a optimizar tu tiempo con estrategias realistas, aplicables y adaptadas al d\u00eda a d\u00eda de la labor docente.","og_url":"https:\/\/wekab.com\/blog\/consejos-de-gestion-del-tiempo-para-docentes\/","og_site_name":"El Blog de WeKAb","article_publisher":"https:\/\/www.facebook.com\/WeKnowAbout\/","article_author":"www.facebook.com\/weknowabout","article_published_time":"2025-04-11T06:47:00+00:00","og_image":[{"width":1920,"height":1080,"url":"https:\/\/wekab.com\/blog\/wp-content\/uploads\/2025\/04\/gstion-del-tiempo.jpg","type":"image\/jpeg"}],"author":"WeKAb","twitter_card":"summary_large_image","twitter_creator":"@https:\/\/twitter.com\/WeKAb","twitter_site":"@wekab","twitter_misc":{"Escrito por":"WeKAb","Tiempo de lectura":"4 minutos"},"schema":{"@context":"https:\/\/schema.org","@graph":[{"@type":"Article","@id":"https:\/\/wekab.com\/blog\/consejos-de-gestion-del-tiempo-para-docentes\/#article","isPartOf":{"@id":"https:\/\/wekab.com\/blog\/consejos-de-gestion-del-tiempo-para-docentes\/"},"author":{"name":"WeKAb","@id":"https:\/\/wekab.com\/blog\/#\/schema\/person\/4549c377f58dfe2e7c89ee9fe7b524e2"},"headline":"Consejos de gesti\u00f3n del tiempo para docentes","datePublished":"2025-04-11T06:47:00+00:00","mainEntityOfPage":{"@id":"https:\/\/wekab.com\/blog\/consejos-de-gestion-del-tiempo-para-docentes\/"},"wordCount":893,"commentCount":0,"publisher":{"@id":"https:\/\/wekab.com\/blog\/#organization"},"image":{"@id":"https:\/\/wekab.com\/blog\/consejos-de-gestion-del-tiempo-para-docentes\/#primaryimage"},"thumbnailUrl":"https:\/\/wekab.com\/blog\/wp-content\/uploads\/2025\/04\/gstion-del-tiempo.jpg","articleSection":["Soy formador \/ docente"],"inLanguage":"es","potentialAction":[{"@type":"CommentAction","name":"Comment","target":["https:\/\/wekab.com\/blog\/consejos-de-gestion-del-tiempo-para-docentes\/#respond"]}]},{"@type":"WebPage","@id":"https:\/\/wekab.com\/blog\/consejos-de-gestion-del-tiempo-para-docentes\/","url":"https:\/\/wekab.com\/blog\/consejos-de-gestion-del-tiempo-para-docentes\/","name":"Consejos de gesti\u00f3n del tiempo para docentes - El Blog de WeKAb","isPartOf":{"@id":"https:\/\/wekab.com\/blog\/#website"},"primaryImageOfPage":{"@id":"https:\/\/wekab.com\/blog\/consejos-de-gestion-del-tiempo-para-docentes\/#primaryimage"},"image":{"@id":"https:\/\/wekab.com\/blog\/consejos-de-gestion-del-tiempo-para-docentes\/#primaryimage"},"thumbnailUrl":"https:\/\/wekab.com\/blog\/wp-content\/uploads\/2025\/04\/gstion-del-tiempo.jpg","datePublished":"2025-04-11T06:47:00+00:00","breadcrumb":{"@id":"https:\/\/wekab.com\/blog\/consejos-de-gestion-del-tiempo-para-docentes\/#breadcrumb"},"inLanguage":"es","potentialAction":[{"@type":"ReadAction","target":["https:\/\/wekab.com\/blog\/consejos-de-gestion-del-tiempo-para-docentes\/"]}]},{"@type":"ImageObject","inLanguage":"es","@id":"https:\/\/wekab.com\/blog\/consejos-de-gestion-del-tiempo-para-docentes\/#primaryimage","url":"https:\/\/wekab.com\/blog\/wp-content\/uploads\/2025\/04\/gstion-del-tiempo.jpg","contentUrl":"https:\/\/wekab.com\/blog\/wp-content\/uploads\/2025\/04\/gstion-del-tiempo.jpg","width":1920,"height":1080},{"@type":"BreadcrumbList","@id":"https:\/\/wekab.com\/blog\/consejos-de-gestion-del-tiempo-para-docentes\/#breadcrumb","itemListElement":[{"@type":"ListItem","position":1,"name":"Portada","item":"https:\/\/wekab.com\/blog\/"},{"@type":"ListItem","position":2,"name":"Soy formador \/ docente","item":"https:\/\/wekab.com\/blog\/category\/formador\/"},{"@type":"ListItem","position":3,"name":"Consejos de gesti\u00f3n del tiempo para docentes"}]},{"@type":"WebSite","@id":"https:\/\/wekab.com\/blog\/#website","url":"https:\/\/wekab.com\/blog\/","name":"El Blog de WeKAb","description":"Trabajo para formadores","publisher":{"@id":"https:\/\/wekab.com\/blog\/#organization"},"potentialAction":[{"@type":"SearchAction","target":{"@type":"EntryPoint","urlTemplate":"https:\/\/wekab.com\/blog\/?s={search_term_string}"},"query-input":{"@type":"PropertyValueSpecification","valueRequired":true,"valueName":"search_term_string"}}],"inLanguage":"es"},{"@type":"Organization","@id":"https:\/\/wekab.com\/blog\/#organization","name":"WeKAb","url":"https:\/\/wekab.com\/blog\/","logo":{"@type":"ImageObject","inLanguage":"es","@id":"https:\/\/wekab.com\/blog\/#\/schema\/logo\/image\/","url":"https:\/\/wekab.com\/blog\/wp-content\/uploads\/2015\/04\/logo_0003_ConectConocimiento_white_320__120.png","contentUrl":"https:\/\/wekab.com\/blog\/wp-content\/uploads\/2015\/04\/logo_0003_ConectConocimiento_white_320__120.png","width":320,"height":120,"caption":"WeKAb"},"image":{"@id":"https:\/\/wekab.com\/blog\/#\/schema\/logo\/image\/"},"sameAs":["https:\/\/www.facebook.com\/WeKnowAbout\/","https:\/\/x.com\/wekab","https:\/\/www.linkedin.com\/company\/wekab","https:\/\/www.youtube.com\/user\/WeKnowAbout"]},{"@type":"Person","@id":"https:\/\/wekab.com\/blog\/#\/schema\/person\/4549c377f58dfe2e7c89ee9fe7b524e2","name":"WeKAb","image":{"@type":"ImageObject","inLanguage":"es","@id":"https:\/\/wekab.com\/blog\/#\/schema\/person\/image\/","url":"https:\/\/secure.gravatar.com\/avatar\/1683069b8479db2ab50e72c0866b4ae05544a7061daba4f941ae697f8925a319?s=96&d=mm&r=g","contentUrl":"https:\/\/secure.gravatar.com\/avatar\/1683069b8479db2ab50e72c0866b4ae05544a7061daba4f941ae697f8925a319?s=96&d=mm&r=g","caption":"WeKAb"},"sameAs":["http:\/\/www.wekab.com","www.facebook.com\/weknowabout","https:\/\/www.linkedin.com\/company\/wekab","https:\/\/x.com\/https:\/\/twitter.com\/WeKAb","https:\/\/www.youtube.com\/user\/WeKnowAbout"],"url":"https:\/\/wekab.com\/blog\/author\/wekab\/"}]}},"_links":{"self":[{"href":"https:\/\/wekab.com\/blog\/wp-json\/wp\/v2\/posts\/1780","targetHints":{"allow":["GET"]}}],"collection":[{"href":"https:\/\/wekab.com\/blog\/wp-json\/wp\/v2\/posts"}],"about":[{"href":"https:\/\/wekab.com\/blog\/wp-json\/wp\/v2\/types\/post"}],"author":[{"embeddable":true,"href":"https:\/\/wekab.com\/blog\/wp-json\/wp\/v2\/users\/2"}],"replies":[{"embeddable":true,"href":"https:\/\/wekab.com\/blog\/wp-json\/wp\/v2\/comments?post=1780"}],"version-history":[{"count":0,"href":"https:\/\/wekab.com\/blog\/wp-json\/wp\/v2\/posts\/1780\/revisions"}],"wp:featuredmedia":[{"embeddable":true,"href":"https:\/\/wekab.com\/blog\/wp-json\/wp\/v2\/media\/1781"}],"wp:attachment":[{"href":"https:\/\/wekab.com\/blog\/wp-json\/wp\/v2\/media?parent=1780"}],"wp:term":[{"taxonomy":"category","embeddable":true,"href":"https:\/\/wekab.com\/blog\/wp-json\/wp\/v2\/categories?post=1780"},{"taxonomy":"post_tag","embeddable":true,"href":"https:\/\/wekab.com\/blog\/wp-json\/wp\/v2\/tags?post=1780"}],"curies":[{"name":"wp","href":"https:\/\/api.w.org\/{rel}","templated":true}]}}