{"id":179,"date":"2015-09-03T10:20:19","date_gmt":"2015-09-03T09:20:19","guid":{"rendered":"http:\/\/wekab.com\/blog\/?p=179"},"modified":"2023-10-26T13:33:55","modified_gmt":"2023-10-26T12:33:55","slug":"formas-parte-de-un-departamento-de-formacion-o-de-compras-y-sigues-creyendo-que-no-estas-vendiendo","status":"publish","type":"post","link":"https:\/\/wekab.com\/blog\/formas-parte-de-un-departamento-de-formacion-o-de-compras-y-sigues-creyendo-que-no-estas-vendiendo\/","title":{"rendered":"Formas parte de un departamento de Formaci\u00f3n o de Compras. \u00bfY sigues creyendo que no est\u00e1s vendiendo?"},"content":{"rendered":"<p><strong>Hace tiempo que tengo ganas de escribir sobre un tema<\/strong> que, para algunas personas, es <strong>tab\u00fa<\/strong>.\u00a0<strong>Para otras<\/strong>, quiz\u00e1s por desconocimiento, prefieren no decir nada y aceptar lo que hist\u00f3ricamente se ha \u00abescrito\u00bb.<\/p>\n<p><strong>Hace un tiempo escrib\u00ed<\/strong> en mi blog personal sobre la <a href=\"http:\/\/www.felipegarciarey.com\/2015\/04\/como-gestionas-el-silencio-de-tu-cliente\/\" target=\"_blank\" rel=\"noopener\"><strong>gesti\u00f3n del silencio<\/strong><\/a>, sobre un contacto o propuesta comercial y, a partir de entonces, he podido conversar con varias personas. \u00ab<strong>Pensaba que era yo el \u00fanico que ten\u00eda este problema<\/strong>\u00ab, me dijo m\u00e1s de una persona. Pues hoy quiero reflexionar para aquellas <strong>personas que suelen estar al otro lado de la mesa<\/strong>, del hilo telef\u00f3nico o del email: <strong>responsables de compras, de formaci\u00f3n, etc.<\/strong><\/p>\n<p><strong>Hist\u00f3ricamente<\/strong> recib\u00edas un email o una llamada telef\u00f3nica, ve\u00edas si te interesaba y, en el caso de que no fuese as\u00ed, lo normal era no hacer nada (\u00e9sta era la t\u00f3nica general, aunque seguro que habr\u00eda, por suerte, m\u00e1s de una excepci\u00f3n).<\/p>\n<p>El tema es que, como comentaba en mi post sobre la\u00a0<strong>gesti\u00f3n del silencio<\/strong>, <strong>este silencio se asociaba a un \u00abno me interesa\u00bb<\/strong>.<\/p>\n<blockquote><p><span style=\"color: #009fe3;\"><strong>Eso era antes. HOY las cosas han cambiado<\/strong><\/span><\/p><\/blockquote>\n<p>Y lo digo porque, <strong>por experiencia<\/strong>, he estado en ambos lados de la mesa, del tel\u00e9fono y\/o del email.<\/p>\n<p><strong>Cuando se trata de localizar<\/strong> a una persona por tel\u00e9fono y te toman nota para llamarte lo antes posible, se env\u00eda una informaci\u00f3n que previamente se ha confirmado que es interesante que se env\u00ede, y\/o se realice un seguimiento de una reuni\u00f3n presencial <strong>sin obtener respuesta alguna<\/strong>. Poco a poco este profesional de este lado de la mesa se est\u00e1 configurando una valoraci\u00f3n de ti que, te aseguro, <strong>no te deja en buen lugar<\/strong>.<\/p>\n<p><strong>Y ya no te digo nada<\/strong> si son varias las llamadas donde recibes el mismo mensaje amable de \u00able tomo nota para que le llame esta misma tarde\u00bb, y luego no sabes nada de esa persona en semanas, hasta que vuelves a llamar y te responden con el mismo speech.<\/p>\n<p><strong>Ya no te cuento<\/strong> si env\u00edas email tras email preguntando si sigue activo el inter\u00e9s mostrado en su momento.<\/p>\n<p><strong>La imagen que est\u00e1s dando<\/strong>, como profesional y como empresa, es de todo menos buena.\u00a0Y <strong>soy consciente de que estas palabras te pueden incomodar<\/strong>. <strong>Mi intenci\u00f3n no es incomodarte<\/strong> o\u00a0insultarte, ni de lejos. <strong>Mi \u00fanico\u00a0af\u00e1n<\/strong> <strong>es compartir contigo<\/strong> la imagen y sensaci\u00f3n que est\u00e1s dando (vendiendo) a un posible colaborador.\u00a0<strong>Justamente a esa persona<\/strong> que, quiz\u00e1s, podr\u00eda ser un socio-estrat\u00e9gico en ese proyecto en el que no te vendr\u00eda mal y una ayuda profesional y especializada.<\/p>\n<p>Te aseguro que, con el paso del tiempo, y si ese profesional no ha decidido aceptar el silencio como un \u00abno\u00bb, <strong>queda un sabor amargo del trato<\/strong>, o ausencia del mismo, <strong>que se le ha dedicado<\/strong>.<\/p>\n<p><strong>Pongamos la historia al rev\u00e9s<\/strong>: est\u00e1s interesad@ en un\/a profesional de quien te han hablado muy bien. Justo es la persona que entiendes que te puede aportar valor en un determinado proyecto.\u00a0Le llamas, le mandas emails, le vuelves a llamar, y nada.\u00a0No obstante, como est\u00e1s segur@ de que es la persona ideal, lo vuelves a intentar, y nada.<\/p>\n<p><strong>\u00bfQu\u00e9 acabar\u00e1 ocurriendo?<\/strong><\/p>\n<blockquote><p><span style=\"color: #009fe3;\"><strong>Pues que posiblemente, y al margen de las recomendaciones que te hayan dado, esa persona te ha \u00abvendido\u00bb una imagen poco profesional<\/strong><\/span><\/p><\/blockquote>\n<p>Y, <strong>\u00bfqu\u00e9 pasar\u00e1 si meses, o a\u00f1os, despu\u00e9s ese mismo profesional se pone en contacto contigo para ofrecer sus servicios?\u00a0<\/strong>Algo habr\u00e1 dentro de ti que <strong>jugar\u00e1 en su contra<\/strong>, \u00bfverdad?<\/p>\n<p><strong>\u00a1\u00a1Esto mismo puede estar ocurriendo contigo!!<\/strong><\/p>\n<p>Y cr\u00e9eme que <strong>se lo que puedes estar pensando<\/strong> de \u00abme llegan miles de emails\u00bb, \u00abno tengo tiempo\u00bb, \u00abson miles de cosas que tengo por hacer\u00bb y un largu\u00edsimo etc\u00e9tera. Te entiendo perfectamente. <strong>Eso mismo dec\u00eda yo a\u00f1os atr\u00e1s.<\/strong><\/p>\n<p>Hoy entiendo que, haga lo que haga, <strong>mi imagen como profesional es lo primero que se muestra, que se ofrece, que se vende.<\/strong><\/p>\n<p><strong>Te confieso un secreto<\/strong>. Tengo muy mala memoria.<\/p>\n<p><strong>Est\u00e1s de suerte,<\/strong> te confieso otro. Me lo anoto todo.<\/p>\n<p>Esto hace que haya empresas, y responsables de las mismas, que se ponen en contacto conmigo meses, o a\u00f1os, despu\u00e9s de haberles contactado para ofrecerles un servicio concreto y localizado en una \u00e1rea de su negocio.\u00a0<strong>Cuando\u00a0introduzco el nombre de la empresa<\/strong> en mi herramienta de seguimiento de acci\u00f3n comercial, autom\u00e1ticamente me sale el hist\u00f3rico de contactos.<\/p>\n<p><strong>No te puedes ni imaginar la cara<\/strong> que se le queda a alguna persona cuando le digo:\u00a0\u00ab<strong>Ah, s\u00ed. Ahora me acuerdo. Te he enviado 4 emails y dejado 7 recados a tu secretaria que, muy amablemente, me dec\u00eda que me llamar\u00edas por tarde. De esto hace casi un a\u00f1o y medio<\/strong>\u00ab.<\/p>\n<p>Todo el glamour, mega-imagen de gran empresa y renombre reconocido internacionalmente, por unos instantes, se queda reducido a <strong>falta de profesionalidad, seriedad, organizaci\u00f3n y gesti\u00f3n de tiempo, etc. <\/strong><\/p>\n<p>Y te aseguro que <strong>a mi no me apetece en absoluto colaborar con una persona y\/o entidad<\/strong> que muestre alguno de los s\u00edntomas anteriores.<\/p>\n<blockquote><p><span style=\"color: #009fe3;\"><strong>Lo parad\u00f3jico de todo esto es que S\u00c9 que no eres as\u00ed, pero es la imagen que se muestra<\/strong><\/span><\/p><\/blockquote>\n<p>Por todo ello, <strong>quiero compartir contigo esta reflexi\u00f3n\u00a0<\/strong>que desconozco si alguien te la hab\u00eda presentado alguna vez.\u00a0Al fin y al cabo <strong>somos personas que hablamos con personas<\/strong>. Cada una con sus ajetreados d\u00edas, humeantes agendas e \u00abincendios\u00bb que apagar ahora mismo.\u00a0Y, entre todo esto,<strong>\u00a0resulta que tenemos que atender a profesionales externos<\/strong>. \u00a1Vaya l\u00edo!<\/p>\n<p>En resumen, <strong>s\u00f3lo un consejo<\/strong>:<\/p>\n<blockquote><p><span style=\"color: #009fe3;\"><strong>Antes de comprar, est\u00e1s vendiendo<\/strong><\/span><\/p><\/blockquote>\n<p><strong>Un abrazo,<\/strong><\/p>\n<p><strong><span style=\"color: #008000;\"><a href=\"http:\/\/www.felipegarciarey.com\" target=\"_blank\" rel=\"noopener\">Felipe Garc\u00eda<\/a><\/span><\/strong><\/p>\n","protected":false},"excerpt":{"rendered":"<p>Hace tiempo que tengo ganas de escribir sobre un tema que, para algunas personas, es tab\u00fa.\u00a0Para otras, quiz\u00e1s por desconocimiento, prefieren no decir nada y aceptar lo que hist\u00f3ricamente se ha \u00abescrito\u00bb. Hace un tiempo escrib\u00ed en mi blog personal sobre la gesti\u00f3n del silencio, sobre un contacto o propuesta comercial y, a partir de&#8230;<\/p>\n","protected":false},"author":7,"featured_media":1309,"comment_status":"open","ping_status":"open","sticky":false,"template":"","format":"standard","meta":{"_kad_post_transparent":"","_kad_post_title":"","_kad_post_layout":"","_kad_post_sidebar_id":"","_kad_post_content_style":"","_kad_post_vertical_padding":"","_kad_post_feature":"","_kad_post_feature_position":"","_kad_post_header":false,"_kad_post_footer":false,"footnotes":""},"categories":[167],"tags":[62,31,61,64,63,60],"class_list":["post-179","post","type-post","status-publish","format-standard","has-post-thumbnail","hentry","category-protagonistas","tag-comercial","tag-formacion","tag-opinion","tag-profesional","tag-profesionalidad","tag-vender"],"yoast_head":"<!-- This site is optimized with the Yoast SEO plugin v25.2 - https:\/\/yoast.com\/wordpress\/plugins\/seo\/ -->\n<title>Formas parte de un departamento de Formaci\u00f3n o de Compras. \u00bfY sigues creyendo que no est\u00e1s vendiendo? - El Blog de WeKAb<\/title>\n<meta name=\"description\" content=\"Sea cual sea el \u00e1rea de tu empresa en la que desarrollas tu trabajo, ten en cuenta que &quot;siempre est\u00e1s vendiendo&quot;, a ti y a tu entidad, \u00bfsabes por qu\u00e9?...\" \/>\n<meta name=\"robots\" content=\"index, follow, max-snippet:-1, max-image-preview:large, max-video-preview:-1\" \/>\n<link rel=\"canonical\" href=\"https:\/\/wekab.com\/blog\/formas-parte-de-un-departamento-de-formacion-o-de-compras-y-sigues-creyendo-que-no-estas-vendiendo\/\" \/>\n<meta property=\"og:locale\" content=\"es_ES\" \/>\n<meta property=\"og:type\" content=\"article\" \/>\n<meta property=\"og:title\" content=\"Formas parte de un departamento de Formaci\u00f3n o de Compras. \u00bfY sigues creyendo que no est\u00e1s vendiendo? - El Blog de WeKAb\" \/>\n<meta property=\"og:description\" content=\"Sea cual sea el \u00e1rea de tu empresa en la que desarrollas tu trabajo, ten en cuenta que &quot;siempre est\u00e1s vendiendo&quot;, a ti y a tu entidad, \u00bfsabes por qu\u00e9?...\" \/>\n<meta property=\"og:url\" content=\"https:\/\/wekab.com\/blog\/formas-parte-de-un-departamento-de-formacion-o-de-compras-y-sigues-creyendo-que-no-estas-vendiendo\/\" \/>\n<meta property=\"og:site_name\" content=\"El Blog de WeKAb\" \/>\n<meta property=\"article:publisher\" content=\"https:\/\/www.facebook.com\/WeKnowAbout\/\" \/>\n<meta property=\"article:author\" content=\"felipegarciarey\" \/>\n<meta property=\"article:published_time\" content=\"2015-09-03T09:20:19+00:00\" \/>\n<meta property=\"article:modified_time\" content=\"2023-10-26T12:33:55+00:00\" \/>\n<meta property=\"og:image\" content=\"https:\/\/wekab.com\/blog\/wp-content\/uploads\/2023\/10\/Departamento-de-ventas.jpg\" \/>\n\t<meta property=\"og:image:width\" content=\"1941\" \/>\n\t<meta property=\"og:image:height\" content=\"1080\" \/>\n\t<meta property=\"og:image:type\" content=\"image\/jpeg\" \/>\n<meta name=\"author\" content=\"Felipe Garc\u00eda Rey\" \/>\n<meta name=\"twitter:card\" content=\"summary_large_image\" \/>\n<meta name=\"twitter:creator\" content=\"@felipegarciarey\" \/>\n<meta name=\"twitter:site\" content=\"@wekab\" \/>\n<meta name=\"twitter:label1\" content=\"Escrito por\" \/>\n\t<meta name=\"twitter:data1\" content=\"Felipe Garc\u00eda Rey\" \/>\n\t<meta name=\"twitter:label2\" content=\"Tiempo de lectura\" \/>\n\t<meta name=\"twitter:data2\" content=\"4 minutos\" \/>\n<script type=\"application\/ld+json\" class=\"yoast-schema-graph\">{\"@context\":\"https:\/\/schema.org\",\"@graph\":[{\"@type\":\"Article\",\"@id\":\"https:\/\/wekab.com\/blog\/formas-parte-de-un-departamento-de-formacion-o-de-compras-y-sigues-creyendo-que-no-estas-vendiendo\/#article\",\"isPartOf\":{\"@id\":\"https:\/\/wekab.com\/blog\/formas-parte-de-un-departamento-de-formacion-o-de-compras-y-sigues-creyendo-que-no-estas-vendiendo\/\"},\"author\":{\"name\":\"Felipe Garc\u00eda Rey\",\"@id\":\"https:\/\/wekab.com\/blog\/#\/schema\/person\/6cebe2451366fecdb5639088f2603081\"},\"headline\":\"Formas parte de un departamento de Formaci\u00f3n o de Compras. \u00bfY sigues creyendo que no est\u00e1s vendiendo?\",\"datePublished\":\"2015-09-03T09:20:19+00:00\",\"dateModified\":\"2023-10-26T12:33:55+00:00\",\"mainEntityOfPage\":{\"@id\":\"https:\/\/wekab.com\/blog\/formas-parte-de-un-departamento-de-formacion-o-de-compras-y-sigues-creyendo-que-no-estas-vendiendo\/\"},\"wordCount\":997,\"commentCount\":0,\"publisher\":{\"@id\":\"https:\/\/wekab.com\/blog\/#organization\"},\"image\":{\"@id\":\"https:\/\/wekab.com\/blog\/formas-parte-de-un-departamento-de-formacion-o-de-compras-y-sigues-creyendo-que-no-estas-vendiendo\/#primaryimage\"},\"thumbnailUrl\":\"https:\/\/wekab.com\/blog\/wp-content\/uploads\/2023\/10\/Departamento-de-ventas.jpg\",\"keywords\":[\"comercial\",\"formaci\u00f3n\",\"opini\u00f3n\",\"profesional\",\"profesionalidad\",\"vender\"],\"articleSection\":[\"Protagonistas\"],\"inLanguage\":\"es\",\"potentialAction\":[{\"@type\":\"CommentAction\",\"name\":\"Comment\",\"target\":[\"https:\/\/wekab.com\/blog\/formas-parte-de-un-departamento-de-formacion-o-de-compras-y-sigues-creyendo-que-no-estas-vendiendo\/#respond\"]}]},{\"@type\":\"WebPage\",\"@id\":\"https:\/\/wekab.com\/blog\/formas-parte-de-un-departamento-de-formacion-o-de-compras-y-sigues-creyendo-que-no-estas-vendiendo\/\",\"url\":\"https:\/\/wekab.com\/blog\/formas-parte-de-un-departamento-de-formacion-o-de-compras-y-sigues-creyendo-que-no-estas-vendiendo\/\",\"name\":\"Formas parte de un departamento de Formaci\u00f3n o de Compras. \u00bfY sigues creyendo que no est\u00e1s vendiendo? - El Blog de WeKAb\",\"isPartOf\":{\"@id\":\"https:\/\/wekab.com\/blog\/#website\"},\"primaryImageOfPage\":{\"@id\":\"https:\/\/wekab.com\/blog\/formas-parte-de-un-departamento-de-formacion-o-de-compras-y-sigues-creyendo-que-no-estas-vendiendo\/#primaryimage\"},\"image\":{\"@id\":\"https:\/\/wekab.com\/blog\/formas-parte-de-un-departamento-de-formacion-o-de-compras-y-sigues-creyendo-que-no-estas-vendiendo\/#primaryimage\"},\"thumbnailUrl\":\"https:\/\/wekab.com\/blog\/wp-content\/uploads\/2023\/10\/Departamento-de-ventas.jpg\",\"datePublished\":\"2015-09-03T09:20:19+00:00\",\"dateModified\":\"2023-10-26T12:33:55+00:00\",\"description\":\"Sea cual sea el \u00e1rea de tu empresa en la que desarrollas tu trabajo, ten en cuenta que \\\"siempre est\u00e1s vendiendo\\\", a ti y a tu entidad, \u00bfsabes por qu\u00e9?...\",\"breadcrumb\":{\"@id\":\"https:\/\/wekab.com\/blog\/formas-parte-de-un-departamento-de-formacion-o-de-compras-y-sigues-creyendo-que-no-estas-vendiendo\/#breadcrumb\"},\"inLanguage\":\"es\",\"potentialAction\":[{\"@type\":\"ReadAction\",\"target\":[\"https:\/\/wekab.com\/blog\/formas-parte-de-un-departamento-de-formacion-o-de-compras-y-sigues-creyendo-que-no-estas-vendiendo\/\"]}]},{\"@type\":\"ImageObject\",\"inLanguage\":\"es\",\"@id\":\"https:\/\/wekab.com\/blog\/formas-parte-de-un-departamento-de-formacion-o-de-compras-y-sigues-creyendo-que-no-estas-vendiendo\/#primaryimage\",\"url\":\"https:\/\/wekab.com\/blog\/wp-content\/uploads\/2023\/10\/Departamento-de-ventas.jpg\",\"contentUrl\":\"https:\/\/wekab.com\/blog\/wp-content\/uploads\/2023\/10\/Departamento-de-ventas.jpg\",\"width\":1941,\"height\":1080},{\"@type\":\"BreadcrumbList\",\"@id\":\"https:\/\/wekab.com\/blog\/formas-parte-de-un-departamento-de-formacion-o-de-compras-y-sigues-creyendo-que-no-estas-vendiendo\/#breadcrumb\",\"itemListElement\":[{\"@type\":\"ListItem\",\"position\":1,\"name\":\"Portada\",\"item\":\"https:\/\/wekab.com\/blog\/\"},{\"@type\":\"ListItem\",\"position\":2,\"name\":\"Protagonistas\",\"item\":\"https:\/\/wekab.com\/blog\/category\/protagonistas\/\"},{\"@type\":\"ListItem\",\"position\":3,\"name\":\"Formas parte de un departamento de Formaci\u00f3n o de Compras. \u00bfY sigues creyendo que no est\u00e1s vendiendo?\"}]},{\"@type\":\"WebSite\",\"@id\":\"https:\/\/wekab.com\/blog\/#website\",\"url\":\"https:\/\/wekab.com\/blog\/\",\"name\":\"El Blog de WeKAb\",\"description\":\"Trabajo para formadores\",\"publisher\":{\"@id\":\"https:\/\/wekab.com\/blog\/#organization\"},\"potentialAction\":[{\"@type\":\"SearchAction\",\"target\":{\"@type\":\"EntryPoint\",\"urlTemplate\":\"https:\/\/wekab.com\/blog\/?s={search_term_string}\"},\"query-input\":{\"@type\":\"PropertyValueSpecification\",\"valueRequired\":true,\"valueName\":\"search_term_string\"}}],\"inLanguage\":\"es\"},{\"@type\":\"Organization\",\"@id\":\"https:\/\/wekab.com\/blog\/#organization\",\"name\":\"WeKAb\",\"url\":\"https:\/\/wekab.com\/blog\/\",\"logo\":{\"@type\":\"ImageObject\",\"inLanguage\":\"es\",\"@id\":\"https:\/\/wekab.com\/blog\/#\/schema\/logo\/image\/\",\"url\":\"https:\/\/wekab.com\/blog\/wp-content\/uploads\/2015\/04\/logo_0003_ConectConocimiento_white_320__120.png\",\"contentUrl\":\"https:\/\/wekab.com\/blog\/wp-content\/uploads\/2015\/04\/logo_0003_ConectConocimiento_white_320__120.png\",\"width\":320,\"height\":120,\"caption\":\"WeKAb\"},\"image\":{\"@id\":\"https:\/\/wekab.com\/blog\/#\/schema\/logo\/image\/\"},\"sameAs\":[\"https:\/\/www.facebook.com\/WeKnowAbout\/\",\"https:\/\/x.com\/wekab\",\"https:\/\/www.linkedin.com\/company\/wekab\",\"https:\/\/www.youtube.com\/user\/WeKnowAbout\"]},{\"@type\":\"Person\",\"@id\":\"https:\/\/wekab.com\/blog\/#\/schema\/person\/6cebe2451366fecdb5639088f2603081\",\"name\":\"Felipe Garc\u00eda Rey\",\"image\":{\"@type\":\"ImageObject\",\"inLanguage\":\"es\",\"@id\":\"https:\/\/wekab.com\/blog\/#\/schema\/person\/image\/\",\"url\":\"https:\/\/secure.gravatar.com\/avatar\/d0d2d4c25a032a20860f74985881919595d36f0b97aa245070c225a4c6e2303a?s=96&d=mm&r=g\",\"contentUrl\":\"https:\/\/secure.gravatar.com\/avatar\/d0d2d4c25a032a20860f74985881919595d36f0b97aa245070c225a4c6e2303a?s=96&d=mm&r=g\",\"caption\":\"Felipe Garc\u00eda Rey\"},\"description\":\"Con 8 a\u00f1os empec\u00e9 a vender en la tienda de barrio de mis padres. Podr\u00e1 parecer una tonter\u00eda pero esa etapa me ense\u00f1o e inculc\u00f3 una serie de valores que me han servido como pilares a lo largo de mi vida. Despu\u00e9s de pasar por diversas empresas nacionales e internacionales como Vobis Microcomputer, El Corte Ingl\u00e9s, Amitel Comunicaciones, Amena u ONO, decido dedicarme al 100% a mi pasi\u00f3n: el desarrollo de personas. Junto a Leandro Fern\u00e1ndez Macho, creamos Grupo Acci\u00f3n Consciente cuya especialidad es el desarrollo de habilidades directivas y profesionales a trav\u00e9s de la formaci\u00f3n, el Coaching, el Mentoring, la motivaci\u00f3n de alto impacto, etc ... Gracias a la pasi\u00f3n que tengo por el mundo de la venta, sigo desarroll\u00e1ndome continuamente, explorando nuevos modelos y herramientas para que, de una manera cercana y pr\u00e1ctica, pueda aportarte nuevas formas de vender ( porque el HOY requiere formas distintas al AYER para conseguir relaciones comerciales BENEFICIOSAS y RENTABLES ). \u00bf Te puedo ayudar en algo ? ... AQU\u00cd me tienes, a un click de distancia.\",\"sameAs\":[\"http:\/\/www.felipegarciarey.com\",\"felipegarciarey\",\"in\/felipegarciarey\/es\",\"https:\/\/x.com\/felipegarciarey\"],\"url\":\"https:\/\/wekab.com\/blog\/author\/felipegr\/\"}]}<\/script>\n<!-- \/ Yoast SEO plugin. -->","yoast_head_json":{"title":"Formas parte de un departamento de Formaci\u00f3n o de Compras. \u00bfY sigues creyendo que no est\u00e1s vendiendo? - El Blog de WeKAb","description":"Sea cual sea el \u00e1rea de tu empresa en la que desarrollas tu trabajo, ten en cuenta que \"siempre est\u00e1s vendiendo\", a ti y a tu entidad, \u00bfsabes por qu\u00e9?...","robots":{"index":"index","follow":"follow","max-snippet":"max-snippet:-1","max-image-preview":"max-image-preview:large","max-video-preview":"max-video-preview:-1"},"canonical":"https:\/\/wekab.com\/blog\/formas-parte-de-un-departamento-de-formacion-o-de-compras-y-sigues-creyendo-que-no-estas-vendiendo\/","og_locale":"es_ES","og_type":"article","og_title":"Formas parte de un departamento de Formaci\u00f3n o de Compras. \u00bfY sigues creyendo que no est\u00e1s vendiendo? - El Blog de WeKAb","og_description":"Sea cual sea el \u00e1rea de tu empresa en la que desarrollas tu trabajo, ten en cuenta que \"siempre est\u00e1s vendiendo\", a ti y a tu entidad, \u00bfsabes por qu\u00e9?...","og_url":"https:\/\/wekab.com\/blog\/formas-parte-de-un-departamento-de-formacion-o-de-compras-y-sigues-creyendo-que-no-estas-vendiendo\/","og_site_name":"El Blog de WeKAb","article_publisher":"https:\/\/www.facebook.com\/WeKnowAbout\/","article_author":"felipegarciarey","article_published_time":"2015-09-03T09:20:19+00:00","article_modified_time":"2023-10-26T12:33:55+00:00","og_image":[{"width":1941,"height":1080,"url":"https:\/\/wekab.com\/blog\/wp-content\/uploads\/2023\/10\/Departamento-de-ventas.jpg","type":"image\/jpeg"}],"author":"Felipe Garc\u00eda Rey","twitter_card":"summary_large_image","twitter_creator":"@felipegarciarey","twitter_site":"@wekab","twitter_misc":{"Escrito por":"Felipe Garc\u00eda Rey","Tiempo de lectura":"4 minutos"},"schema":{"@context":"https:\/\/schema.org","@graph":[{"@type":"Article","@id":"https:\/\/wekab.com\/blog\/formas-parte-de-un-departamento-de-formacion-o-de-compras-y-sigues-creyendo-que-no-estas-vendiendo\/#article","isPartOf":{"@id":"https:\/\/wekab.com\/blog\/formas-parte-de-un-departamento-de-formacion-o-de-compras-y-sigues-creyendo-que-no-estas-vendiendo\/"},"author":{"name":"Felipe Garc\u00eda Rey","@id":"https:\/\/wekab.com\/blog\/#\/schema\/person\/6cebe2451366fecdb5639088f2603081"},"headline":"Formas parte de un departamento de Formaci\u00f3n o de Compras. \u00bfY sigues creyendo que no est\u00e1s vendiendo?","datePublished":"2015-09-03T09:20:19+00:00","dateModified":"2023-10-26T12:33:55+00:00","mainEntityOfPage":{"@id":"https:\/\/wekab.com\/blog\/formas-parte-de-un-departamento-de-formacion-o-de-compras-y-sigues-creyendo-que-no-estas-vendiendo\/"},"wordCount":997,"commentCount":0,"publisher":{"@id":"https:\/\/wekab.com\/blog\/#organization"},"image":{"@id":"https:\/\/wekab.com\/blog\/formas-parte-de-un-departamento-de-formacion-o-de-compras-y-sigues-creyendo-que-no-estas-vendiendo\/#primaryimage"},"thumbnailUrl":"https:\/\/wekab.com\/blog\/wp-content\/uploads\/2023\/10\/Departamento-de-ventas.jpg","keywords":["comercial","formaci\u00f3n","opini\u00f3n","profesional","profesionalidad","vender"],"articleSection":["Protagonistas"],"inLanguage":"es","potentialAction":[{"@type":"CommentAction","name":"Comment","target":["https:\/\/wekab.com\/blog\/formas-parte-de-un-departamento-de-formacion-o-de-compras-y-sigues-creyendo-que-no-estas-vendiendo\/#respond"]}]},{"@type":"WebPage","@id":"https:\/\/wekab.com\/blog\/formas-parte-de-un-departamento-de-formacion-o-de-compras-y-sigues-creyendo-que-no-estas-vendiendo\/","url":"https:\/\/wekab.com\/blog\/formas-parte-de-un-departamento-de-formacion-o-de-compras-y-sigues-creyendo-que-no-estas-vendiendo\/","name":"Formas parte de un departamento de Formaci\u00f3n o de Compras. \u00bfY sigues creyendo que no est\u00e1s vendiendo? - El Blog de WeKAb","isPartOf":{"@id":"https:\/\/wekab.com\/blog\/#website"},"primaryImageOfPage":{"@id":"https:\/\/wekab.com\/blog\/formas-parte-de-un-departamento-de-formacion-o-de-compras-y-sigues-creyendo-que-no-estas-vendiendo\/#primaryimage"},"image":{"@id":"https:\/\/wekab.com\/blog\/formas-parte-de-un-departamento-de-formacion-o-de-compras-y-sigues-creyendo-que-no-estas-vendiendo\/#primaryimage"},"thumbnailUrl":"https:\/\/wekab.com\/blog\/wp-content\/uploads\/2023\/10\/Departamento-de-ventas.jpg","datePublished":"2015-09-03T09:20:19+00:00","dateModified":"2023-10-26T12:33:55+00:00","description":"Sea cual sea el \u00e1rea de tu empresa en la que desarrollas tu trabajo, ten en cuenta que \"siempre est\u00e1s vendiendo\", a ti y a tu entidad, \u00bfsabes por qu\u00e9?...","breadcrumb":{"@id":"https:\/\/wekab.com\/blog\/formas-parte-de-un-departamento-de-formacion-o-de-compras-y-sigues-creyendo-que-no-estas-vendiendo\/#breadcrumb"},"inLanguage":"es","potentialAction":[{"@type":"ReadAction","target":["https:\/\/wekab.com\/blog\/formas-parte-de-un-departamento-de-formacion-o-de-compras-y-sigues-creyendo-que-no-estas-vendiendo\/"]}]},{"@type":"ImageObject","inLanguage":"es","@id":"https:\/\/wekab.com\/blog\/formas-parte-de-un-departamento-de-formacion-o-de-compras-y-sigues-creyendo-que-no-estas-vendiendo\/#primaryimage","url":"https:\/\/wekab.com\/blog\/wp-content\/uploads\/2023\/10\/Departamento-de-ventas.jpg","contentUrl":"https:\/\/wekab.com\/blog\/wp-content\/uploads\/2023\/10\/Departamento-de-ventas.jpg","width":1941,"height":1080},{"@type":"BreadcrumbList","@id":"https:\/\/wekab.com\/blog\/formas-parte-de-un-departamento-de-formacion-o-de-compras-y-sigues-creyendo-que-no-estas-vendiendo\/#breadcrumb","itemListElement":[{"@type":"ListItem","position":1,"name":"Portada","item":"https:\/\/wekab.com\/blog\/"},{"@type":"ListItem","position":2,"name":"Protagonistas","item":"https:\/\/wekab.com\/blog\/category\/protagonistas\/"},{"@type":"ListItem","position":3,"name":"Formas parte de un departamento de Formaci\u00f3n o de Compras. \u00bfY sigues creyendo que no est\u00e1s vendiendo?"}]},{"@type":"WebSite","@id":"https:\/\/wekab.com\/blog\/#website","url":"https:\/\/wekab.com\/blog\/","name":"El Blog de WeKAb","description":"Trabajo para formadores","publisher":{"@id":"https:\/\/wekab.com\/blog\/#organization"},"potentialAction":[{"@type":"SearchAction","target":{"@type":"EntryPoint","urlTemplate":"https:\/\/wekab.com\/blog\/?s={search_term_string}"},"query-input":{"@type":"PropertyValueSpecification","valueRequired":true,"valueName":"search_term_string"}}],"inLanguage":"es"},{"@type":"Organization","@id":"https:\/\/wekab.com\/blog\/#organization","name":"WeKAb","url":"https:\/\/wekab.com\/blog\/","logo":{"@type":"ImageObject","inLanguage":"es","@id":"https:\/\/wekab.com\/blog\/#\/schema\/logo\/image\/","url":"https:\/\/wekab.com\/blog\/wp-content\/uploads\/2015\/04\/logo_0003_ConectConocimiento_white_320__120.png","contentUrl":"https:\/\/wekab.com\/blog\/wp-content\/uploads\/2015\/04\/logo_0003_ConectConocimiento_white_320__120.png","width":320,"height":120,"caption":"WeKAb"},"image":{"@id":"https:\/\/wekab.com\/blog\/#\/schema\/logo\/image\/"},"sameAs":["https:\/\/www.facebook.com\/WeKnowAbout\/","https:\/\/x.com\/wekab","https:\/\/www.linkedin.com\/company\/wekab","https:\/\/www.youtube.com\/user\/WeKnowAbout"]},{"@type":"Person","@id":"https:\/\/wekab.com\/blog\/#\/schema\/person\/6cebe2451366fecdb5639088f2603081","name":"Felipe Garc\u00eda Rey","image":{"@type":"ImageObject","inLanguage":"es","@id":"https:\/\/wekab.com\/blog\/#\/schema\/person\/image\/","url":"https:\/\/secure.gravatar.com\/avatar\/d0d2d4c25a032a20860f74985881919595d36f0b97aa245070c225a4c6e2303a?s=96&d=mm&r=g","contentUrl":"https:\/\/secure.gravatar.com\/avatar\/d0d2d4c25a032a20860f74985881919595d36f0b97aa245070c225a4c6e2303a?s=96&d=mm&r=g","caption":"Felipe Garc\u00eda Rey"},"description":"Con 8 a\u00f1os empec\u00e9 a vender en la tienda de barrio de mis padres. Podr\u00e1 parecer una tonter\u00eda pero esa etapa me ense\u00f1o e inculc\u00f3 una serie de valores que me han servido como pilares a lo largo de mi vida. Despu\u00e9s de pasar por diversas empresas nacionales e internacionales como Vobis Microcomputer, El Corte Ingl\u00e9s, Amitel Comunicaciones, Amena u ONO, decido dedicarme al 100% a mi pasi\u00f3n: el desarrollo de personas. Junto a Leandro Fern\u00e1ndez Macho, creamos Grupo Acci\u00f3n Consciente cuya especialidad es el desarrollo de habilidades directivas y profesionales a trav\u00e9s de la formaci\u00f3n, el Coaching, el Mentoring, la motivaci\u00f3n de alto impacto, etc ... Gracias a la pasi\u00f3n que tengo por el mundo de la venta, sigo desarroll\u00e1ndome continuamente, explorando nuevos modelos y herramientas para que, de una manera cercana y pr\u00e1ctica, pueda aportarte nuevas formas de vender ( porque el HOY requiere formas distintas al AYER para conseguir relaciones comerciales BENEFICIOSAS y RENTABLES ). \u00bf Te puedo ayudar en algo ? ... AQU\u00cd me tienes, a un click de distancia.","sameAs":["http:\/\/www.felipegarciarey.com","felipegarciarey","in\/felipegarciarey\/es","https:\/\/x.com\/felipegarciarey"],"url":"https:\/\/wekab.com\/blog\/author\/felipegr\/"}]}},"_links":{"self":[{"href":"https:\/\/wekab.com\/blog\/wp-json\/wp\/v2\/posts\/179","targetHints":{"allow":["GET"]}}],"collection":[{"href":"https:\/\/wekab.com\/blog\/wp-json\/wp\/v2\/posts"}],"about":[{"href":"https:\/\/wekab.com\/blog\/wp-json\/wp\/v2\/types\/post"}],"author":[{"embeddable":true,"href":"https:\/\/wekab.com\/blog\/wp-json\/wp\/v2\/users\/7"}],"replies":[{"embeddable":true,"href":"https:\/\/wekab.com\/blog\/wp-json\/wp\/v2\/comments?post=179"}],"version-history":[{"count":0,"href":"https:\/\/wekab.com\/blog\/wp-json\/wp\/v2\/posts\/179\/revisions"}],"wp:featuredmedia":[{"embeddable":true,"href":"https:\/\/wekab.com\/blog\/wp-json\/wp\/v2\/media\/1309"}],"wp:attachment":[{"href":"https:\/\/wekab.com\/blog\/wp-json\/wp\/v2\/media?parent=179"}],"wp:term":[{"taxonomy":"category","embeddable":true,"href":"https:\/\/wekab.com\/blog\/wp-json\/wp\/v2\/categories?post=179"},{"taxonomy":"post_tag","embeddable":true,"href":"https:\/\/wekab.com\/blog\/wp-json\/wp\/v2\/tags?post=179"}],"curies":[{"name":"wp","href":"https:\/\/api.w.org\/{rel}","templated":true}]}}