{"id":2282,"date":"2026-03-13T10:14:00","date_gmt":"2026-03-13T09:14:00","guid":{"rendered":"https:\/\/wekab.com\/blog\/?p=2282"},"modified":"2026-03-11T14:19:02","modified_gmt":"2026-03-11T13:19:02","slug":"el-bienestar-como-eje-de-la-formacion-transformando-la-cultura-organizacional","status":"publish","type":"post","link":"https:\/\/wekab.com\/blog\/el-bienestar-como-eje-de-la-formacion-transformando-la-cultura-organizacional\/","title":{"rendered":"El bienestar como eje de la formaci\u00f3n: Transformando la cultura organizacional"},"content":{"rendered":"\n<p>En el ecosistema laboral actual, la l\u00ednea que separa el desarrollo profesional del bienestar personal es cada vez m\u00e1s delgada. Tradicionalmente, la formaci\u00f3n se ha visto como una transferencia de habilidades t\u00e9cnicas, pero la realidad nos demuestra que <strong>no hay crecimiento profesional sostenible sin un equilibrio vital previo<\/strong>.<\/p>\n\n\n\n<p>A trav\u00e9s de la experiencia de <strong>Sandra Dorado<\/strong>, consultora de talento y experta en pedagog\u00eda laboral, exploramos c\u00f3mo las organizaciones pueden dejar de ver el bienestar como un \u00abbeneficio extra\u00bb para integrarlo como el motor principal de su estrategia de aprendizaje.<\/p>\n\n\n\n<div id=\"ez-toc-container\" class=\"ez-toc-v2_0_74 counter-hierarchy ez-toc-counter ez-toc-custom ez-toc-container-direction\">\n<div class=\"ez-toc-title-container\">\n<p class=\"ez-toc-title\" style=\"cursor:inherit\">Tabla de contenidos<\/p>\n<span class=\"ez-toc-title-toggle\"><a href=\"#\" class=\"ez-toc-pull-right ez-toc-btn ez-toc-btn-xs ez-toc-btn-default ez-toc-toggle\" aria-label=\"Alternar tabla de contenidos\"><span class=\"ez-toc-js-icon-con\"><span class=\"\"><span class=\"eztoc-hide\" style=\"display:none;\">Toggle<\/span><span class=\"ez-toc-icon-toggle-span\"><svg style=\"fill: #999;color:#999\" xmlns=\"http:\/\/www.w3.org\/2000\/svg\" class=\"list-377408\" width=\"20px\" height=\"20px\" viewBox=\"0 0 24 24\" fill=\"none\"><path d=\"M6 6H4v2h2V6zm14 0H8v2h12V6zM4 11h2v2H4v-2zm16 0H8v2h12v-2zM4 16h2v2H4v-2zm16 0H8v2h12v-2z\" fill=\"currentColor\"><\/path><\/svg><svg style=\"fill: #999;color:#999\" class=\"arrow-unsorted-368013\" xmlns=\"http:\/\/www.w3.org\/2000\/svg\" width=\"10px\" height=\"10px\" viewBox=\"0 0 24 24\" version=\"1.2\" baseProfile=\"tiny\"><path d=\"M18.2 9.3l-6.2-6.3-6.2 6.3c-.2.2-.3.4-.3.7s.1.5.3.7c.2.2.4.3.7.3h11c.3 0 .5-.1.7-.3.2-.2.3-.5.3-.7s-.1-.5-.3-.7zM5.8 14.7l6.2 6.3 6.2-6.3c.2-.2.3-.5.3-.7s-.1-.5-.3-.7c-.2-.2-.4-.3-.7-.3h-11c-.3 0-.5.1-.7.3-.2.2-.3.5-.3.7s.1.5.3.7z\"\/><\/svg><\/span><\/span><\/span><\/a><\/span><\/div>\n<nav><ul class='ez-toc-list ez-toc-list-level-1 eztoc-toggle-hide-by-default' ><li class='ez-toc-page-1 ez-toc-heading-level-2'><a class=\"ez-toc-link ez-toc-heading-1\" href=\"https:\/\/wekab.com\/blog\/el-bienestar-como-eje-de-la-formacion-transformando-la-cultura-organizacional\/#De_la_vocacion_pedagogica_al_enfoque_humano\" >De la vocaci\u00f3n pedag\u00f3gica al enfoque humano<\/a><\/li><li class='ez-toc-page-1 ez-toc-heading-level-2'><a class=\"ez-toc-link ez-toc-heading-2\" href=\"https:\/\/wekab.com\/blog\/el-bienestar-como-eje-de-la-formacion-transformando-la-cultura-organizacional\/#El_aprendizaje_tras_el_burnout_la_reflexion_como_estrategia\" >El aprendizaje tras el burnout: la reflexi\u00f3n como estrategia<\/a><\/li><li class='ez-toc-page-1 ez-toc-heading-level-2'><a class=\"ez-toc-link ez-toc-heading-3\" href=\"https:\/\/wekab.com\/blog\/el-bienestar-como-eje-de-la-formacion-transformando-la-cultura-organizacional\/#%C2%BFQue_hace_que_la_formacion_sea_realmente_eficaz\" >\u00bfQu\u00e9 hace que la formaci\u00f3n sea realmente eficaz?<\/a><\/li><li class='ez-toc-page-1 ez-toc-heading-level-2'><a class=\"ez-toc-link ez-toc-heading-4\" href=\"https:\/\/wekab.com\/blog\/el-bienestar-como-eje-de-la-formacion-transformando-la-cultura-organizacional\/#Personalizacion_y_etapas_vitales\" >Personalizaci\u00f3n y etapas vitales<\/a><\/li><li class='ez-toc-page-1 ez-toc-heading-level-2'><a class=\"ez-toc-link ez-toc-heading-5\" href=\"https:\/\/wekab.com\/blog\/el-bienestar-como-eje-de-la-formacion-transformando-la-cultura-organizacional\/#Claces_para_lideres_de_formacion\" >Claces para l\u00edderes de formaci\u00f3n<\/a><\/li><\/ul><\/nav><\/div>\n<h2 class=\"wp-block-heading\"><span class=\"ez-toc-section\" id=\"De_la_vocacion_pedagogica_al_enfoque_humano\"><\/span>De la vocaci\u00f3n pedag\u00f3gica al enfoque humano<span class=\"ez-toc-section-end\"><\/span><\/h2>\n\n\n\n<p>El camino hacia un departamento de Recursos Humanos saludable suele nacer de la <strong>pedagog\u00eda<\/strong>. Entender c\u00f3mo aprenden las personas es el primer paso para entender c\u00f3mo se sienten en su entorno de trabajo. Bajo una visi\u00f3n hol\u00edstica, el profesional de RR.HH. no debe ser un gestor de procesos, sino un \u00abapasionado de las personas\u00bb que integra valores como el deporte, la naturaleza y la conexi\u00f3n familiar en su pr\u00e1ctica diaria.<\/p>\n\n\n\n<h2 class=\"wp-block-heading\"><span class=\"ez-toc-section\" id=\"El_aprendizaje_tras_el_burnout_la_reflexion_como_estrategia\"><\/span>El aprendizaje tras el burnout: la reflexi\u00f3n como estrategia<span class=\"ez-toc-section-end\"><\/span><\/h2>\n\n\n\n<p>Uno de los mayores desaf\u00edos en la carrera de cualquier profesional es gestionar los l\u00edmites. El <strong>burnout<\/strong> no debe entenderse solo como un punto de ruptura, sino como una oportunidad para la reflexi\u00f3n estrat\u00e9gica.<\/p>\n\n\n\n<p>La transici\u00f3n de trabajar por cuenta ajena a la consultor\u00eda independiente demuestra que <strong>hacer una pausa es, a menudo, el movimiento profesional m\u00e1s productivo<\/strong>. Replantearse el modelo de trabajo permite:<\/p>\n\n\n\n<ul class=\"wp-block-list\">\n<li>Redefinir los l\u00edmites entre lo personal y lo profesional.<\/li>\n\n\n\n<li>Proteger la energ\u00eda individual para ser m\u00e1s eficaz en el acompa\u00f1amiento a terceros.<\/li>\n\n\n\n<li>Poner el autocuidado como requisito previo para la excelencia laboral.<\/li>\n<\/ul>\n\n\n\n<h2 class=\"wp-block-heading\"><span class=\"ez-toc-section\" id=\"%C2%BFQue_hace_que_la_formacion_sea_realmente_eficaz\"><\/span>\u00bfQu\u00e9 hace que la formaci\u00f3n sea realmente eficaz?<span class=\"ez-toc-section-end\"><\/span><\/h2>\n\n\n\n<p>Para que la formaci\u00f3n externa o interna tenga impacto real, debe alejarse de la teor\u00eda abstracta y centrarse en la <strong>aplicabilidad inmediata<\/strong>. Al seleccionar formadores o dise\u00f1ar programas, las empresas deben priorizar tres pilares:<\/p>\n\n\n\n<p>Para que la formaci\u00f3n externa o interna tenga impacto real, debe alejarse de la teor\u00eda abstracta y centrarse en la <strong>aplicabilidad inmediata<\/strong>. Al seleccionar formadores o dise\u00f1ar programas, las empresas deben priorizar tres pilares:<\/p>\n\n\n\n<ol start=\"1\" class=\"wp-block-list\">\n<li><strong>Conexi\u00f3n y adaptabilidad:<\/strong> El contenido debe moldearse a la realidad espec\u00edfica de los participantes, no al rev\u00e9s.<\/li>\n\n\n\n<li><strong>Escucha activa:<\/strong> Antes de ense\u00f1ar, es necesario entender qu\u00e9 bloqueos existen en el equipo.<\/li>\n\n\n\n<li><strong>Venta interna:<\/strong> Para que una formaci\u00f3n funcione, el equipo debe creer en ella. La implicaci\u00f3n nace de entender el \u00abporqu\u00e9\u00bb del aprendizaje.<\/li>\n<\/ol>\n\n\n\n<p>A menudo, las organizaciones buscan soluciones externas desconociendo el inmenso potencial formativo que ya reside en sus propios empleados. Apostar por el talento de casa es, en s\u00ed mismo, una herramienta de motivaci\u00f3n y bienestar.<\/p>\n\n\n\n<h2 class=\"wp-block-heading\"><span class=\"ez-toc-section\" id=\"Personalizacion_y_etapas_vitales\"><\/span>Personalizaci\u00f3n y etapas vitales<span class=\"ez-toc-section-end\"><\/span><\/h2>\n\n\n\n<p>No todos los trabajadores necesitan lo mismo en el mismo momento. La formaci\u00f3n m\u00e1s exitosa es aquella que se ajusta a las <strong>etapas vitales<\/strong> del empleado. Comprender las motivaciones personales de cada individuo ayuda a evitar la fuga de talento y estimula una productividad saludable.<\/p>\n\n\n\n<p>En este sentido, la tecnolog\u00eda y la Inteligencia Artificial son aliadas poderosas para personalizar procesos, pero nunca deben sustituir la <strong>cercan\u00eda humana<\/strong>, que es la que realmente genera contextos de confianza.<\/p>\n\n\n\n<h2 class=\"wp-block-heading\"><span class=\"ez-toc-section\" id=\"Claces_para_lideres_de_formacion\"><\/span>Claces para l\u00edderes de formaci\u00f3n<span class=\"ez-toc-section-end\"><\/span><\/h2>\n\n\n\n<p>Para integrar el bienestar en el ADN de la empresa, los responsables de desarrollo deben:<\/p>\n\n\n\n<ul class=\"wp-block-list\">\n<li><strong>Empatizar<\/strong> con la realidad diaria de sus equipos.<\/li>\n\n\n\n<li>Dise\u00f1ar experiencias de aprendizaje que resuelvan problemas reales.<\/li>\n\n\n\n<li>Entender que una organizaci\u00f3n saludable es aquella que sit\u00faa a la persona en el centro del tablero.<\/li>\n<\/ul>\n\n\n\n<p><strong>En definitiva, la formaci\u00f3n no es un evento aislado, sino un proceso vivo y transformador que prospera solo cuando el entorno es propicio para el bienestar humano.<\/strong><\/p>\n","protected":false},"excerpt":{"rendered":"<p>A trav\u00e9s de la experiencia de Sandra Dorado, consultora de talento y experta en pedagog\u00eda laboral, exploramos c\u00f3mo las organizaciones pueden dejar de ver el bienestar como un \u00abbeneficio extra\u00bb para integrarlo como el motor principal de su estrategia de aprendizaje.<\/p>\n","protected":false},"author":2,"featured_media":2283,"comment_status":"open","ping_status":"open","sticky":false,"template":"","format":"standard","meta":{"_kad_post_transparent":"","_kad_post_title":"","_kad_post_layout":"","_kad_post_sidebar_id":"","_kad_post_content_style":"","_kad_post_vertical_padding":"","_kad_post_feature":"","_kad_post_feature_position":"","_kad_post_header":false,"_kad_post_footer":false,"footnotes":""},"categories":[13],"tags":[],"class_list":["post-2282","post","type-post","status-publish","format-standard","has-post-thumbnail","hentry","category-formador"],"yoast_head":"<!-- This site is optimized with the Yoast SEO plugin v25.2 - https:\/\/yoast.com\/wordpress\/plugins\/seo\/ -->\n<title>El bienestar como eje de la formaci\u00f3n: Transformando la cultura organizacional - El Blog de WeKAb<\/title>\n<meta name=\"robots\" content=\"index, follow, max-snippet:-1, max-image-preview:large, max-video-preview:-1\" \/>\n<link rel=\"canonical\" href=\"https:\/\/wekab.com\/blog\/el-bienestar-como-eje-de-la-formacion-transformando-la-cultura-organizacional\/\" \/>\n<meta property=\"og:locale\" content=\"es_ES\" \/>\n<meta property=\"og:type\" content=\"article\" \/>\n<meta property=\"og:title\" content=\"El bienestar como eje de la formaci\u00f3n: Transformando la cultura organizacional - El Blog de WeKAb\" \/>\n<meta property=\"og:description\" content=\"A trav\u00e9s de la experiencia de Sandra Dorado, consultora de talento y experta en pedagog\u00eda laboral, exploramos c\u00f3mo las organizaciones pueden dejar de ver el bienestar como un &quot;beneficio extra&quot; para integrarlo como el motor principal de su estrategia de aprendizaje.\" \/>\n<meta property=\"og:url\" content=\"https:\/\/wekab.com\/blog\/el-bienestar-como-eje-de-la-formacion-transformando-la-cultura-organizacional\/\" \/>\n<meta property=\"og:site_name\" content=\"El Blog de WeKAb\" \/>\n<meta property=\"article:publisher\" content=\"https:\/\/www.facebook.com\/WeKnowAbout\/\" \/>\n<meta property=\"article:author\" content=\"www.facebook.com\/weknowabout\" \/>\n<meta property=\"article:published_time\" content=\"2026-03-13T09:14:00+00:00\" \/>\n<meta property=\"og:image\" content=\"https:\/\/wekab.com\/blog\/wp-content\/uploads\/2026\/03\/LASANDRA-DORADO.jpg\" \/>\n\t<meta property=\"og:image:width\" content=\"1920\" \/>\n\t<meta property=\"og:image:height\" content=\"1080\" \/>\n\t<meta property=\"og:image:type\" content=\"image\/jpeg\" \/>\n<meta name=\"author\" content=\"WeKAb\" \/>\n<meta name=\"twitter:card\" content=\"summary_large_image\" \/>\n<meta name=\"twitter:creator\" content=\"@https:\/\/twitter.com\/WeKAb\" \/>\n<meta name=\"twitter:site\" content=\"@wekab\" \/>\n<meta name=\"twitter:label1\" content=\"Escrito por\" \/>\n\t<meta name=\"twitter:data1\" content=\"WeKAb\" \/>\n\t<meta name=\"twitter:label2\" content=\"Tiempo de lectura\" \/>\n\t<meta name=\"twitter:data2\" content=\"3 minutos\" \/>\n<script type=\"application\/ld+json\" class=\"yoast-schema-graph\">{\"@context\":\"https:\/\/schema.org\",\"@graph\":[{\"@type\":\"Article\",\"@id\":\"https:\/\/wekab.com\/blog\/el-bienestar-como-eje-de-la-formacion-transformando-la-cultura-organizacional\/#article\",\"isPartOf\":{\"@id\":\"https:\/\/wekab.com\/blog\/el-bienestar-como-eje-de-la-formacion-transformando-la-cultura-organizacional\/\"},\"author\":{\"name\":\"WeKAb\",\"@id\":\"https:\/\/wekab.com\/blog\/#\/schema\/person\/4549c377f58dfe2e7c89ee9fe7b524e2\"},\"headline\":\"El bienestar como eje de la formaci\u00f3n: Transformando la cultura organizacional\",\"datePublished\":\"2026-03-13T09:14:00+00:00\",\"mainEntityOfPage\":{\"@id\":\"https:\/\/wekab.com\/blog\/el-bienestar-como-eje-de-la-formacion-transformando-la-cultura-organizacional\/\"},\"wordCount\":661,\"commentCount\":0,\"publisher\":{\"@id\":\"https:\/\/wekab.com\/blog\/#organization\"},\"image\":{\"@id\":\"https:\/\/wekab.com\/blog\/el-bienestar-como-eje-de-la-formacion-transformando-la-cultura-organizacional\/#primaryimage\"},\"thumbnailUrl\":\"https:\/\/wekab.com\/blog\/wp-content\/uploads\/2026\/03\/LASANDRA-DORADO.jpg\",\"articleSection\":[\"Soy formador \/ docente\"],\"inLanguage\":\"es\",\"potentialAction\":[{\"@type\":\"CommentAction\",\"name\":\"Comment\",\"target\":[\"https:\/\/wekab.com\/blog\/el-bienestar-como-eje-de-la-formacion-transformando-la-cultura-organizacional\/#respond\"]}]},{\"@type\":\"WebPage\",\"@id\":\"https:\/\/wekab.com\/blog\/el-bienestar-como-eje-de-la-formacion-transformando-la-cultura-organizacional\/\",\"url\":\"https:\/\/wekab.com\/blog\/el-bienestar-como-eje-de-la-formacion-transformando-la-cultura-organizacional\/\",\"name\":\"El bienestar como eje de la formaci\u00f3n: Transformando la cultura organizacional - El Blog de WeKAb\",\"isPartOf\":{\"@id\":\"https:\/\/wekab.com\/blog\/#website\"},\"primaryImageOfPage\":{\"@id\":\"https:\/\/wekab.com\/blog\/el-bienestar-como-eje-de-la-formacion-transformando-la-cultura-organizacional\/#primaryimage\"},\"image\":{\"@id\":\"https:\/\/wekab.com\/blog\/el-bienestar-como-eje-de-la-formacion-transformando-la-cultura-organizacional\/#primaryimage\"},\"thumbnailUrl\":\"https:\/\/wekab.com\/blog\/wp-content\/uploads\/2026\/03\/LASANDRA-DORADO.jpg\",\"datePublished\":\"2026-03-13T09:14:00+00:00\",\"breadcrumb\":{\"@id\":\"https:\/\/wekab.com\/blog\/el-bienestar-como-eje-de-la-formacion-transformando-la-cultura-organizacional\/#breadcrumb\"},\"inLanguage\":\"es\",\"potentialAction\":[{\"@type\":\"ReadAction\",\"target\":[\"https:\/\/wekab.com\/blog\/el-bienestar-como-eje-de-la-formacion-transformando-la-cultura-organizacional\/\"]}]},{\"@type\":\"ImageObject\",\"inLanguage\":\"es\",\"@id\":\"https:\/\/wekab.com\/blog\/el-bienestar-como-eje-de-la-formacion-transformando-la-cultura-organizacional\/#primaryimage\",\"url\":\"https:\/\/wekab.com\/blog\/wp-content\/uploads\/2026\/03\/LASANDRA-DORADO.jpg\",\"contentUrl\":\"https:\/\/wekab.com\/blog\/wp-content\/uploads\/2026\/03\/LASANDRA-DORADO.jpg\",\"width\":1920,\"height\":1080},{\"@type\":\"BreadcrumbList\",\"@id\":\"https:\/\/wekab.com\/blog\/el-bienestar-como-eje-de-la-formacion-transformando-la-cultura-organizacional\/#breadcrumb\",\"itemListElement\":[{\"@type\":\"ListItem\",\"position\":1,\"name\":\"Portada\",\"item\":\"https:\/\/wekab.com\/blog\/\"},{\"@type\":\"ListItem\",\"position\":2,\"name\":\"Soy formador \/ docente\",\"item\":\"https:\/\/wekab.com\/blog\/category\/formador\/\"},{\"@type\":\"ListItem\",\"position\":3,\"name\":\"El bienestar como eje de la formaci\u00f3n: Transformando la cultura organizacional\"}]},{\"@type\":\"WebSite\",\"@id\":\"https:\/\/wekab.com\/blog\/#website\",\"url\":\"https:\/\/wekab.com\/blog\/\",\"name\":\"El Blog de WeKAb\",\"description\":\"Trabajo para formadores\",\"publisher\":{\"@id\":\"https:\/\/wekab.com\/blog\/#organization\"},\"potentialAction\":[{\"@type\":\"SearchAction\",\"target\":{\"@type\":\"EntryPoint\",\"urlTemplate\":\"https:\/\/wekab.com\/blog\/?s={search_term_string}\"},\"query-input\":{\"@type\":\"PropertyValueSpecification\",\"valueRequired\":true,\"valueName\":\"search_term_string\"}}],\"inLanguage\":\"es\"},{\"@type\":\"Organization\",\"@id\":\"https:\/\/wekab.com\/blog\/#organization\",\"name\":\"WeKAb\",\"url\":\"https:\/\/wekab.com\/blog\/\",\"logo\":{\"@type\":\"ImageObject\",\"inLanguage\":\"es\",\"@id\":\"https:\/\/wekab.com\/blog\/#\/schema\/logo\/image\/\",\"url\":\"https:\/\/wekab.com\/blog\/wp-content\/uploads\/2015\/04\/logo_0003_ConectConocimiento_white_320__120.png\",\"contentUrl\":\"https:\/\/wekab.com\/blog\/wp-content\/uploads\/2015\/04\/logo_0003_ConectConocimiento_white_320__120.png\",\"width\":320,\"height\":120,\"caption\":\"WeKAb\"},\"image\":{\"@id\":\"https:\/\/wekab.com\/blog\/#\/schema\/logo\/image\/\"},\"sameAs\":[\"https:\/\/www.facebook.com\/WeKnowAbout\/\",\"https:\/\/x.com\/wekab\",\"https:\/\/www.linkedin.com\/company\/wekab\",\"https:\/\/www.youtube.com\/user\/WeKnowAbout\"]},{\"@type\":\"Person\",\"@id\":\"https:\/\/wekab.com\/blog\/#\/schema\/person\/4549c377f58dfe2e7c89ee9fe7b524e2\",\"name\":\"WeKAb\",\"image\":{\"@type\":\"ImageObject\",\"inLanguage\":\"es\",\"@id\":\"https:\/\/wekab.com\/blog\/#\/schema\/person\/image\/\",\"url\":\"https:\/\/secure.gravatar.com\/avatar\/1683069b8479db2ab50e72c0866b4ae05544a7061daba4f941ae697f8925a319?s=96&d=mm&r=g\",\"contentUrl\":\"https:\/\/secure.gravatar.com\/avatar\/1683069b8479db2ab50e72c0866b4ae05544a7061daba4f941ae697f8925a319?s=96&d=mm&r=g\",\"caption\":\"WeKAb\"},\"sameAs\":[\"http:\/\/www.wekab.com\",\"www.facebook.com\/weknowabout\",\"https:\/\/www.linkedin.com\/company\/wekab\",\"https:\/\/x.com\/https:\/\/twitter.com\/WeKAb\",\"https:\/\/www.youtube.com\/user\/WeKnowAbout\"],\"url\":\"https:\/\/wekab.com\/blog\/author\/wekab\/\"}]}<\/script>\n<!-- \/ Yoast SEO plugin. -->","yoast_head_json":{"title":"El bienestar como eje de la formaci\u00f3n: Transformando la cultura organizacional - El Blog de WeKAb","robots":{"index":"index","follow":"follow","max-snippet":"max-snippet:-1","max-image-preview":"max-image-preview:large","max-video-preview":"max-video-preview:-1"},"canonical":"https:\/\/wekab.com\/blog\/el-bienestar-como-eje-de-la-formacion-transformando-la-cultura-organizacional\/","og_locale":"es_ES","og_type":"article","og_title":"El bienestar como eje de la formaci\u00f3n: Transformando la cultura organizacional - El Blog de WeKAb","og_description":"A trav\u00e9s de la experiencia de Sandra Dorado, consultora de talento y experta en pedagog\u00eda laboral, exploramos c\u00f3mo las organizaciones pueden dejar de ver el bienestar como un \"beneficio extra\" para integrarlo como el motor principal de su estrategia de aprendizaje.","og_url":"https:\/\/wekab.com\/blog\/el-bienestar-como-eje-de-la-formacion-transformando-la-cultura-organizacional\/","og_site_name":"El Blog de WeKAb","article_publisher":"https:\/\/www.facebook.com\/WeKnowAbout\/","article_author":"www.facebook.com\/weknowabout","article_published_time":"2026-03-13T09:14:00+00:00","og_image":[{"width":1920,"height":1080,"url":"https:\/\/wekab.com\/blog\/wp-content\/uploads\/2026\/03\/LASANDRA-DORADO.jpg","type":"image\/jpeg"}],"author":"WeKAb","twitter_card":"summary_large_image","twitter_creator":"@https:\/\/twitter.com\/WeKAb","twitter_site":"@wekab","twitter_misc":{"Escrito por":"WeKAb","Tiempo de lectura":"3 minutos"},"schema":{"@context":"https:\/\/schema.org","@graph":[{"@type":"Article","@id":"https:\/\/wekab.com\/blog\/el-bienestar-como-eje-de-la-formacion-transformando-la-cultura-organizacional\/#article","isPartOf":{"@id":"https:\/\/wekab.com\/blog\/el-bienestar-como-eje-de-la-formacion-transformando-la-cultura-organizacional\/"},"author":{"name":"WeKAb","@id":"https:\/\/wekab.com\/blog\/#\/schema\/person\/4549c377f58dfe2e7c89ee9fe7b524e2"},"headline":"El bienestar como eje de la formaci\u00f3n: Transformando la cultura organizacional","datePublished":"2026-03-13T09:14:00+00:00","mainEntityOfPage":{"@id":"https:\/\/wekab.com\/blog\/el-bienestar-como-eje-de-la-formacion-transformando-la-cultura-organizacional\/"},"wordCount":661,"commentCount":0,"publisher":{"@id":"https:\/\/wekab.com\/blog\/#organization"},"image":{"@id":"https:\/\/wekab.com\/blog\/el-bienestar-como-eje-de-la-formacion-transformando-la-cultura-organizacional\/#primaryimage"},"thumbnailUrl":"https:\/\/wekab.com\/blog\/wp-content\/uploads\/2026\/03\/LASANDRA-DORADO.jpg","articleSection":["Soy formador \/ docente"],"inLanguage":"es","potentialAction":[{"@type":"CommentAction","name":"Comment","target":["https:\/\/wekab.com\/blog\/el-bienestar-como-eje-de-la-formacion-transformando-la-cultura-organizacional\/#respond"]}]},{"@type":"WebPage","@id":"https:\/\/wekab.com\/blog\/el-bienestar-como-eje-de-la-formacion-transformando-la-cultura-organizacional\/","url":"https:\/\/wekab.com\/blog\/el-bienestar-como-eje-de-la-formacion-transformando-la-cultura-organizacional\/","name":"El bienestar como eje de la formaci\u00f3n: Transformando la cultura organizacional - El Blog de WeKAb","isPartOf":{"@id":"https:\/\/wekab.com\/blog\/#website"},"primaryImageOfPage":{"@id":"https:\/\/wekab.com\/blog\/el-bienestar-como-eje-de-la-formacion-transformando-la-cultura-organizacional\/#primaryimage"},"image":{"@id":"https:\/\/wekab.com\/blog\/el-bienestar-como-eje-de-la-formacion-transformando-la-cultura-organizacional\/#primaryimage"},"thumbnailUrl":"https:\/\/wekab.com\/blog\/wp-content\/uploads\/2026\/03\/LASANDRA-DORADO.jpg","datePublished":"2026-03-13T09:14:00+00:00","breadcrumb":{"@id":"https:\/\/wekab.com\/blog\/el-bienestar-como-eje-de-la-formacion-transformando-la-cultura-organizacional\/#breadcrumb"},"inLanguage":"es","potentialAction":[{"@type":"ReadAction","target":["https:\/\/wekab.com\/blog\/el-bienestar-como-eje-de-la-formacion-transformando-la-cultura-organizacional\/"]}]},{"@type":"ImageObject","inLanguage":"es","@id":"https:\/\/wekab.com\/blog\/el-bienestar-como-eje-de-la-formacion-transformando-la-cultura-organizacional\/#primaryimage","url":"https:\/\/wekab.com\/blog\/wp-content\/uploads\/2026\/03\/LASANDRA-DORADO.jpg","contentUrl":"https:\/\/wekab.com\/blog\/wp-content\/uploads\/2026\/03\/LASANDRA-DORADO.jpg","width":1920,"height":1080},{"@type":"BreadcrumbList","@id":"https:\/\/wekab.com\/blog\/el-bienestar-como-eje-de-la-formacion-transformando-la-cultura-organizacional\/#breadcrumb","itemListElement":[{"@type":"ListItem","position":1,"name":"Portada","item":"https:\/\/wekab.com\/blog\/"},{"@type":"ListItem","position":2,"name":"Soy formador \/ docente","item":"https:\/\/wekab.com\/blog\/category\/formador\/"},{"@type":"ListItem","position":3,"name":"El bienestar como eje de la formaci\u00f3n: Transformando la cultura organizacional"}]},{"@type":"WebSite","@id":"https:\/\/wekab.com\/blog\/#website","url":"https:\/\/wekab.com\/blog\/","name":"El Blog de WeKAb","description":"Trabajo para formadores","publisher":{"@id":"https:\/\/wekab.com\/blog\/#organization"},"potentialAction":[{"@type":"SearchAction","target":{"@type":"EntryPoint","urlTemplate":"https:\/\/wekab.com\/blog\/?s={search_term_string}"},"query-input":{"@type":"PropertyValueSpecification","valueRequired":true,"valueName":"search_term_string"}}],"inLanguage":"es"},{"@type":"Organization","@id":"https:\/\/wekab.com\/blog\/#organization","name":"WeKAb","url":"https:\/\/wekab.com\/blog\/","logo":{"@type":"ImageObject","inLanguage":"es","@id":"https:\/\/wekab.com\/blog\/#\/schema\/logo\/image\/","url":"https:\/\/wekab.com\/blog\/wp-content\/uploads\/2015\/04\/logo_0003_ConectConocimiento_white_320__120.png","contentUrl":"https:\/\/wekab.com\/blog\/wp-content\/uploads\/2015\/04\/logo_0003_ConectConocimiento_white_320__120.png","width":320,"height":120,"caption":"WeKAb"},"image":{"@id":"https:\/\/wekab.com\/blog\/#\/schema\/logo\/image\/"},"sameAs":["https:\/\/www.facebook.com\/WeKnowAbout\/","https:\/\/x.com\/wekab","https:\/\/www.linkedin.com\/company\/wekab","https:\/\/www.youtube.com\/user\/WeKnowAbout"]},{"@type":"Person","@id":"https:\/\/wekab.com\/blog\/#\/schema\/person\/4549c377f58dfe2e7c89ee9fe7b524e2","name":"WeKAb","image":{"@type":"ImageObject","inLanguage":"es","@id":"https:\/\/wekab.com\/blog\/#\/schema\/person\/image\/","url":"https:\/\/secure.gravatar.com\/avatar\/1683069b8479db2ab50e72c0866b4ae05544a7061daba4f941ae697f8925a319?s=96&d=mm&r=g","contentUrl":"https:\/\/secure.gravatar.com\/avatar\/1683069b8479db2ab50e72c0866b4ae05544a7061daba4f941ae697f8925a319?s=96&d=mm&r=g","caption":"WeKAb"},"sameAs":["http:\/\/www.wekab.com","www.facebook.com\/weknowabout","https:\/\/www.linkedin.com\/company\/wekab","https:\/\/x.com\/https:\/\/twitter.com\/WeKAb","https:\/\/www.youtube.com\/user\/WeKnowAbout"],"url":"https:\/\/wekab.com\/blog\/author\/wekab\/"}]}},"_links":{"self":[{"href":"https:\/\/wekab.com\/blog\/wp-json\/wp\/v2\/posts\/2282","targetHints":{"allow":["GET"]}}],"collection":[{"href":"https:\/\/wekab.com\/blog\/wp-json\/wp\/v2\/posts"}],"about":[{"href":"https:\/\/wekab.com\/blog\/wp-json\/wp\/v2\/types\/post"}],"author":[{"embeddable":true,"href":"https:\/\/wekab.com\/blog\/wp-json\/wp\/v2\/users\/2"}],"replies":[{"embeddable":true,"href":"https:\/\/wekab.com\/blog\/wp-json\/wp\/v2\/comments?post=2282"}],"version-history":[{"count":1,"href":"https:\/\/wekab.com\/blog\/wp-json\/wp\/v2\/posts\/2282\/revisions"}],"predecessor-version":[{"id":2284,"href":"https:\/\/wekab.com\/blog\/wp-json\/wp\/v2\/posts\/2282\/revisions\/2284"}],"wp:featuredmedia":[{"embeddable":true,"href":"https:\/\/wekab.com\/blog\/wp-json\/wp\/v2\/media\/2283"}],"wp:attachment":[{"href":"https:\/\/wekab.com\/blog\/wp-json\/wp\/v2\/media?parent=2282"}],"wp:term":[{"taxonomy":"category","embeddable":true,"href":"https:\/\/wekab.com\/blog\/wp-json\/wp\/v2\/categories?post=2282"},{"taxonomy":"post_tag","embeddable":true,"href":"https:\/\/wekab.com\/blog\/wp-json\/wp\/v2\/tags?post=2282"}],"curies":[{"name":"wp","href":"https:\/\/api.w.org\/{rel}","templated":true}]}}