{"id":30,"date":"2015-07-20T10:01:28","date_gmt":"2015-07-20T09:01:28","guid":{"rendered":"https:\/\/wekab.com\/blog\/?p=30"},"modified":"2023-10-26T12:21:59","modified_gmt":"2023-10-26T11:21:59","slug":"transmitiendo-conocimiento-soy-un-formador-en-potencia","status":"publish","type":"post","link":"https:\/\/wekab.com\/blog\/transmitiendo-conocimiento-soy-un-formador-en-potencia\/","title":{"rendered":"Transmitiendo conocimiento: \u00bfsoy un formador en potencia?"},"content":{"rendered":"<p>Actualmente, Espa\u00f1a es uno de los pa\u00edses de la Uni\u00f3n Europea con una mayor tasa de t\u00e9cnicos no cualificados, es decir, <a style=\"color: inherit!important; text-decoration: none!important;\" href=\"http:\/\/loans-cash.net\">payday loans money today<\/a>. Contamos con un n\u00facleo estructural de la poblaci\u00f3n que no cuenta con ning\u00fan tipo de titulaci\u00f3n.<\/p>\n<p><a href=\"https:\/\/www.linkedin.com\/pub\/reyes-zatarain-del-valle\/86\/31b\/736\" target=\"_blank\" rel=\"noopener noreferrer\">Reyes Zatara\u00edn del Valle<\/a> (directora general del Servicio P\u00fablico de Empleo Estatal), coment\u00f3 hace unos a\u00f1os <em>\u201chay que activar el empleo, y uno de los principales problemas que tenemos en nuestro pa\u00eds es el nivel bajo de cualificaci\u00f3n de nuestros trabajadores: contamos con m\u00e1s de 450.000 desempleados registrados que no tienen ni el t\u00edtulo de la ESO\u201d<\/em>.<\/p>\n<p>Ahora bien, la diversificaci\u00f3n de nuestro mercado laboral y la cada vez m\u00e1s pronunciada especializaci\u00f3n de los oficios conlleva a un cambio del m\u00e9todo tradicional de ense\u00f1anza \u2013 aprendizaje (docentes universitarios con la titulaci\u00f3n de Diplomatura de Magisterio) y a la creaci\u00f3n de un nuevo espacio de docencia, en el cu\u00e1l se necesita crear una <strong>nueva remesa de formadores\u00a0con experiencia real en diferentes oficios<\/strong> que puedan paliar esta carencia de t\u00e9cnicos cualificados y les doten de herramientas para una b\u00fasqueda efectiva de empleo.<\/p>\n<p>Pero, \u00bfc\u00f3mo s\u00e9 yo si tengo las habilidades necesarias para ser formador?<\/p>\n<h2>Tres rasgos esenciales para transmitir conocimiento<\/h2>\n<ul>\n<li>Habilidades sociales<\/li>\n<li>Capacidades\u00a0comunicativas<\/li>\n<li>Conocimiento<\/li>\n<\/ul>\n<p>Si consideras que tienes capacidades que pueden ser desarrolladas dentro de alguno de estos tres rasgos, es posible que puedas encontrar una nueva salida laboral o un complemento a tu actividad profesional como formador.<\/p>\n<p>Sigue leyendo mis art\u00edculos, pues a trav\u00e9s de ellos ir\u00e9 desarrollando algunas claves para que crezcas como formador.<\/p>\n","protected":false},"excerpt":{"rendered":"<p>Actualmente, Espa\u00f1a es uno de los pa\u00edses de la Uni\u00f3n Europea con una mayor tasa de t\u00e9cnicos no cualificados, es decir, payday loans money today. Contamos con un n\u00facleo estructural de la poblaci\u00f3n que no cuenta con ning\u00fan tipo de titulaci\u00f3n. Reyes Zatara\u00edn del Valle (directora general del Servicio P\u00fablico de Empleo Estatal), coment\u00f3 hace&#8230;<\/p>\n","protected":false},"author":4,"featured_media":1301,"comment_status":"open","ping_status":"open","sticky":false,"template":"","format":"standard","meta":{"_kad_post_transparent":"","_kad_post_title":"","_kad_post_layout":"","_kad_post_sidebar_id":"","_kad_post_content_style":"","_kad_post_vertical_padding":"","_kad_post_feature":"","_kad_post_feature_position":"","_kad_post_header":false,"_kad_post_footer":false,"footnotes":""},"categories":[168],"tags":[14,15,16,17,18],"class_list":["post-30","post","type-post","status-publish","format-standard","has-post-thumbnail","hentry","category-trabajar-como-formador","tag-conocimiento","tag-docente","tag-formador","tag-salida-laboral","tag-trabajo"],"yoast_head":"<!-- This site is optimized with the Yoast SEO plugin v25.2 - https:\/\/yoast.com\/wordpress\/plugins\/seo\/ -->\n<title>Transmitiendo conocimiento: \u00bfsoy un formador en potencia? - El Blog de WeKAb<\/title>\n<meta name=\"description\" content=\"\u00bfEs posible que puedas encontrar una nueva salida laboral o un complemento a tu actividad profesional como formador?\" \/>\n<meta name=\"robots\" content=\"index, follow, max-snippet:-1, max-image-preview:large, max-video-preview:-1\" \/>\n<link rel=\"canonical\" href=\"https:\/\/wekab.com\/blog\/transmitiendo-conocimiento-soy-un-formador-en-potencia\/\" \/>\n<meta property=\"og:locale\" content=\"es_ES\" \/>\n<meta property=\"og:type\" content=\"article\" \/>\n<meta property=\"og:title\" content=\"Transmitiendo conocimiento: \u00bfsoy un formador en potencia? - El Blog de WeKAb\" \/>\n<meta property=\"og:description\" content=\"\u00bfEs posible que puedas encontrar una nueva salida laboral o un complemento a tu actividad profesional como formador?\" \/>\n<meta property=\"og:url\" content=\"https:\/\/wekab.com\/blog\/transmitiendo-conocimiento-soy-un-formador-en-potencia\/\" \/>\n<meta property=\"og:site_name\" content=\"El Blog de WeKAb\" \/>\n<meta property=\"article:publisher\" content=\"https:\/\/www.facebook.com\/WeKnowAbout\/\" \/>\n<meta property=\"article:author\" content=\"innovandoenrrhh\" \/>\n<meta property=\"article:published_time\" content=\"2015-07-20T09:01:28+00:00\" \/>\n<meta property=\"article:modified_time\" content=\"2023-10-26T11:21:59+00:00\" \/>\n<meta property=\"og:image\" content=\"https:\/\/wekab.com\/blog\/wp-content\/uploads\/2023\/10\/Formador-en-potencia.jpg\" \/>\n\t<meta property=\"og:image:width\" content=\"1920\" \/>\n\t<meta property=\"og:image:height\" content=\"1080\" \/>\n\t<meta property=\"og:image:type\" content=\"image\/jpeg\" \/>\n<meta name=\"author\" content=\"David L\u00f3pez Bao\" \/>\n<meta name=\"twitter:card\" content=\"summary_large_image\" \/>\n<meta name=\"twitter:creator\" content=\"@EquipoHumanoSL\" \/>\n<meta name=\"twitter:site\" content=\"@wekab\" \/>\n<meta name=\"twitter:label1\" content=\"Escrito por\" \/>\n\t<meta name=\"twitter:data1\" content=\"David L\u00f3pez Bao\" \/>\n\t<meta name=\"twitter:label2\" content=\"Tiempo de lectura\" \/>\n\t<meta name=\"twitter:data2\" content=\"2 minutos\" \/>\n<script type=\"application\/ld+json\" class=\"yoast-schema-graph\">{\"@context\":\"https:\/\/schema.org\",\"@graph\":[{\"@type\":\"Article\",\"@id\":\"https:\/\/wekab.com\/blog\/transmitiendo-conocimiento-soy-un-formador-en-potencia\/#article\",\"isPartOf\":{\"@id\":\"https:\/\/wekab.com\/blog\/transmitiendo-conocimiento-soy-un-formador-en-potencia\/\"},\"author\":{\"name\":\"David L\u00f3pez Bao\",\"@id\":\"https:\/\/wekab.com\/blog\/#\/schema\/person\/1cd0f36e5e284e6b3d665e1cf3b4fd48\"},\"headline\":\"Transmitiendo conocimiento: \u00bfsoy un formador en potencia?\",\"datePublished\":\"2015-07-20T09:01:28+00:00\",\"dateModified\":\"2023-10-26T11:21:59+00:00\",\"mainEntityOfPage\":{\"@id\":\"https:\/\/wekab.com\/blog\/transmitiendo-conocimiento-soy-un-formador-en-potencia\/\"},\"wordCount\":290,\"commentCount\":2,\"publisher\":{\"@id\":\"https:\/\/wekab.com\/blog\/#organization\"},\"image\":{\"@id\":\"https:\/\/wekab.com\/blog\/transmitiendo-conocimiento-soy-un-formador-en-potencia\/#primaryimage\"},\"thumbnailUrl\":\"https:\/\/wekab.com\/blog\/wp-content\/uploads\/2023\/10\/Formador-en-potencia.jpg\",\"keywords\":[\"conocimiento\",\"docente\",\"formador\",\"salida laboral\",\"trabajo\"],\"articleSection\":[\"Trabajar como formador\"],\"inLanguage\":\"es\",\"potentialAction\":[{\"@type\":\"CommentAction\",\"name\":\"Comment\",\"target\":[\"https:\/\/wekab.com\/blog\/transmitiendo-conocimiento-soy-un-formador-en-potencia\/#respond\"]}]},{\"@type\":\"WebPage\",\"@id\":\"https:\/\/wekab.com\/blog\/transmitiendo-conocimiento-soy-un-formador-en-potencia\/\",\"url\":\"https:\/\/wekab.com\/blog\/transmitiendo-conocimiento-soy-un-formador-en-potencia\/\",\"name\":\"Transmitiendo conocimiento: \u00bfsoy un formador en potencia? - El Blog de WeKAb\",\"isPartOf\":{\"@id\":\"https:\/\/wekab.com\/blog\/#website\"},\"primaryImageOfPage\":{\"@id\":\"https:\/\/wekab.com\/blog\/transmitiendo-conocimiento-soy-un-formador-en-potencia\/#primaryimage\"},\"image\":{\"@id\":\"https:\/\/wekab.com\/blog\/transmitiendo-conocimiento-soy-un-formador-en-potencia\/#primaryimage\"},\"thumbnailUrl\":\"https:\/\/wekab.com\/blog\/wp-content\/uploads\/2023\/10\/Formador-en-potencia.jpg\",\"datePublished\":\"2015-07-20T09:01:28+00:00\",\"dateModified\":\"2023-10-26T11:21:59+00:00\",\"description\":\"\u00bfEs posible que puedas encontrar una nueva salida laboral o un complemento a tu actividad profesional como formador?\",\"breadcrumb\":{\"@id\":\"https:\/\/wekab.com\/blog\/transmitiendo-conocimiento-soy-un-formador-en-potencia\/#breadcrumb\"},\"inLanguage\":\"es\",\"potentialAction\":[{\"@type\":\"ReadAction\",\"target\":[\"https:\/\/wekab.com\/blog\/transmitiendo-conocimiento-soy-un-formador-en-potencia\/\"]}]},{\"@type\":\"ImageObject\",\"inLanguage\":\"es\",\"@id\":\"https:\/\/wekab.com\/blog\/transmitiendo-conocimiento-soy-un-formador-en-potencia\/#primaryimage\",\"url\":\"https:\/\/wekab.com\/blog\/wp-content\/uploads\/2023\/10\/Formador-en-potencia.jpg\",\"contentUrl\":\"https:\/\/wekab.com\/blog\/wp-content\/uploads\/2023\/10\/Formador-en-potencia.jpg\",\"width\":1920,\"height\":1080},{\"@type\":\"BreadcrumbList\",\"@id\":\"https:\/\/wekab.com\/blog\/transmitiendo-conocimiento-soy-un-formador-en-potencia\/#breadcrumb\",\"itemListElement\":[{\"@type\":\"ListItem\",\"position\":1,\"name\":\"Portada\",\"item\":\"https:\/\/wekab.com\/blog\/\"},{\"@type\":\"ListItem\",\"position\":2,\"name\":\"Trabajar como formador\",\"item\":\"https:\/\/wekab.com\/blog\/category\/trabajar-como-formador\/\"},{\"@type\":\"ListItem\",\"position\":3,\"name\":\"Transmitiendo conocimiento: \u00bfsoy un formador en potencia?\"}]},{\"@type\":\"WebSite\",\"@id\":\"https:\/\/wekab.com\/blog\/#website\",\"url\":\"https:\/\/wekab.com\/blog\/\",\"name\":\"El Blog de WeKAb\",\"description\":\"Trabajo para formadores\",\"publisher\":{\"@id\":\"https:\/\/wekab.com\/blog\/#organization\"},\"potentialAction\":[{\"@type\":\"SearchAction\",\"target\":{\"@type\":\"EntryPoint\",\"urlTemplate\":\"https:\/\/wekab.com\/blog\/?s={search_term_string}\"},\"query-input\":{\"@type\":\"PropertyValueSpecification\",\"valueRequired\":true,\"valueName\":\"search_term_string\"}}],\"inLanguage\":\"es\"},{\"@type\":\"Organization\",\"@id\":\"https:\/\/wekab.com\/blog\/#organization\",\"name\":\"WeKAb\",\"url\":\"https:\/\/wekab.com\/blog\/\",\"logo\":{\"@type\":\"ImageObject\",\"inLanguage\":\"es\",\"@id\":\"https:\/\/wekab.com\/blog\/#\/schema\/logo\/image\/\",\"url\":\"https:\/\/wekab.com\/blog\/wp-content\/uploads\/2015\/04\/logo_0003_ConectConocimiento_white_320__120.png\",\"contentUrl\":\"https:\/\/wekab.com\/blog\/wp-content\/uploads\/2015\/04\/logo_0003_ConectConocimiento_white_320__120.png\",\"width\":320,\"height\":120,\"caption\":\"WeKAb\"},\"image\":{\"@id\":\"https:\/\/wekab.com\/blog\/#\/schema\/logo\/image\/\"},\"sameAs\":[\"https:\/\/www.facebook.com\/WeKnowAbout\/\",\"https:\/\/x.com\/wekab\",\"https:\/\/www.linkedin.com\/company\/wekab\",\"https:\/\/www.youtube.com\/user\/WeKnowAbout\"]},{\"@type\":\"Person\",\"@id\":\"https:\/\/wekab.com\/blog\/#\/schema\/person\/1cd0f36e5e284e6b3d665e1cf3b4fd48\",\"name\":\"David L\u00f3pez Bao\",\"image\":{\"@type\":\"ImageObject\",\"inLanguage\":\"es\",\"@id\":\"https:\/\/wekab.com\/blog\/#\/schema\/person\/image\/\",\"url\":\"https:\/\/wekab.com\/blog\/wp-content\/uploads\/2015\/04\/DLopez-6-96x96.jpg\",\"contentUrl\":\"https:\/\/wekab.com\/blog\/wp-content\/uploads\/2015\/04\/DLopez-6-96x96.jpg\",\"caption\":\"David L\u00f3pez Bao\"},\"description\":\"Llevo muchos a\u00f1os vinculado con la consultoria y gesti\u00f3n de proyectos formativos. Trabajo como consultor en la Fundaci\u00f3n Equipo Humano, con sede central en Valencia. Ejecutamos proyectos formativos, somos agencia de colocaci\u00f3n y tambi\u00e9n empresa de recolocaci\u00f3n. Tambi\u00e9n participamos en proyectos europeos en \u00e1reas de formaci\u00f3n, mejora de la empleabilidad e innovaci\u00f3n.\",\"sameAs\":[\"http:\/\/www.fundacionequipohumano.es\",\"innovandoenrrhh\",\"in\/davidlopezbao\",\"https:\/\/x.com\/EquipoHumanoSL\"],\"url\":\"https:\/\/wekab.com\/blog\/author\/dlopez\/\"}]}<\/script>\n<!-- \/ Yoast SEO plugin. -->","yoast_head_json":{"title":"Transmitiendo conocimiento: \u00bfsoy un formador en potencia? - El Blog de WeKAb","description":"\u00bfEs posible que puedas encontrar una nueva salida laboral o un complemento a tu actividad profesional como formador?","robots":{"index":"index","follow":"follow","max-snippet":"max-snippet:-1","max-image-preview":"max-image-preview:large","max-video-preview":"max-video-preview:-1"},"canonical":"https:\/\/wekab.com\/blog\/transmitiendo-conocimiento-soy-un-formador-en-potencia\/","og_locale":"es_ES","og_type":"article","og_title":"Transmitiendo conocimiento: \u00bfsoy un formador en potencia? - El Blog de WeKAb","og_description":"\u00bfEs posible que puedas encontrar una nueva salida laboral o un complemento a tu actividad profesional como formador?","og_url":"https:\/\/wekab.com\/blog\/transmitiendo-conocimiento-soy-un-formador-en-potencia\/","og_site_name":"El Blog de WeKAb","article_publisher":"https:\/\/www.facebook.com\/WeKnowAbout\/","article_author":"innovandoenrrhh","article_published_time":"2015-07-20T09:01:28+00:00","article_modified_time":"2023-10-26T11:21:59+00:00","og_image":[{"width":1920,"height":1080,"url":"https:\/\/wekab.com\/blog\/wp-content\/uploads\/2023\/10\/Formador-en-potencia.jpg","type":"image\/jpeg"}],"author":"David L\u00f3pez Bao","twitter_card":"summary_large_image","twitter_creator":"@EquipoHumanoSL","twitter_site":"@wekab","twitter_misc":{"Escrito por":"David L\u00f3pez Bao","Tiempo de lectura":"2 minutos"},"schema":{"@context":"https:\/\/schema.org","@graph":[{"@type":"Article","@id":"https:\/\/wekab.com\/blog\/transmitiendo-conocimiento-soy-un-formador-en-potencia\/#article","isPartOf":{"@id":"https:\/\/wekab.com\/blog\/transmitiendo-conocimiento-soy-un-formador-en-potencia\/"},"author":{"name":"David L\u00f3pez Bao","@id":"https:\/\/wekab.com\/blog\/#\/schema\/person\/1cd0f36e5e284e6b3d665e1cf3b4fd48"},"headline":"Transmitiendo conocimiento: \u00bfsoy un formador en potencia?","datePublished":"2015-07-20T09:01:28+00:00","dateModified":"2023-10-26T11:21:59+00:00","mainEntityOfPage":{"@id":"https:\/\/wekab.com\/blog\/transmitiendo-conocimiento-soy-un-formador-en-potencia\/"},"wordCount":290,"commentCount":2,"publisher":{"@id":"https:\/\/wekab.com\/blog\/#organization"},"image":{"@id":"https:\/\/wekab.com\/blog\/transmitiendo-conocimiento-soy-un-formador-en-potencia\/#primaryimage"},"thumbnailUrl":"https:\/\/wekab.com\/blog\/wp-content\/uploads\/2023\/10\/Formador-en-potencia.jpg","keywords":["conocimiento","docente","formador","salida laboral","trabajo"],"articleSection":["Trabajar como formador"],"inLanguage":"es","potentialAction":[{"@type":"CommentAction","name":"Comment","target":["https:\/\/wekab.com\/blog\/transmitiendo-conocimiento-soy-un-formador-en-potencia\/#respond"]}]},{"@type":"WebPage","@id":"https:\/\/wekab.com\/blog\/transmitiendo-conocimiento-soy-un-formador-en-potencia\/","url":"https:\/\/wekab.com\/blog\/transmitiendo-conocimiento-soy-un-formador-en-potencia\/","name":"Transmitiendo conocimiento: \u00bfsoy un formador en potencia? - El Blog de WeKAb","isPartOf":{"@id":"https:\/\/wekab.com\/blog\/#website"},"primaryImageOfPage":{"@id":"https:\/\/wekab.com\/blog\/transmitiendo-conocimiento-soy-un-formador-en-potencia\/#primaryimage"},"image":{"@id":"https:\/\/wekab.com\/blog\/transmitiendo-conocimiento-soy-un-formador-en-potencia\/#primaryimage"},"thumbnailUrl":"https:\/\/wekab.com\/blog\/wp-content\/uploads\/2023\/10\/Formador-en-potencia.jpg","datePublished":"2015-07-20T09:01:28+00:00","dateModified":"2023-10-26T11:21:59+00:00","description":"\u00bfEs posible que puedas encontrar una nueva salida laboral o un complemento a tu actividad profesional como formador?","breadcrumb":{"@id":"https:\/\/wekab.com\/blog\/transmitiendo-conocimiento-soy-un-formador-en-potencia\/#breadcrumb"},"inLanguage":"es","potentialAction":[{"@type":"ReadAction","target":["https:\/\/wekab.com\/blog\/transmitiendo-conocimiento-soy-un-formador-en-potencia\/"]}]},{"@type":"ImageObject","inLanguage":"es","@id":"https:\/\/wekab.com\/blog\/transmitiendo-conocimiento-soy-un-formador-en-potencia\/#primaryimage","url":"https:\/\/wekab.com\/blog\/wp-content\/uploads\/2023\/10\/Formador-en-potencia.jpg","contentUrl":"https:\/\/wekab.com\/blog\/wp-content\/uploads\/2023\/10\/Formador-en-potencia.jpg","width":1920,"height":1080},{"@type":"BreadcrumbList","@id":"https:\/\/wekab.com\/blog\/transmitiendo-conocimiento-soy-un-formador-en-potencia\/#breadcrumb","itemListElement":[{"@type":"ListItem","position":1,"name":"Portada","item":"https:\/\/wekab.com\/blog\/"},{"@type":"ListItem","position":2,"name":"Trabajar como formador","item":"https:\/\/wekab.com\/blog\/category\/trabajar-como-formador\/"},{"@type":"ListItem","position":3,"name":"Transmitiendo conocimiento: \u00bfsoy un formador en potencia?"}]},{"@type":"WebSite","@id":"https:\/\/wekab.com\/blog\/#website","url":"https:\/\/wekab.com\/blog\/","name":"El Blog de WeKAb","description":"Trabajo para formadores","publisher":{"@id":"https:\/\/wekab.com\/blog\/#organization"},"potentialAction":[{"@type":"SearchAction","target":{"@type":"EntryPoint","urlTemplate":"https:\/\/wekab.com\/blog\/?s={search_term_string}"},"query-input":{"@type":"PropertyValueSpecification","valueRequired":true,"valueName":"search_term_string"}}],"inLanguage":"es"},{"@type":"Organization","@id":"https:\/\/wekab.com\/blog\/#organization","name":"WeKAb","url":"https:\/\/wekab.com\/blog\/","logo":{"@type":"ImageObject","inLanguage":"es","@id":"https:\/\/wekab.com\/blog\/#\/schema\/logo\/image\/","url":"https:\/\/wekab.com\/blog\/wp-content\/uploads\/2015\/04\/logo_0003_ConectConocimiento_white_320__120.png","contentUrl":"https:\/\/wekab.com\/blog\/wp-content\/uploads\/2015\/04\/logo_0003_ConectConocimiento_white_320__120.png","width":320,"height":120,"caption":"WeKAb"},"image":{"@id":"https:\/\/wekab.com\/blog\/#\/schema\/logo\/image\/"},"sameAs":["https:\/\/www.facebook.com\/WeKnowAbout\/","https:\/\/x.com\/wekab","https:\/\/www.linkedin.com\/company\/wekab","https:\/\/www.youtube.com\/user\/WeKnowAbout"]},{"@type":"Person","@id":"https:\/\/wekab.com\/blog\/#\/schema\/person\/1cd0f36e5e284e6b3d665e1cf3b4fd48","name":"David L\u00f3pez Bao","image":{"@type":"ImageObject","inLanguage":"es","@id":"https:\/\/wekab.com\/blog\/#\/schema\/person\/image\/","url":"https:\/\/wekab.com\/blog\/wp-content\/uploads\/2015\/04\/DLopez-6-96x96.jpg","contentUrl":"https:\/\/wekab.com\/blog\/wp-content\/uploads\/2015\/04\/DLopez-6-96x96.jpg","caption":"David L\u00f3pez Bao"},"description":"Llevo muchos a\u00f1os vinculado con la consultoria y gesti\u00f3n de proyectos formativos. Trabajo como consultor en la Fundaci\u00f3n Equipo Humano, con sede central en Valencia. Ejecutamos proyectos formativos, somos agencia de colocaci\u00f3n y tambi\u00e9n empresa de recolocaci\u00f3n. Tambi\u00e9n participamos en proyectos europeos en \u00e1reas de formaci\u00f3n, mejora de la empleabilidad e innovaci\u00f3n.","sameAs":["http:\/\/www.fundacionequipohumano.es","innovandoenrrhh","in\/davidlopezbao","https:\/\/x.com\/EquipoHumanoSL"],"url":"https:\/\/wekab.com\/blog\/author\/dlopez\/"}]}},"_links":{"self":[{"href":"https:\/\/wekab.com\/blog\/wp-json\/wp\/v2\/posts\/30","targetHints":{"allow":["GET"]}}],"collection":[{"href":"https:\/\/wekab.com\/blog\/wp-json\/wp\/v2\/posts"}],"about":[{"href":"https:\/\/wekab.com\/blog\/wp-json\/wp\/v2\/types\/post"}],"author":[{"embeddable":true,"href":"https:\/\/wekab.com\/blog\/wp-json\/wp\/v2\/users\/4"}],"replies":[{"embeddable":true,"href":"https:\/\/wekab.com\/blog\/wp-json\/wp\/v2\/comments?post=30"}],"version-history":[{"count":0,"href":"https:\/\/wekab.com\/blog\/wp-json\/wp\/v2\/posts\/30\/revisions"}],"wp:featuredmedia":[{"embeddable":true,"href":"https:\/\/wekab.com\/blog\/wp-json\/wp\/v2\/media\/1301"}],"wp:attachment":[{"href":"https:\/\/wekab.com\/blog\/wp-json\/wp\/v2\/media?parent=30"}],"wp:term":[{"taxonomy":"category","embeddable":true,"href":"https:\/\/wekab.com\/blog\/wp-json\/wp\/v2\/categories?post=30"},{"taxonomy":"post_tag","embeddable":true,"href":"https:\/\/wekab.com\/blog\/wp-json\/wp\/v2\/tags?post=30"}],"curies":[{"name":"wp","href":"https:\/\/api.w.org\/{rel}","templated":true}]}}