{"id":570,"date":"2017-03-25T16:58:36","date_gmt":"2017-03-25T15:58:36","guid":{"rendered":"http:\/\/wekab.com\/blog\/?p=570"},"modified":"2017-04-12T18:46:04","modified_gmt":"2017-04-12T17:46:04","slug":"nueva-convocatoria-de-afd-galicia-2017-2018","status":"publish","type":"post","link":"https:\/\/wekab.com\/blog\/nueva-convocatoria-de-afd-galicia-2017-2018\/","title":{"rendered":"Nueva convocatoria de AFD Galicia 2017-2018"},"content":{"rendered":"<p style=\"text-align: justify;\">El pasado viernes 24 de marzo el <a href=\"https:\/\/www.xunta.gal\/dog\/Publicados\/2017\/20170324\/AnuncioG0424-130317-0007_gl.html\" target=\"_blank\">DOG public\u00f3 la nueva convocatoria de\u00a0AFD Galicia 2017-2018<\/a> por la que se establecen las bases reguladoras y se procede a la convocatoria de subvenciones para los programas de formaci\u00f3n dirigidos especialmente a los trabajadores en situaci\u00f3n de desempleo dentro de la Comunidad Aut\u00f3noma de Galicia. Estas acciones conforman un pilar fundamental de las pol\u00edticas activas dentro de la Estrategia de empleo tanto a nivel europeo como estatal seg\u00fan el plan nacional de acci\u00f3n para el empleo.<\/p>\n<div id=\"ez-toc-container\" class=\"ez-toc-v2_0_74 counter-hierarchy ez-toc-counter ez-toc-custom ez-toc-container-direction\">\n<div class=\"ez-toc-title-container\">\n<p class=\"ez-toc-title\" style=\"cursor:inherit\">Tabla de contenidos<\/p>\n<span class=\"ez-toc-title-toggle\"><a href=\"#\" class=\"ez-toc-pull-right ez-toc-btn ez-toc-btn-xs ez-toc-btn-default ez-toc-toggle\" aria-label=\"Alternar tabla de contenidos\"><span class=\"ez-toc-js-icon-con\"><span class=\"\"><span class=\"eztoc-hide\" style=\"display:none;\">Toggle<\/span><span class=\"ez-toc-icon-toggle-span\"><svg style=\"fill: #999;color:#999\" xmlns=\"http:\/\/www.w3.org\/2000\/svg\" class=\"list-377408\" width=\"20px\" height=\"20px\" viewBox=\"0 0 24 24\" fill=\"none\"><path d=\"M6 6H4v2h2V6zm14 0H8v2h12V6zM4 11h2v2H4v-2zm16 0H8v2h12v-2zM4 16h2v2H4v-2zm16 0H8v2h12v-2z\" fill=\"currentColor\"><\/path><\/svg><svg style=\"fill: #999;color:#999\" class=\"arrow-unsorted-368013\" xmlns=\"http:\/\/www.w3.org\/2000\/svg\" width=\"10px\" height=\"10px\" viewBox=\"0 0 24 24\" version=\"1.2\" baseProfile=\"tiny\"><path d=\"M18.2 9.3l-6.2-6.3-6.2 6.3c-.2.2-.3.4-.3.7s.1.5.3.7c.2.2.4.3.7.3h11c.3 0 .5-.1.7-.3.2-.2.3-.5.3-.7s-.1-.5-.3-.7zM5.8 14.7l6.2 6.3 6.2-6.3c.2-.2.3-.5.3-.7s-.1-.5-.3-.7c-.2-.2-.4-.3-.7-.3h-11c-.3 0-.5.1-.7.3-.2.2-.3.5-.3.7s.1.5.3.7z\"\/><\/svg><\/span><\/span><\/span><\/a><\/span><\/div>\n<nav><ul class='ez-toc-list ez-toc-list-level-1 eztoc-toggle-hide-by-default' ><li class='ez-toc-page-1 ez-toc-heading-level-2'><a class=\"ez-toc-link ez-toc-heading-1\" href=\"https:\/\/wekab.com\/blog\/nueva-convocatoria-de-afd-galicia-2017-2018\/#Novedades_de_la_nueva_convocatoria_de_AFD_Galicia_2017-2018\" >Novedades de la nueva convocatoria de AFD Galicia 2017-2018<\/a><ul class='ez-toc-list-level-3' ><li class='ez-toc-heading-level-3'><a class=\"ez-toc-link ez-toc-heading-2\" href=\"https:\/\/wekab.com\/blog\/nueva-convocatoria-de-afd-galicia-2017-2018\/#1_Adaptacion_del_proceso_administrativo_a_las_administraciones_publicas\" >1. Adaptaci\u00f3n del proceso administrativo a las administraciones p\u00fablicas<\/a><\/li><li class='ez-toc-page-1 ez-toc-heading-level-3'><a class=\"ez-toc-link ez-toc-heading-3\" href=\"https:\/\/wekab.com\/blog\/nueva-convocatoria-de-afd-galicia-2017-2018\/#2_El_caracter_bianual_que_presenta_la_orden_de_ayudas_publicas\" >2. El car\u00e1cter bianual que presenta la orden de ayudas p\u00fablicas<\/a><\/li><li class='ez-toc-page-1 ez-toc-heading-level-3'><a class=\"ez-toc-link ez-toc-heading-4\" href=\"https:\/\/wekab.com\/blog\/nueva-convocatoria-de-afd-galicia-2017-2018\/#3_Mayor_flexibilidad_en_la_planificacion_de_acciones_formativas\" >3. Mayor flexibilidad en la planificaci\u00f3n de acciones formativas<\/a><\/li><li class='ez-toc-page-1 ez-toc-heading-level-3'><a class=\"ez-toc-link ez-toc-heading-5\" href=\"https:\/\/wekab.com\/blog\/nueva-convocatoria-de-afd-galicia-2017-2018\/#4_Reserva_de_credito_para_solicitar_financiacion_de_las_acciones_formativas\" >4. Reserva de cr\u00e9dito para solicitar financiaci\u00f3n de\u00a0las acciones formativas<\/a><\/li><li class='ez-toc-page-1 ez-toc-heading-level-3'><a class=\"ez-toc-link ez-toc-heading-6\" href=\"https:\/\/wekab.com\/blog\/nueva-convocatoria-de-afd-galicia-2017-2018\/#5_Se_establece_la_posibilidad_de_conceder_pagos_al_contado_y_anticipos_de_hasta_el_60_de_la_subvencion_concedida\" >5. Se establece la posibilidad de conceder pagos al contado y anticipos de hasta el 60% de la subvenci\u00f3n concedida<\/a><\/li><li class='ez-toc-page-1 ez-toc-heading-level-3'><a class=\"ez-toc-link ez-toc-heading-7\" href=\"https:\/\/wekab.com\/blog\/nueva-convocatoria-de-afd-galicia-2017-2018\/#6_Novedades_en_la_concurrencia_competitiva\" >6. Novedades en la concurrencia competitiva<\/a><\/li><\/ul><\/li><li class='ez-toc-page-1 ez-toc-heading-level-2'><a class=\"ez-toc-link ez-toc-heading-8\" href=\"https:\/\/wekab.com\/blog\/nueva-convocatoria-de-afd-galicia-2017-2018\/#Mayor_flexibilidad_y_duracion\" >Mayor flexibilidad y duraci\u00f3n<\/a><\/li><\/ul><\/nav><\/div>\n<h2><span class=\"ez-toc-section\" id=\"Novedades_de_la_nueva_convocatoria_de_AFD_Galicia_2017-2018\"><\/span><strong>Novedades de la nueva convocatoria de AFD Galicia 2017-2018<\/strong><span class=\"ez-toc-section-end\"><\/span><\/h2>\n<p>Respecto a la convocatoria anterior, el nuevo plan AFD\u00a0(Acciones Formativas para Desempleados) realiza una serie de modificaciones tales como:<\/p>\n<h3><span class=\"ez-toc-section\" id=\"1_Adaptacion_del_proceso_administrativo_a_las_administraciones_publicas\"><\/span>1. Adaptaci\u00f3n del proceso administrativo a las administraciones p\u00fablicas<span class=\"ez-toc-section-end\"><\/span><\/h3>\n<p>Se determina de este modo las fases del uso generalizado de medios electr\u00f3nicos. Igualmente, se establecen la regulaci\u00f3n del expediente administrativo, su formato electr\u00f3nico y los respectivos documentos a integrar en el.<\/p>\n<h3><span class=\"ez-toc-section\" id=\"2_El_caracter_bianual_que_presenta_la_orden_de_ayudas_publicas\"><\/span>2. El car\u00e1cter bianual que presenta la orden de ayudas p\u00fablicas<span class=\"ez-toc-section-end\"><\/span><\/h3>\n<p>Posibilita la realizaci\u00f3n de acciones formativas m\u00e1s complejas y con un mayor per\u00edodo de duraci\u00f3n. Dichas acciones proporcionan una formaci\u00f3n m\u00e1s completa, aumentando as\u00ed las competencias profesionales de las personas y generando a la vez mayores posibilidades de contrataci\u00f3n.<\/p>\n<h3><span class=\"ez-toc-section\" id=\"3_Mayor_flexibilidad_en_la_planificacion_de_acciones_formativas\"><\/span>3. Mayor flexibilidad en la planificaci\u00f3n de acciones formativas<span class=\"ez-toc-section-end\"><\/span><\/h3>\n<p>Prolongar la ejecuci\u00f3n de tales acciones por dos ejercicios presupuestarios m\u00e1s. Tambi\u00e9n permite excluir los per\u00edodos estivales y aquellos en los que la asistencia a los programas formativos puede resultar m\u00e1s costosa.<\/p>\n<h3><span class=\"ez-toc-section\" id=\"4_Reserva_de_credito_para_solicitar_financiacion_de_las_acciones_formativas\"><\/span>4. Reserva de cr\u00e9dito para solicitar financiaci\u00f3n de\u00a0las acciones formativas<span class=\"ez-toc-section-end\"><\/span><\/h3>\n<p>Igualmente, se establece una reserva de cr\u00e9dito para solicitar la financiaci\u00f3n de las acciones formativas en competencias clave, teniendo en cuenta la importancia que cobra facilitar el acceso a la formaci\u00f3n con certificados profesionales.<\/p>\n<h3><span class=\"ez-toc-section\" id=\"5_Se_establece_la_posibilidad_de_conceder_pagos_al_contado_y_anticipos_de_hasta_el_60_de_la_subvencion_concedida\"><\/span>5. Se establece la posibilidad de conceder pagos al contado y anticipos de hasta el 60% de la subvenci\u00f3n concedida<span class=\"ez-toc-section-end\"><\/span><\/h3>\n<p>Esta medida\u00a0permite atender a las necesidades de financiaci\u00f3n que requieren las entidades formativas y les da\u00a0la solvencia necesaria para desarrollar adecuadamente las acciones formativas objeto de la subvenci\u00f3n.<\/p>\n<h3><span class=\"ez-toc-section\" id=\"6_Novedades_en_la_concurrencia_competitiva\"><\/span>6. Novedades en la concurrencia competitiva<span class=\"ez-toc-section-end\"><\/span><\/h3>\n<p>Se establecen nuevos criterios para valorar las\u00a0solicitudes de las entidades formativas, de acuerdo con el porcentaje de inserciones. Se dar\u00e1 prioridad a la consecuci\u00f3n de los objetivos establecidos y la correcta ejecuci\u00f3n de los anteriores planes AFD.<\/p>\n<h2><span class=\"ez-toc-section\" id=\"Mayor_flexibilidad_y_duracion\"><\/span>Mayor flexibilidad y duraci\u00f3n<span class=\"ez-toc-section-end\"><\/span><\/h2>\n<p>A modo de resumen, una mayor flexibilidad y duraci\u00f3n de los programas formativos son las principales\u00a0novedades que presenta el nuevo plan AFD de Galicia 2017-2018.<\/p>\n<p>Recuerda que puedes encontrar m\u00e1s art\u00edculos como este en nuestro <a href=\"http:\/\/wekab.com\/index.php\">Blog<\/a><\/p>\n","protected":false},"excerpt":{"rendered":"<p>El pasado viernes 24 de marzo el DOG public\u00f3 la nueva convocatoria de\u00a0AFD Galicia 2017-2018 por la que se establecen las bases reguladoras y se procede a la convocatoria de subvenciones para los programas de formaci\u00f3n dirigidos especialmente a los trabajadores en situaci\u00f3n de desempleo dentro de la Comunidad Aut\u00f3noma de Galicia. Estas acciones conforman&#8230;<\/p>\n","protected":false},"author":2,"featured_media":599,"comment_status":"open","ping_status":"open","sticky":false,"template":"","format":"standard","meta":{"_kad_post_transparent":"","_kad_post_title":"","_kad_post_layout":"","_kad_post_sidebar_id":"","_kad_post_content_style":"","_kad_post_vertical_padding":"","_kad_post_feature":"","_kad_post_feature_position":"","_kad_post_header":false,"_kad_post_footer":false,"footnotes":""},"categories":[181],"tags":[164,162,67,183,2,27,31,163,73],"class_list":["post-570","post","type-post","status-publish","format-standard","has-post-thumbnail","hentry","category-formacion-para-el-empleo-gestion-de-la-formacion","tag-acciones-formativas","tag-convocatoria-afd-galicia-2017-2018","tag-docencia-de-formacion-para-el-empleo","tag-dog","tag-empleo","tag-entidad-formadora","tag-formacion","tag-formacion-en-galicia","tag-formacion-ocupacional"],"yoast_head":"<!-- This site is optimized with the Yoast SEO plugin v25.2 - https:\/\/yoast.com\/wordpress\/plugins\/seo\/ -->\n<title>Nueva convocatoria de AFD Galicia 2017-2018 - El Blog de WeKAb<\/title>\n<meta name=\"description\" content=\"Publicada la nueva convocatoria de AFD Galicia 2017-2018 en el DOGA. Programas de formaci\u00f3n dirigidos a trabajadores desempleados en la CA de Galicia\" \/>\n<meta name=\"robots\" content=\"index, follow, max-snippet:-1, max-image-preview:large, max-video-preview:-1\" \/>\n<link rel=\"canonical\" href=\"https:\/\/wekab.com\/blog\/nueva-convocatoria-de-afd-galicia-2017-2018\/\" \/>\n<meta property=\"og:locale\" content=\"es_ES\" \/>\n<meta property=\"og:type\" content=\"article\" \/>\n<meta property=\"og:title\" content=\"Nueva convocatoria de AFD Galicia 2017-2018 - El Blog de WeKAb\" \/>\n<meta property=\"og:description\" content=\"Publicada la nueva convocatoria de AFD Galicia 2017-2018 en el DOGA. Programas de formaci\u00f3n dirigidos a trabajadores desempleados en la CA de Galicia\" \/>\n<meta property=\"og:url\" content=\"https:\/\/wekab.com\/blog\/nueva-convocatoria-de-afd-galicia-2017-2018\/\" \/>\n<meta property=\"og:site_name\" content=\"El Blog de WeKAb\" \/>\n<meta property=\"article:publisher\" content=\"https:\/\/www.facebook.com\/WeKnowAbout\/\" \/>\n<meta property=\"article:author\" content=\"www.facebook.com\/weknowabout\" \/>\n<meta property=\"article:published_time\" content=\"2017-03-25T15:58:36+00:00\" \/>\n<meta property=\"article:modified_time\" content=\"2017-04-12T17:46:04+00:00\" \/>\n<meta property=\"og:image\" content=\"https:\/\/wekab.com\/blog\/wp-content\/uploads\/2017\/03\/nueva-convocatoria-de-AFD-Galicia-2017-2018png.png\" \/>\n\t<meta property=\"og:image:width\" content=\"560\" \/>\n\t<meta property=\"og:image:height\" content=\"315\" \/>\n\t<meta property=\"og:image:type\" content=\"image\/png\" \/>\n<meta name=\"author\" content=\"WeKAb\" \/>\n<meta name=\"twitter:card\" content=\"summary_large_image\" \/>\n<meta name=\"twitter:creator\" content=\"@https:\/\/twitter.com\/WeKAb\" \/>\n<meta name=\"twitter:site\" content=\"@wekab\" \/>\n<meta name=\"twitter:label1\" content=\"Escrito por\" \/>\n\t<meta name=\"twitter:data1\" content=\"WeKAb\" \/>\n\t<meta name=\"twitter:label2\" content=\"Tiempo de lectura\" \/>\n\t<meta name=\"twitter:data2\" content=\"2 minutos\" \/>\n<script type=\"application\/ld+json\" class=\"yoast-schema-graph\">{\"@context\":\"https:\/\/schema.org\",\"@graph\":[{\"@type\":\"Article\",\"@id\":\"https:\/\/wekab.com\/blog\/nueva-convocatoria-de-afd-galicia-2017-2018\/#article\",\"isPartOf\":{\"@id\":\"https:\/\/wekab.com\/blog\/nueva-convocatoria-de-afd-galicia-2017-2018\/\"},\"author\":{\"name\":\"WeKAb\",\"@id\":\"https:\/\/wekab.com\/blog\/#\/schema\/person\/4549c377f58dfe2e7c89ee9fe7b524e2\"},\"headline\":\"Nueva convocatoria de AFD Galicia 2017-2018\",\"datePublished\":\"2017-03-25T15:58:36+00:00\",\"dateModified\":\"2017-04-12T17:46:04+00:00\",\"mainEntityOfPage\":{\"@id\":\"https:\/\/wekab.com\/blog\/nueva-convocatoria-de-afd-galicia-2017-2018\/\"},\"wordCount\":463,\"commentCount\":0,\"publisher\":{\"@id\":\"https:\/\/wekab.com\/blog\/#organization\"},\"image\":{\"@id\":\"https:\/\/wekab.com\/blog\/nueva-convocatoria-de-afd-galicia-2017-2018\/#primaryimage\"},\"thumbnailUrl\":\"https:\/\/wekab.com\/blog\/wp-content\/uploads\/2017\/03\/nueva-convocatoria-de-AFD-Galicia-2017-2018png.png\",\"keywords\":[\"acciones formativas\",\"Convocatoria AFD Galicia 2017-2018\",\"docencia de formaci\u00f3n para el empleo\",\"DOG\",\"empleo\",\"entidad formadora\",\"formaci\u00f3n\",\"formaci\u00f3n en galicia\",\"formaci\u00f3n ocupacional\"],\"articleSection\":[\"Formaci\u00f3n para el empleo\"],\"inLanguage\":\"es\",\"potentialAction\":[{\"@type\":\"CommentAction\",\"name\":\"Comment\",\"target\":[\"https:\/\/wekab.com\/blog\/nueva-convocatoria-de-afd-galicia-2017-2018\/#respond\"]}]},{\"@type\":\"WebPage\",\"@id\":\"https:\/\/wekab.com\/blog\/nueva-convocatoria-de-afd-galicia-2017-2018\/\",\"url\":\"https:\/\/wekab.com\/blog\/nueva-convocatoria-de-afd-galicia-2017-2018\/\",\"name\":\"Nueva convocatoria de AFD Galicia 2017-2018 - El Blog de WeKAb\",\"isPartOf\":{\"@id\":\"https:\/\/wekab.com\/blog\/#website\"},\"primaryImageOfPage\":{\"@id\":\"https:\/\/wekab.com\/blog\/nueva-convocatoria-de-afd-galicia-2017-2018\/#primaryimage\"},\"image\":{\"@id\":\"https:\/\/wekab.com\/blog\/nueva-convocatoria-de-afd-galicia-2017-2018\/#primaryimage\"},\"thumbnailUrl\":\"https:\/\/wekab.com\/blog\/wp-content\/uploads\/2017\/03\/nueva-convocatoria-de-AFD-Galicia-2017-2018png.png\",\"datePublished\":\"2017-03-25T15:58:36+00:00\",\"dateModified\":\"2017-04-12T17:46:04+00:00\",\"description\":\"Publicada la nueva convocatoria de AFD Galicia 2017-2018 en el DOGA. Programas de formaci\u00f3n dirigidos a trabajadores desempleados en la CA de Galicia\",\"breadcrumb\":{\"@id\":\"https:\/\/wekab.com\/blog\/nueva-convocatoria-de-afd-galicia-2017-2018\/#breadcrumb\"},\"inLanguage\":\"es\",\"potentialAction\":[{\"@type\":\"ReadAction\",\"target\":[\"https:\/\/wekab.com\/blog\/nueva-convocatoria-de-afd-galicia-2017-2018\/\"]}]},{\"@type\":\"ImageObject\",\"inLanguage\":\"es\",\"@id\":\"https:\/\/wekab.com\/blog\/nueva-convocatoria-de-afd-galicia-2017-2018\/#primaryimage\",\"url\":\"https:\/\/wekab.com\/blog\/wp-content\/uploads\/2017\/03\/nueva-convocatoria-de-AFD-Galicia-2017-2018png.png\",\"contentUrl\":\"https:\/\/wekab.com\/blog\/wp-content\/uploads\/2017\/03\/nueva-convocatoria-de-AFD-Galicia-2017-2018png.png\",\"width\":560,\"height\":315,\"caption\":\"Nueva convocatoria de AFD Galicia 2017-2018\"},{\"@type\":\"BreadcrumbList\",\"@id\":\"https:\/\/wekab.com\/blog\/nueva-convocatoria-de-afd-galicia-2017-2018\/#breadcrumb\",\"itemListElement\":[{\"@type\":\"ListItem\",\"position\":1,\"name\":\"Portada\",\"item\":\"https:\/\/wekab.com\/blog\/\"},{\"@type\":\"ListItem\",\"position\":2,\"name\":\"Gesti\u00f3n de la formaci\u00f3n\",\"item\":\"https:\/\/wekab.com\/blog\/category\/gestion-de-la-formacion\/\"},{\"@type\":\"ListItem\",\"position\":3,\"name\":\"Formaci\u00f3n para el empleo\",\"item\":\"https:\/\/wekab.com\/blog\/category\/gestion-de-la-formacion\/formacion-para-el-empleo-gestion-de-la-formacion\/\"},{\"@type\":\"ListItem\",\"position\":4,\"name\":\"Nueva convocatoria de AFD Galicia 2017-2018\"}]},{\"@type\":\"WebSite\",\"@id\":\"https:\/\/wekab.com\/blog\/#website\",\"url\":\"https:\/\/wekab.com\/blog\/\",\"name\":\"El Blog de WeKAb\",\"description\":\"Trabajo para formadores\",\"publisher\":{\"@id\":\"https:\/\/wekab.com\/blog\/#organization\"},\"potentialAction\":[{\"@type\":\"SearchAction\",\"target\":{\"@type\":\"EntryPoint\",\"urlTemplate\":\"https:\/\/wekab.com\/blog\/?s={search_term_string}\"},\"query-input\":{\"@type\":\"PropertyValueSpecification\",\"valueRequired\":true,\"valueName\":\"search_term_string\"}}],\"inLanguage\":\"es\"},{\"@type\":\"Organization\",\"@id\":\"https:\/\/wekab.com\/blog\/#organization\",\"name\":\"WeKAb\",\"url\":\"https:\/\/wekab.com\/blog\/\",\"logo\":{\"@type\":\"ImageObject\",\"inLanguage\":\"es\",\"@id\":\"https:\/\/wekab.com\/blog\/#\/schema\/logo\/image\/\",\"url\":\"https:\/\/wekab.com\/blog\/wp-content\/uploads\/2015\/04\/logo_0003_ConectConocimiento_white_320__120.png\",\"contentUrl\":\"https:\/\/wekab.com\/blog\/wp-content\/uploads\/2015\/04\/logo_0003_ConectConocimiento_white_320__120.png\",\"width\":320,\"height\":120,\"caption\":\"WeKAb\"},\"image\":{\"@id\":\"https:\/\/wekab.com\/blog\/#\/schema\/logo\/image\/\"},\"sameAs\":[\"https:\/\/www.facebook.com\/WeKnowAbout\/\",\"https:\/\/x.com\/wekab\",\"https:\/\/www.linkedin.com\/company\/wekab\",\"https:\/\/www.youtube.com\/user\/WeKnowAbout\"]},{\"@type\":\"Person\",\"@id\":\"https:\/\/wekab.com\/blog\/#\/schema\/person\/4549c377f58dfe2e7c89ee9fe7b524e2\",\"name\":\"WeKAb\",\"image\":{\"@type\":\"ImageObject\",\"inLanguage\":\"es\",\"@id\":\"https:\/\/wekab.com\/blog\/#\/schema\/person\/image\/\",\"url\":\"https:\/\/secure.gravatar.com\/avatar\/1683069b8479db2ab50e72c0866b4ae05544a7061daba4f941ae697f8925a319?s=96&d=mm&r=g\",\"contentUrl\":\"https:\/\/secure.gravatar.com\/avatar\/1683069b8479db2ab50e72c0866b4ae05544a7061daba4f941ae697f8925a319?s=96&d=mm&r=g\",\"caption\":\"WeKAb\"},\"sameAs\":[\"http:\/\/www.wekab.com\",\"www.facebook.com\/weknowabout\",\"https:\/\/www.linkedin.com\/company\/wekab\",\"https:\/\/x.com\/https:\/\/twitter.com\/WeKAb\",\"https:\/\/www.youtube.com\/user\/WeKnowAbout\"],\"url\":\"https:\/\/wekab.com\/blog\/author\/wekab\/\"}]}<\/script>\n<!-- \/ Yoast SEO plugin. -->","yoast_head_json":{"title":"Nueva convocatoria de AFD Galicia 2017-2018 - El Blog de WeKAb","description":"Publicada la nueva convocatoria de AFD Galicia 2017-2018 en el DOGA. Programas de formaci\u00f3n dirigidos a trabajadores desempleados en la CA de Galicia","robots":{"index":"index","follow":"follow","max-snippet":"max-snippet:-1","max-image-preview":"max-image-preview:large","max-video-preview":"max-video-preview:-1"},"canonical":"https:\/\/wekab.com\/blog\/nueva-convocatoria-de-afd-galicia-2017-2018\/","og_locale":"es_ES","og_type":"article","og_title":"Nueva convocatoria de AFD Galicia 2017-2018 - El Blog de WeKAb","og_description":"Publicada la nueva convocatoria de AFD Galicia 2017-2018 en el DOGA. Programas de formaci\u00f3n dirigidos a trabajadores desempleados en la CA de Galicia","og_url":"https:\/\/wekab.com\/blog\/nueva-convocatoria-de-afd-galicia-2017-2018\/","og_site_name":"El Blog de WeKAb","article_publisher":"https:\/\/www.facebook.com\/WeKnowAbout\/","article_author":"www.facebook.com\/weknowabout","article_published_time":"2017-03-25T15:58:36+00:00","article_modified_time":"2017-04-12T17:46:04+00:00","og_image":[{"width":560,"height":315,"url":"https:\/\/wekab.com\/blog\/wp-content\/uploads\/2017\/03\/nueva-convocatoria-de-AFD-Galicia-2017-2018png.png","type":"image\/png"}],"author":"WeKAb","twitter_card":"summary_large_image","twitter_creator":"@https:\/\/twitter.com\/WeKAb","twitter_site":"@wekab","twitter_misc":{"Escrito por":"WeKAb","Tiempo de lectura":"2 minutos"},"schema":{"@context":"https:\/\/schema.org","@graph":[{"@type":"Article","@id":"https:\/\/wekab.com\/blog\/nueva-convocatoria-de-afd-galicia-2017-2018\/#article","isPartOf":{"@id":"https:\/\/wekab.com\/blog\/nueva-convocatoria-de-afd-galicia-2017-2018\/"},"author":{"name":"WeKAb","@id":"https:\/\/wekab.com\/blog\/#\/schema\/person\/4549c377f58dfe2e7c89ee9fe7b524e2"},"headline":"Nueva convocatoria de AFD Galicia 2017-2018","datePublished":"2017-03-25T15:58:36+00:00","dateModified":"2017-04-12T17:46:04+00:00","mainEntityOfPage":{"@id":"https:\/\/wekab.com\/blog\/nueva-convocatoria-de-afd-galicia-2017-2018\/"},"wordCount":463,"commentCount":0,"publisher":{"@id":"https:\/\/wekab.com\/blog\/#organization"},"image":{"@id":"https:\/\/wekab.com\/blog\/nueva-convocatoria-de-afd-galicia-2017-2018\/#primaryimage"},"thumbnailUrl":"https:\/\/wekab.com\/blog\/wp-content\/uploads\/2017\/03\/nueva-convocatoria-de-AFD-Galicia-2017-2018png.png","keywords":["acciones formativas","Convocatoria AFD Galicia 2017-2018","docencia de formaci\u00f3n para el empleo","DOG","empleo","entidad formadora","formaci\u00f3n","formaci\u00f3n en galicia","formaci\u00f3n ocupacional"],"articleSection":["Formaci\u00f3n para el empleo"],"inLanguage":"es","potentialAction":[{"@type":"CommentAction","name":"Comment","target":["https:\/\/wekab.com\/blog\/nueva-convocatoria-de-afd-galicia-2017-2018\/#respond"]}]},{"@type":"WebPage","@id":"https:\/\/wekab.com\/blog\/nueva-convocatoria-de-afd-galicia-2017-2018\/","url":"https:\/\/wekab.com\/blog\/nueva-convocatoria-de-afd-galicia-2017-2018\/","name":"Nueva convocatoria de AFD Galicia 2017-2018 - El Blog de WeKAb","isPartOf":{"@id":"https:\/\/wekab.com\/blog\/#website"},"primaryImageOfPage":{"@id":"https:\/\/wekab.com\/blog\/nueva-convocatoria-de-afd-galicia-2017-2018\/#primaryimage"},"image":{"@id":"https:\/\/wekab.com\/blog\/nueva-convocatoria-de-afd-galicia-2017-2018\/#primaryimage"},"thumbnailUrl":"https:\/\/wekab.com\/blog\/wp-content\/uploads\/2017\/03\/nueva-convocatoria-de-AFD-Galicia-2017-2018png.png","datePublished":"2017-03-25T15:58:36+00:00","dateModified":"2017-04-12T17:46:04+00:00","description":"Publicada la nueva convocatoria de AFD Galicia 2017-2018 en el DOGA. Programas de formaci\u00f3n dirigidos a trabajadores desempleados en la CA de Galicia","breadcrumb":{"@id":"https:\/\/wekab.com\/blog\/nueva-convocatoria-de-afd-galicia-2017-2018\/#breadcrumb"},"inLanguage":"es","potentialAction":[{"@type":"ReadAction","target":["https:\/\/wekab.com\/blog\/nueva-convocatoria-de-afd-galicia-2017-2018\/"]}]},{"@type":"ImageObject","inLanguage":"es","@id":"https:\/\/wekab.com\/blog\/nueva-convocatoria-de-afd-galicia-2017-2018\/#primaryimage","url":"https:\/\/wekab.com\/blog\/wp-content\/uploads\/2017\/03\/nueva-convocatoria-de-AFD-Galicia-2017-2018png.png","contentUrl":"https:\/\/wekab.com\/blog\/wp-content\/uploads\/2017\/03\/nueva-convocatoria-de-AFD-Galicia-2017-2018png.png","width":560,"height":315,"caption":"Nueva convocatoria de AFD Galicia 2017-2018"},{"@type":"BreadcrumbList","@id":"https:\/\/wekab.com\/blog\/nueva-convocatoria-de-afd-galicia-2017-2018\/#breadcrumb","itemListElement":[{"@type":"ListItem","position":1,"name":"Portada","item":"https:\/\/wekab.com\/blog\/"},{"@type":"ListItem","position":2,"name":"Gesti\u00f3n de la formaci\u00f3n","item":"https:\/\/wekab.com\/blog\/category\/gestion-de-la-formacion\/"},{"@type":"ListItem","position":3,"name":"Formaci\u00f3n para el empleo","item":"https:\/\/wekab.com\/blog\/category\/gestion-de-la-formacion\/formacion-para-el-empleo-gestion-de-la-formacion\/"},{"@type":"ListItem","position":4,"name":"Nueva convocatoria de AFD Galicia 2017-2018"}]},{"@type":"WebSite","@id":"https:\/\/wekab.com\/blog\/#website","url":"https:\/\/wekab.com\/blog\/","name":"El Blog de WeKAb","description":"Trabajo para formadores","publisher":{"@id":"https:\/\/wekab.com\/blog\/#organization"},"potentialAction":[{"@type":"SearchAction","target":{"@type":"EntryPoint","urlTemplate":"https:\/\/wekab.com\/blog\/?s={search_term_string}"},"query-input":{"@type":"PropertyValueSpecification","valueRequired":true,"valueName":"search_term_string"}}],"inLanguage":"es"},{"@type":"Organization","@id":"https:\/\/wekab.com\/blog\/#organization","name":"WeKAb","url":"https:\/\/wekab.com\/blog\/","logo":{"@type":"ImageObject","inLanguage":"es","@id":"https:\/\/wekab.com\/blog\/#\/schema\/logo\/image\/","url":"https:\/\/wekab.com\/blog\/wp-content\/uploads\/2015\/04\/logo_0003_ConectConocimiento_white_320__120.png","contentUrl":"https:\/\/wekab.com\/blog\/wp-content\/uploads\/2015\/04\/logo_0003_ConectConocimiento_white_320__120.png","width":320,"height":120,"caption":"WeKAb"},"image":{"@id":"https:\/\/wekab.com\/blog\/#\/schema\/logo\/image\/"},"sameAs":["https:\/\/www.facebook.com\/WeKnowAbout\/","https:\/\/x.com\/wekab","https:\/\/www.linkedin.com\/company\/wekab","https:\/\/www.youtube.com\/user\/WeKnowAbout"]},{"@type":"Person","@id":"https:\/\/wekab.com\/blog\/#\/schema\/person\/4549c377f58dfe2e7c89ee9fe7b524e2","name":"WeKAb","image":{"@type":"ImageObject","inLanguage":"es","@id":"https:\/\/wekab.com\/blog\/#\/schema\/person\/image\/","url":"https:\/\/secure.gravatar.com\/avatar\/1683069b8479db2ab50e72c0866b4ae05544a7061daba4f941ae697f8925a319?s=96&d=mm&r=g","contentUrl":"https:\/\/secure.gravatar.com\/avatar\/1683069b8479db2ab50e72c0866b4ae05544a7061daba4f941ae697f8925a319?s=96&d=mm&r=g","caption":"WeKAb"},"sameAs":["http:\/\/www.wekab.com","www.facebook.com\/weknowabout","https:\/\/www.linkedin.com\/company\/wekab","https:\/\/x.com\/https:\/\/twitter.com\/WeKAb","https:\/\/www.youtube.com\/user\/WeKnowAbout"],"url":"https:\/\/wekab.com\/blog\/author\/wekab\/"}]}},"_links":{"self":[{"href":"https:\/\/wekab.com\/blog\/wp-json\/wp\/v2\/posts\/570","targetHints":{"allow":["GET"]}}],"collection":[{"href":"https:\/\/wekab.com\/blog\/wp-json\/wp\/v2\/posts"}],"about":[{"href":"https:\/\/wekab.com\/blog\/wp-json\/wp\/v2\/types\/post"}],"author":[{"embeddable":true,"href":"https:\/\/wekab.com\/blog\/wp-json\/wp\/v2\/users\/2"}],"replies":[{"embeddable":true,"href":"https:\/\/wekab.com\/blog\/wp-json\/wp\/v2\/comments?post=570"}],"version-history":[{"count":0,"href":"https:\/\/wekab.com\/blog\/wp-json\/wp\/v2\/posts\/570\/revisions"}],"wp:featuredmedia":[{"embeddable":true,"href":"https:\/\/wekab.com\/blog\/wp-json\/wp\/v2\/media\/599"}],"wp:attachment":[{"href":"https:\/\/wekab.com\/blog\/wp-json\/wp\/v2\/media?parent=570"}],"wp:term":[{"taxonomy":"category","embeddable":true,"href":"https:\/\/wekab.com\/blog\/wp-json\/wp\/v2\/categories?post=570"},{"taxonomy":"post_tag","embeddable":true,"href":"https:\/\/wekab.com\/blog\/wp-json\/wp\/v2\/tags?post=570"}],"curies":[{"name":"wp","href":"https:\/\/api.w.org\/{rel}","templated":true}]}}