{"id":696,"date":"2017-08-20T10:40:37","date_gmt":"2017-08-20T09:40:37","guid":{"rendered":"http:\/\/wekab.com\/blog\/?p=696"},"modified":"2017-08-28T15:02:55","modified_gmt":"2017-08-28T14:02:55","slug":"se-busca-inquiet-conocimientos-marketing-comunicacion","status":"publish","type":"post","link":"https:\/\/wekab.com\/blog\/se-busca-inquiet-conocimientos-marketing-comunicacion\/","title":{"rendered":"\u00a1Se busca inquiet@ con conocimientos de marketing y comunicaci\u00f3n!"},"content":{"rendered":"<p>Estamos creciendo&#8230; y necesitamos contar con personas con iniciativa, con esp\u00edritu emprendedor, que disfruten con los retos, para ayudarnos a hacer de WeKAb un proyecto de referencia en el \u00e1mbito de la formaci\u00f3n para el empleo o lifelong learning.<\/p>\n<p>Si adem\u00e1s de estas cualidades, tienes conocimientos de <strong>marketing digital y comunicaci\u00f3n<\/strong>, has finalizado tus estudios oficiales hace menos de tres a\u00f1os, tienes un buen nivel de <strong>ingl\u00e9s<\/strong> y vives o quieres vivir en <strong>A Coru\u00f1a<\/strong>&#8230;\u00a0\u00a1nos gustar\u00eda conocerte!<\/p>\n<p>Tras el proceso de selecci\u00f3n, \u00abel inquiet@\u00bb seleccionad@ empezar\u00e1 a trabajar en septiembre con nosotros a tiempo completo a trav\u00e9s de una beca de pr\u00e1cticas remuneradas. Finalizada la misma, tenemos la intenci\u00f3n de incorporarlo al equipo de www.WeKAb.com de forma permanente.<\/p>\n<p>Por favor, <strong>NO nos env\u00edes tu CV si&#8230;<\/strong><\/p>\n<ul>\n<li>&#8230; eres de los que va con su padre o madre a las entrevistas<\/li>\n<li>&#8230; aspiras a trabajar como funcionario<\/li>\n<li>&#8230; no te adaptas f\u00e1cilmente a los cambios<\/li>\n<li>&#8230; no soportas la incertidumbre<\/li>\n<\/ul>\n<p>No somos como las empresas tradicionales y por ello no debes esperar un \u00abpuesto tradicional\u00bb, as\u00ed que <strong>presenta tu candidatura solamente si cumples con el perfil indicado y con al menos dos de estos requisitos&#8230;<\/strong><\/p>\n<ul>\n<li>&#8230; te gustar\u00eda tener tu propia empresa<\/li>\n<li>&#8230; tienes una buena capacidad para el autoaprendizaje<\/li>\n<li>&#8230; quieres aprender haciendo<\/li>\n<li>&#8230; te adaptas y asumes f\u00e1cilmente a los cambios<\/li>\n<\/ul>\n<p>Si quiz\u00e1s has le\u00eddo esto, y no es para ti, pero conoces a quien pudiese encajar&#8230; \u00a1h\u00e1zselo llegar!<\/p>\n","protected":false},"excerpt":{"rendered":"<p>Estamos creciendo&#8230; y necesitamos contar con personas con iniciativa, con esp\u00edritu emprendedor, que disfruten con los retos, para ayudarnos a hacer de WeKAb un proyecto de referencia en el \u00e1mbito de la formaci\u00f3n para el empleo o lifelong learning. Si adem\u00e1s de estas cualidades, tienes conocimientos de marketing digital y comunicaci\u00f3n, has finalizado tus estudios&#8230;<\/p>\n","protected":false},"author":3,"featured_media":701,"comment_status":"open","ping_status":"open","sticky":false,"template":"","format":"standard","meta":{"_kad_post_transparent":"","_kad_post_title":"","_kad_post_layout":"","_kad_post_sidebar_id":"","_kad_post_content_style":"","_kad_post_vertical_padding":"","_kad_post_feature":"","_kad_post_feature_position":"","_kad_post_header":false,"_kad_post_footer":false,"footnotes":""},"categories":[182],"tags":[195,197,2,194,196,18],"class_list":["post-696","post","type-post","status-publish","format-standard","has-post-thumbnail","hentry","category-actualidad","tag-beca","tag-coruna","tag-empleo","tag-marketing-digital","tag-startup","tag-trabajo"],"yoast_head":"<!-- This site is optimized with the Yoast SEO plugin v25.2 - https:\/\/yoast.com\/wordpress\/plugins\/seo\/ -->\n<title>\u00a1Se busca inquiet@ con conocimientos de marketing y comunicaci\u00f3n! - El Blog de WeKAb<\/title>\n<meta name=\"robots\" content=\"index, follow, max-snippet:-1, max-image-preview:large, max-video-preview:-1\" \/>\n<link rel=\"canonical\" href=\"https:\/\/wekab.com\/blog\/se-busca-inquiet-conocimientos-marketing-comunicacion\/\" \/>\n<meta property=\"og:locale\" content=\"es_ES\" \/>\n<meta property=\"og:type\" content=\"article\" \/>\n<meta property=\"og:title\" content=\"\u00a1Se busca inquiet@ con conocimientos de marketing y comunicaci\u00f3n! - El Blog de WeKAb\" \/>\n<meta property=\"og:description\" content=\"Estamos creciendo&#8230; y necesitamos contar con personas con iniciativa, con esp\u00edritu emprendedor, que disfruten con los retos, para ayudarnos a hacer de WeKAb un proyecto de referencia en el \u00e1mbito de la formaci\u00f3n para el empleo o lifelong learning. Si adem\u00e1s de estas cualidades, tienes conocimientos de marketing digital y comunicaci\u00f3n, has finalizado tus estudios...\" \/>\n<meta property=\"og:url\" content=\"https:\/\/wekab.com\/blog\/se-busca-inquiet-conocimientos-marketing-comunicacion\/\" \/>\n<meta property=\"og:site_name\" content=\"El Blog de WeKAb\" \/>\n<meta property=\"article:publisher\" content=\"https:\/\/www.facebook.com\/WeKnowAbout\/\" \/>\n<meta property=\"article:published_time\" content=\"2017-08-20T09:40:37+00:00\" \/>\n<meta property=\"article:modified_time\" content=\"2017-08-28T14:02:55+00:00\" \/>\n<meta property=\"og:image\" content=\"https:\/\/wekab.com\/blog\/wp-content\/uploads\/2017\/08\/Anuncio-WeKAb-marketing-1.png\" \/>\n\t<meta property=\"og:image:width\" content=\"940\" \/>\n\t<meta property=\"og:image:height\" content=\"788\" \/>\n\t<meta property=\"og:image:type\" content=\"image\/png\" \/>\n<meta name=\"author\" content=\"Juan Diego Pereiro Arean\" \/>\n<meta name=\"twitter:card\" content=\"summary_large_image\" \/>\n<meta name=\"twitter:creator\" content=\"@https:\/\/twitter.com\/jdpereiro\" \/>\n<meta name=\"twitter:site\" content=\"@wekab\" \/>\n<meta name=\"twitter:label1\" content=\"Escrito por\" \/>\n\t<meta name=\"twitter:data1\" content=\"Juan Diego Pereiro Arean\" \/>\n\t<meta name=\"twitter:label2\" content=\"Tiempo de lectura\" \/>\n\t<meta name=\"twitter:data2\" content=\"1 minuto\" \/>\n<script type=\"application\/ld+json\" class=\"yoast-schema-graph\">{\"@context\":\"https:\/\/schema.org\",\"@graph\":[{\"@type\":\"Article\",\"@id\":\"https:\/\/wekab.com\/blog\/se-busca-inquiet-conocimientos-marketing-comunicacion\/#article\",\"isPartOf\":{\"@id\":\"https:\/\/wekab.com\/blog\/se-busca-inquiet-conocimientos-marketing-comunicacion\/\"},\"author\":{\"name\":\"Juan Diego Pereiro Arean\",\"@id\":\"https:\/\/wekab.com\/blog\/#\/schema\/person\/6e05df6ae4447ca8beba4b60d74e9872\"},\"headline\":\"\u00a1Se busca inquiet@ con conocimientos de marketing y comunicaci\u00f3n!\",\"datePublished\":\"2017-08-20T09:40:37+00:00\",\"dateModified\":\"2017-08-28T14:02:55+00:00\",\"mainEntityOfPage\":{\"@id\":\"https:\/\/wekab.com\/blog\/se-busca-inquiet-conocimientos-marketing-comunicacion\/\"},\"wordCount\":264,\"commentCount\":0,\"publisher\":{\"@id\":\"https:\/\/wekab.com\/blog\/#organization\"},\"image\":{\"@id\":\"https:\/\/wekab.com\/blog\/se-busca-inquiet-conocimientos-marketing-comunicacion\/#primaryimage\"},\"thumbnailUrl\":\"https:\/\/wekab.com\/blog\/wp-content\/uploads\/2017\/08\/Anuncio-WeKAb-marketing-1.png\",\"keywords\":[\"beca\",\"Coru\u00f1a\",\"empleo\",\"marketing digital\",\"startup\",\"trabajo\"],\"articleSection\":[\"Actualidad\"],\"inLanguage\":\"es\",\"potentialAction\":[{\"@type\":\"CommentAction\",\"name\":\"Comment\",\"target\":[\"https:\/\/wekab.com\/blog\/se-busca-inquiet-conocimientos-marketing-comunicacion\/#respond\"]}]},{\"@type\":\"WebPage\",\"@id\":\"https:\/\/wekab.com\/blog\/se-busca-inquiet-conocimientos-marketing-comunicacion\/\",\"url\":\"https:\/\/wekab.com\/blog\/se-busca-inquiet-conocimientos-marketing-comunicacion\/\",\"name\":\"\u00a1Se busca inquiet@ con conocimientos de marketing y comunicaci\u00f3n! - El Blog de WeKAb\",\"isPartOf\":{\"@id\":\"https:\/\/wekab.com\/blog\/#website\"},\"primaryImageOfPage\":{\"@id\":\"https:\/\/wekab.com\/blog\/se-busca-inquiet-conocimientos-marketing-comunicacion\/#primaryimage\"},\"image\":{\"@id\":\"https:\/\/wekab.com\/blog\/se-busca-inquiet-conocimientos-marketing-comunicacion\/#primaryimage\"},\"thumbnailUrl\":\"https:\/\/wekab.com\/blog\/wp-content\/uploads\/2017\/08\/Anuncio-WeKAb-marketing-1.png\",\"datePublished\":\"2017-08-20T09:40:37+00:00\",\"dateModified\":\"2017-08-28T14:02:55+00:00\",\"breadcrumb\":{\"@id\":\"https:\/\/wekab.com\/blog\/se-busca-inquiet-conocimientos-marketing-comunicacion\/#breadcrumb\"},\"inLanguage\":\"es\",\"potentialAction\":[{\"@type\":\"ReadAction\",\"target\":[\"https:\/\/wekab.com\/blog\/se-busca-inquiet-conocimientos-marketing-comunicacion\/\"]}]},{\"@type\":\"ImageObject\",\"inLanguage\":\"es\",\"@id\":\"https:\/\/wekab.com\/blog\/se-busca-inquiet-conocimientos-marketing-comunicacion\/#primaryimage\",\"url\":\"https:\/\/wekab.com\/blog\/wp-content\/uploads\/2017\/08\/Anuncio-WeKAb-marketing-1.png\",\"contentUrl\":\"https:\/\/wekab.com\/blog\/wp-content\/uploads\/2017\/08\/Anuncio-WeKAb-marketing-1.png\",\"width\":940,\"height\":788,\"caption\":\"Unete al equipo de WeKAb\"},{\"@type\":\"BreadcrumbList\",\"@id\":\"https:\/\/wekab.com\/blog\/se-busca-inquiet-conocimientos-marketing-comunicacion\/#breadcrumb\",\"itemListElement\":[{\"@type\":\"ListItem\",\"position\":1,\"name\":\"Portada\",\"item\":\"https:\/\/wekab.com\/blog\/\"},{\"@type\":\"ListItem\",\"position\":2,\"name\":\"Actualidad\",\"item\":\"https:\/\/wekab.com\/blog\/category\/actualidad\/\"},{\"@type\":\"ListItem\",\"position\":3,\"name\":\"\u00a1Se busca inquiet@ con conocimientos de marketing y comunicaci\u00f3n!\"}]},{\"@type\":\"WebSite\",\"@id\":\"https:\/\/wekab.com\/blog\/#website\",\"url\":\"https:\/\/wekab.com\/blog\/\",\"name\":\"El Blog de WeKAb\",\"description\":\"Trabajo para formadores\",\"publisher\":{\"@id\":\"https:\/\/wekab.com\/blog\/#organization\"},\"potentialAction\":[{\"@type\":\"SearchAction\",\"target\":{\"@type\":\"EntryPoint\",\"urlTemplate\":\"https:\/\/wekab.com\/blog\/?s={search_term_string}\"},\"query-input\":{\"@type\":\"PropertyValueSpecification\",\"valueRequired\":true,\"valueName\":\"search_term_string\"}}],\"inLanguage\":\"es\"},{\"@type\":\"Organization\",\"@id\":\"https:\/\/wekab.com\/blog\/#organization\",\"name\":\"WeKAb\",\"url\":\"https:\/\/wekab.com\/blog\/\",\"logo\":{\"@type\":\"ImageObject\",\"inLanguage\":\"es\",\"@id\":\"https:\/\/wekab.com\/blog\/#\/schema\/logo\/image\/\",\"url\":\"https:\/\/wekab.com\/blog\/wp-content\/uploads\/2015\/04\/logo_0003_ConectConocimiento_white_320__120.png\",\"contentUrl\":\"https:\/\/wekab.com\/blog\/wp-content\/uploads\/2015\/04\/logo_0003_ConectConocimiento_white_320__120.png\",\"width\":320,\"height\":120,\"caption\":\"WeKAb\"},\"image\":{\"@id\":\"https:\/\/wekab.com\/blog\/#\/schema\/logo\/image\/\"},\"sameAs\":[\"https:\/\/www.facebook.com\/WeKnowAbout\/\",\"https:\/\/x.com\/wekab\",\"https:\/\/www.linkedin.com\/company\/wekab\",\"https:\/\/www.youtube.com\/user\/WeKnowAbout\"]},{\"@type\":\"Person\",\"@id\":\"https:\/\/wekab.com\/blog\/#\/schema\/person\/6e05df6ae4447ca8beba4b60d74e9872\",\"name\":\"Juan Diego Pereiro Arean\",\"image\":{\"@type\":\"ImageObject\",\"inLanguage\":\"es\",\"@id\":\"https:\/\/wekab.com\/blog\/#\/schema\/person\/image\/\",\"url\":\"https:\/\/secure.gravatar.com\/avatar\/822882ae9be9bf7a35823217e4b8ece1aec33920a5b3c719b95b18c327ecdf74?s=96&d=mm&r=g\",\"contentUrl\":\"https:\/\/secure.gravatar.com\/avatar\/822882ae9be9bf7a35823217e4b8ece1aec33920a5b3c719b95b18c327ecdf74?s=96&d=mm&r=g\",\"caption\":\"Juan Diego Pereiro Arean\"},\"description\":\"Soy una persona que apenas sabe mucho de poco, pero en cambio s\u00ed poco de mucho, lo que creo que me ayuda a tener una buena perspectiva del Mundo. Inquietamente inquieto... emprendo, aprendo, experimento y dedico gran parte de mi tiempo (hasta el de ocio) al \u00e1mbito de la formaci\u00f3n, el emprendimiento y la tecnolog\u00eda aplicada a estos \u00e1mbitos.\",\"sameAs\":[\"http:\/\/www.wekco.net\",\"http:\/\/es.linkedin.com\/in\/jdpereiro\",\"https:\/\/x.com\/https:\/\/twitter.com\/jdpereiro\"],\"url\":\"https:\/\/wekab.com\/blog\/author\/jdpereiro\/\"}]}<\/script>\n<!-- \/ Yoast SEO plugin. -->","yoast_head_json":{"title":"\u00a1Se busca inquiet@ con conocimientos de marketing y comunicaci\u00f3n! - El Blog de WeKAb","robots":{"index":"index","follow":"follow","max-snippet":"max-snippet:-1","max-image-preview":"max-image-preview:large","max-video-preview":"max-video-preview:-1"},"canonical":"https:\/\/wekab.com\/blog\/se-busca-inquiet-conocimientos-marketing-comunicacion\/","og_locale":"es_ES","og_type":"article","og_title":"\u00a1Se busca inquiet@ con conocimientos de marketing y comunicaci\u00f3n! - El Blog de WeKAb","og_description":"Estamos creciendo&#8230; y necesitamos contar con personas con iniciativa, con esp\u00edritu emprendedor, que disfruten con los retos, para ayudarnos a hacer de WeKAb un proyecto de referencia en el \u00e1mbito de la formaci\u00f3n para el empleo o lifelong learning. Si adem\u00e1s de estas cualidades, tienes conocimientos de marketing digital y comunicaci\u00f3n, has finalizado tus estudios...","og_url":"https:\/\/wekab.com\/blog\/se-busca-inquiet-conocimientos-marketing-comunicacion\/","og_site_name":"El Blog de WeKAb","article_publisher":"https:\/\/www.facebook.com\/WeKnowAbout\/","article_published_time":"2017-08-20T09:40:37+00:00","article_modified_time":"2017-08-28T14:02:55+00:00","og_image":[{"width":940,"height":788,"url":"https:\/\/wekab.com\/blog\/wp-content\/uploads\/2017\/08\/Anuncio-WeKAb-marketing-1.png","type":"image\/png"}],"author":"Juan Diego Pereiro Arean","twitter_card":"summary_large_image","twitter_creator":"@https:\/\/twitter.com\/jdpereiro","twitter_site":"@wekab","twitter_misc":{"Escrito por":"Juan Diego Pereiro Arean","Tiempo de lectura":"1 minuto"},"schema":{"@context":"https:\/\/schema.org","@graph":[{"@type":"Article","@id":"https:\/\/wekab.com\/blog\/se-busca-inquiet-conocimientos-marketing-comunicacion\/#article","isPartOf":{"@id":"https:\/\/wekab.com\/blog\/se-busca-inquiet-conocimientos-marketing-comunicacion\/"},"author":{"name":"Juan Diego Pereiro Arean","@id":"https:\/\/wekab.com\/blog\/#\/schema\/person\/6e05df6ae4447ca8beba4b60d74e9872"},"headline":"\u00a1Se busca inquiet@ con conocimientos de marketing y comunicaci\u00f3n!","datePublished":"2017-08-20T09:40:37+00:00","dateModified":"2017-08-28T14:02:55+00:00","mainEntityOfPage":{"@id":"https:\/\/wekab.com\/blog\/se-busca-inquiet-conocimientos-marketing-comunicacion\/"},"wordCount":264,"commentCount":0,"publisher":{"@id":"https:\/\/wekab.com\/blog\/#organization"},"image":{"@id":"https:\/\/wekab.com\/blog\/se-busca-inquiet-conocimientos-marketing-comunicacion\/#primaryimage"},"thumbnailUrl":"https:\/\/wekab.com\/blog\/wp-content\/uploads\/2017\/08\/Anuncio-WeKAb-marketing-1.png","keywords":["beca","Coru\u00f1a","empleo","marketing digital","startup","trabajo"],"articleSection":["Actualidad"],"inLanguage":"es","potentialAction":[{"@type":"CommentAction","name":"Comment","target":["https:\/\/wekab.com\/blog\/se-busca-inquiet-conocimientos-marketing-comunicacion\/#respond"]}]},{"@type":"WebPage","@id":"https:\/\/wekab.com\/blog\/se-busca-inquiet-conocimientos-marketing-comunicacion\/","url":"https:\/\/wekab.com\/blog\/se-busca-inquiet-conocimientos-marketing-comunicacion\/","name":"\u00a1Se busca inquiet@ con conocimientos de marketing y comunicaci\u00f3n! - El Blog de WeKAb","isPartOf":{"@id":"https:\/\/wekab.com\/blog\/#website"},"primaryImageOfPage":{"@id":"https:\/\/wekab.com\/blog\/se-busca-inquiet-conocimientos-marketing-comunicacion\/#primaryimage"},"image":{"@id":"https:\/\/wekab.com\/blog\/se-busca-inquiet-conocimientos-marketing-comunicacion\/#primaryimage"},"thumbnailUrl":"https:\/\/wekab.com\/blog\/wp-content\/uploads\/2017\/08\/Anuncio-WeKAb-marketing-1.png","datePublished":"2017-08-20T09:40:37+00:00","dateModified":"2017-08-28T14:02:55+00:00","breadcrumb":{"@id":"https:\/\/wekab.com\/blog\/se-busca-inquiet-conocimientos-marketing-comunicacion\/#breadcrumb"},"inLanguage":"es","potentialAction":[{"@type":"ReadAction","target":["https:\/\/wekab.com\/blog\/se-busca-inquiet-conocimientos-marketing-comunicacion\/"]}]},{"@type":"ImageObject","inLanguage":"es","@id":"https:\/\/wekab.com\/blog\/se-busca-inquiet-conocimientos-marketing-comunicacion\/#primaryimage","url":"https:\/\/wekab.com\/blog\/wp-content\/uploads\/2017\/08\/Anuncio-WeKAb-marketing-1.png","contentUrl":"https:\/\/wekab.com\/blog\/wp-content\/uploads\/2017\/08\/Anuncio-WeKAb-marketing-1.png","width":940,"height":788,"caption":"Unete al equipo de WeKAb"},{"@type":"BreadcrumbList","@id":"https:\/\/wekab.com\/blog\/se-busca-inquiet-conocimientos-marketing-comunicacion\/#breadcrumb","itemListElement":[{"@type":"ListItem","position":1,"name":"Portada","item":"https:\/\/wekab.com\/blog\/"},{"@type":"ListItem","position":2,"name":"Actualidad","item":"https:\/\/wekab.com\/blog\/category\/actualidad\/"},{"@type":"ListItem","position":3,"name":"\u00a1Se busca inquiet@ con conocimientos de marketing y comunicaci\u00f3n!"}]},{"@type":"WebSite","@id":"https:\/\/wekab.com\/blog\/#website","url":"https:\/\/wekab.com\/blog\/","name":"El Blog de WeKAb","description":"Trabajo para formadores","publisher":{"@id":"https:\/\/wekab.com\/blog\/#organization"},"potentialAction":[{"@type":"SearchAction","target":{"@type":"EntryPoint","urlTemplate":"https:\/\/wekab.com\/blog\/?s={search_term_string}"},"query-input":{"@type":"PropertyValueSpecification","valueRequired":true,"valueName":"search_term_string"}}],"inLanguage":"es"},{"@type":"Organization","@id":"https:\/\/wekab.com\/blog\/#organization","name":"WeKAb","url":"https:\/\/wekab.com\/blog\/","logo":{"@type":"ImageObject","inLanguage":"es","@id":"https:\/\/wekab.com\/blog\/#\/schema\/logo\/image\/","url":"https:\/\/wekab.com\/blog\/wp-content\/uploads\/2015\/04\/logo_0003_ConectConocimiento_white_320__120.png","contentUrl":"https:\/\/wekab.com\/blog\/wp-content\/uploads\/2015\/04\/logo_0003_ConectConocimiento_white_320__120.png","width":320,"height":120,"caption":"WeKAb"},"image":{"@id":"https:\/\/wekab.com\/blog\/#\/schema\/logo\/image\/"},"sameAs":["https:\/\/www.facebook.com\/WeKnowAbout\/","https:\/\/x.com\/wekab","https:\/\/www.linkedin.com\/company\/wekab","https:\/\/www.youtube.com\/user\/WeKnowAbout"]},{"@type":"Person","@id":"https:\/\/wekab.com\/blog\/#\/schema\/person\/6e05df6ae4447ca8beba4b60d74e9872","name":"Juan Diego Pereiro Arean","image":{"@type":"ImageObject","inLanguage":"es","@id":"https:\/\/wekab.com\/blog\/#\/schema\/person\/image\/","url":"https:\/\/secure.gravatar.com\/avatar\/822882ae9be9bf7a35823217e4b8ece1aec33920a5b3c719b95b18c327ecdf74?s=96&d=mm&r=g","contentUrl":"https:\/\/secure.gravatar.com\/avatar\/822882ae9be9bf7a35823217e4b8ece1aec33920a5b3c719b95b18c327ecdf74?s=96&d=mm&r=g","caption":"Juan Diego Pereiro Arean"},"description":"Soy una persona que apenas sabe mucho de poco, pero en cambio s\u00ed poco de mucho, lo que creo que me ayuda a tener una buena perspectiva del Mundo. Inquietamente inquieto... emprendo, aprendo, experimento y dedico gran parte de mi tiempo (hasta el de ocio) al \u00e1mbito de la formaci\u00f3n, el emprendimiento y la tecnolog\u00eda aplicada a estos \u00e1mbitos.","sameAs":["http:\/\/www.wekco.net","http:\/\/es.linkedin.com\/in\/jdpereiro","https:\/\/x.com\/https:\/\/twitter.com\/jdpereiro"],"url":"https:\/\/wekab.com\/blog\/author\/jdpereiro\/"}]}},"_links":{"self":[{"href":"https:\/\/wekab.com\/blog\/wp-json\/wp\/v2\/posts\/696","targetHints":{"allow":["GET"]}}],"collection":[{"href":"https:\/\/wekab.com\/blog\/wp-json\/wp\/v2\/posts"}],"about":[{"href":"https:\/\/wekab.com\/blog\/wp-json\/wp\/v2\/types\/post"}],"author":[{"embeddable":true,"href":"https:\/\/wekab.com\/blog\/wp-json\/wp\/v2\/users\/3"}],"replies":[{"embeddable":true,"href":"https:\/\/wekab.com\/blog\/wp-json\/wp\/v2\/comments?post=696"}],"version-history":[{"count":0,"href":"https:\/\/wekab.com\/blog\/wp-json\/wp\/v2\/posts\/696\/revisions"}],"wp:featuredmedia":[{"embeddable":true,"href":"https:\/\/wekab.com\/blog\/wp-json\/wp\/v2\/media\/701"}],"wp:attachment":[{"href":"https:\/\/wekab.com\/blog\/wp-json\/wp\/v2\/media?parent=696"}],"wp:term":[{"taxonomy":"category","embeddable":true,"href":"https:\/\/wekab.com\/blog\/wp-json\/wp\/v2\/categories?post=696"},{"taxonomy":"post_tag","embeddable":true,"href":"https:\/\/wekab.com\/blog\/wp-json\/wp\/v2\/tags?post=696"}],"curies":[{"name":"wp","href":"https:\/\/api.w.org\/{rel}","templated":true}]}}