{"id":90,"date":"2015-04-17T09:29:29","date_gmt":"2015-04-17T08:29:29","guid":{"rendered":"https:\/\/wekab.com\/blog\/?p=90"},"modified":"2017-04-04T14:59:09","modified_gmt":"2017-04-04T13:59:09","slug":"presentacion-de-wekab-en-valencia","status":"publish","type":"post","link":"https:\/\/wekab.com\/blog\/presentacion-de-wekab-en-valencia\/","title":{"rendered":"Presentaci\u00f3n de WeKAb en Valencia"},"content":{"rendered":"<p>Tras la\u00a0primera presentaci\u00f3n realizada recientemente\u00a0en el <a title=\"Presentaci\u00f3n de WeKAb en el CDTIC de Galicia\" href=\"https:\/\/cdtic.xunta.es\/es\/weKAb-formadores\" target=\"_blank\">Centro Demostrador TIC de Galicia<\/a>, el mi\u00e9rcoles 22 de abril, WeKAb.com realizar\u00e1 en Valencia una nueva presentaci\u00f3n de su portal de trabajo profesional,\u00a0especializado para formadores y entidades formadoras.<br \/>\nEl evento se celebrar\u00e1 en el <a title=\"Las Naves (Valencia)\" href=\"http:\/\/www.lasnaves.com\/\" target=\"_blank\">espacio de innovaci\u00f3n cultural Las Naves<\/a>\u00a0en horario de ma\u00f1ana (de 12:00 a 13:30h).\u00a0La asistencia es libre hasta completar aforo, por lo que se\u00a0requiere\u00a0previa inscripci\u00f3n.<\/p>\n<p>La presentaci\u00f3n est\u00e1 destinada a formadores de formaci\u00f3n continua y ocupacional, profesionales senior por cuenta propia o ajena que quieran dedicarse a la formaci\u00f3n como actividad complementaria y entidades formadoras (consultoras de formaci\u00f3n, asociaciones sindicales y empresariales u otro tipo de empresas) que buscan con frecuencia nuevos formadores para atender sus necesidades de negocio.<\/p>\n<p>Durante el evento, <a title=\"Juan Diego en Linkedin\" href=\"https:\/\/es.linkedin.com\/in\/jdpereiro\" target=\"_blank\">Juan Diego Pereiro Are\u00e1n<\/a>, CEO y Fundador de WeKAb.com mostrar\u00e1 una visi\u00f3n global del proyecto, y entrar\u00e1 en detalle en apartados espec\u00edficos relacionados con el formador (perfil profesional, competencia y reputaci\u00f3n) y con las entidades formadoras (sedes, usuarios, ofertas de trabajo,&#8230;)<\/p>\n<p>La presentaci\u00f3n finalizar\u00e1 con un turno de preguntas y feedback con los formadores y entidades formadoras.<\/p>\n<p>&nbsp;<\/p>\n<div id=\"ez-toc-container\" class=\"ez-toc-v2_0_74 counter-hierarchy ez-toc-counter ez-toc-custom ez-toc-container-direction\">\n<div class=\"ez-toc-title-container\">\n<p class=\"ez-toc-title\" style=\"cursor:inherit\">Tabla de contenidos<\/p>\n<span class=\"ez-toc-title-toggle\"><a href=\"#\" class=\"ez-toc-pull-right ez-toc-btn ez-toc-btn-xs ez-toc-btn-default ez-toc-toggle\" aria-label=\"Alternar tabla de contenidos\"><span class=\"ez-toc-js-icon-con\"><span class=\"\"><span class=\"eztoc-hide\" style=\"display:none;\">Toggle<\/span><span class=\"ez-toc-icon-toggle-span\"><svg style=\"fill: #999;color:#999\" xmlns=\"http:\/\/www.w3.org\/2000\/svg\" class=\"list-377408\" width=\"20px\" height=\"20px\" viewBox=\"0 0 24 24\" fill=\"none\"><path d=\"M6 6H4v2h2V6zm14 0H8v2h12V6zM4 11h2v2H4v-2zm16 0H8v2h12v-2zM4 16h2v2H4v-2zm16 0H8v2h12v-2z\" fill=\"currentColor\"><\/path><\/svg><svg style=\"fill: #999;color:#999\" class=\"arrow-unsorted-368013\" xmlns=\"http:\/\/www.w3.org\/2000\/svg\" width=\"10px\" height=\"10px\" viewBox=\"0 0 24 24\" version=\"1.2\" baseProfile=\"tiny\"><path d=\"M18.2 9.3l-6.2-6.3-6.2 6.3c-.2.2-.3.4-.3.7s.1.5.3.7c.2.2.4.3.7.3h11c.3 0 .5-.1.7-.3.2-.2.3-.5.3-.7s-.1-.5-.3-.7zM5.8 14.7l6.2 6.3 6.2-6.3c.2-.2.3-.5.3-.7s-.1-.5-.3-.7c-.2-.2-.4-.3-.7-.3h-11c-.3 0-.5.1-.7.3-.2.2-.3.5-.3.7s.1.5.3.7z\"\/><\/svg><\/span><\/span><\/span><\/a><\/span><\/div>\n<nav><ul class='ez-toc-list ez-toc-list-level-1 eztoc-toggle-hide-by-default' ><li class='ez-toc-page-1 ez-toc-heading-level-2'><a class=\"ez-toc-link ez-toc-heading-1\" href=\"https:\/\/wekab.com\/blog\/presentacion-de-wekab-en-valencia\/#Formulario_de_inscripcion_al_evento\" >Formulario de inscripci\u00f3n al evento<\/a><\/li><li class='ez-toc-page-1 ez-toc-heading-level-2'><a class=\"ez-toc-link ez-toc-heading-2\" href=\"https:\/\/wekab.com\/blog\/presentacion-de-wekab-en-valencia\/#%C2%BFDonde\" >\u00bfD\u00f3nde?<\/a><\/li><\/ul><\/nav><\/div>\n<h2><span class=\"ez-toc-section\" id=\"Formulario_de_inscripcion_al_evento\"><\/span>Formulario de inscripci\u00f3n al evento<span class=\"ez-toc-section-end\"><\/span><\/h2>\n<p><iframe loading=\"lazy\" src=\"https:\/\/docs.google.com\/a\/wekab.com\/forms\/d\/1rLbp-W3e_abTdEpH-3WIKGarkjTZ2ZUqLZ2oHJ1HXmI\/viewform?embedded=true\" width=\"600\" height=\"1000\" frameborder=\"0\" marginwidth=\"0\" marginheight=\"0\">Cargando&#8230;<\/iframe><\/p>\n<h2><span class=\"ez-toc-section\" id=\"%C2%BFDonde\"><\/span>\u00bfD\u00f3nde?<span class=\"ez-toc-section-end\"><\/span><\/h2>\n<p>Las Naves, Espai d&#8217;innovaci\u00f3 i creaci\u00f3<br \/>\nC\/ de Juan Verdeguer 16<br \/>\n46024\u00a0Valencia<br \/>\nTel\u00e9fono de contacto: 963 531 272<\/p>\n<p><iframe loading=\"lazy\" style=\"border: 0;\" src=\"https:\/\/www.google.com\/maps\/embed?pb=!1m14!1m8!1m3!1d12321.885948810606!2d-0.337954!3d39.458676!3m2!1i1024!2i768!4f13.1!3m3!1m2!1s0x0%3A0x37b1bcba9ad9547a!2sLas+Naves!5e0!3m2!1ses!2ses!4v1429524064652\" width=\"600\" height=\"450\" frameborder=\"0\"><\/iframe><\/p>\n","protected":false},"excerpt":{"rendered":"<p>Tras la\u00a0primera presentaci\u00f3n realizada recientemente\u00a0en el Centro Demostrador TIC de Galicia, el mi\u00e9rcoles 22 de abril, WeKAb.com realizar\u00e1 en Valencia una nueva presentaci\u00f3n de su portal de trabajo profesional,\u00a0especializado para formadores y entidades formadoras. El evento se celebrar\u00e1 en el espacio de innovaci\u00f3n cultural Las Naves\u00a0en horario de ma\u00f1ana (de 12:00 a 13:30h).\u00a0La asistencia es&#8230;<\/p>\n","protected":false},"author":2,"featured_media":91,"comment_status":"open","ping_status":"open","sticky":false,"template":"","format":"standard","meta":{"_kad_post_transparent":"","_kad_post_title":"","_kad_post_layout":"","_kad_post_sidebar_id":"","_kad_post_content_style":"","_kad_post_vertical_padding":"","_kad_post_feature":"","_kad_post_feature_position":"","_kad_post_header":false,"_kad_post_footer":false,"footnotes":""},"categories":[22,176],"tags":[27,16,29,28,24,23,25],"class_list":["post-90","post","type-post","status-publish","format-standard","has-post-thumbnail","hentry","category-eventos","category-ferias-y-congresos","tag-entidad-formadora","tag-formador","tag-juan-diego-pereiro-arean","tag-las-naves","tag-presentacion","tag-valencia","tag-wekab"],"yoast_head":"<!-- This site is optimized with the Yoast SEO plugin v25.2 - https:\/\/yoast.com\/wordpress\/plugins\/seo\/ -->\n<title>Presentaci\u00f3n WeKAb en Valencia<\/title>\n<meta name=\"description\" content=\"El mi\u00e9rcoles 22 de abril, WeKAb.com realizar\u00e1 en Valencia una presentaci\u00f3n de su portal de trabajo especializado para formadores y entidades formadoras.\" \/>\n<meta name=\"robots\" content=\"index, follow, max-snippet:-1, max-image-preview:large, max-video-preview:-1\" \/>\n<link rel=\"canonical\" href=\"https:\/\/wekab.com\/blog\/presentacion-de-wekab-en-valencia\/\" \/>\n<meta property=\"og:locale\" content=\"es_ES\" \/>\n<meta property=\"og:type\" content=\"article\" \/>\n<meta property=\"og:title\" content=\"Presentaci\u00f3n WeKAb en Valencia\" \/>\n<meta property=\"og:description\" content=\"El mi\u00e9rcoles 22 de abril, WeKAb.com realizar\u00e1 en Valencia una presentaci\u00f3n de su portal de trabajo especializado para formadores y entidades formadoras.\" \/>\n<meta property=\"og:url\" content=\"https:\/\/wekab.com\/blog\/presentacion-de-wekab-en-valencia\/\" \/>\n<meta property=\"og:site_name\" content=\"El Blog de WeKAb\" \/>\n<meta property=\"article:publisher\" content=\"https:\/\/www.facebook.com\/WeKnowAbout\/\" \/>\n<meta property=\"article:author\" content=\"www.facebook.com\/weknowabout\" \/>\n<meta property=\"article:published_time\" content=\"2015-04-17T08:29:29+00:00\" \/>\n<meta property=\"article:modified_time\" content=\"2017-04-04T13:59:09+00:00\" \/>\n<meta property=\"og:image\" content=\"https:\/\/wekab.com\/blog\/wp-content\/uploads\/2015\/04\/20150422_Valencia_WeKAb_850x315.png\" \/>\n\t<meta property=\"og:image:width\" content=\"850\" \/>\n\t<meta property=\"og:image:height\" content=\"315\" \/>\n\t<meta property=\"og:image:type\" content=\"image\/png\" \/>\n<meta name=\"author\" content=\"WeKAb\" \/>\n<meta name=\"twitter:card\" content=\"summary_large_image\" \/>\n<meta name=\"twitter:creator\" content=\"@https:\/\/twitter.com\/WeKAb\" \/>\n<meta name=\"twitter:site\" content=\"@wekab\" \/>\n<meta name=\"twitter:label1\" content=\"Escrito por\" \/>\n\t<meta name=\"twitter:data1\" content=\"WeKAb\" \/>\n\t<meta name=\"twitter:label2\" content=\"Tiempo de lectura\" \/>\n\t<meta name=\"twitter:data2\" content=\"1 minuto\" \/>\n<script type=\"application\/ld+json\" class=\"yoast-schema-graph\">{\"@context\":\"https:\/\/schema.org\",\"@graph\":[{\"@type\":\"Article\",\"@id\":\"https:\/\/wekab.com\/blog\/presentacion-de-wekab-en-valencia\/#article\",\"isPartOf\":{\"@id\":\"https:\/\/wekab.com\/blog\/presentacion-de-wekab-en-valencia\/\"},\"author\":{\"name\":\"WeKAb\",\"@id\":\"https:\/\/wekab.com\/blog\/#\/schema\/person\/4549c377f58dfe2e7c89ee9fe7b524e2\"},\"headline\":\"Presentaci\u00f3n de WeKAb en Valencia\",\"datePublished\":\"2015-04-17T08:29:29+00:00\",\"dateModified\":\"2017-04-04T13:59:09+00:00\",\"mainEntityOfPage\":{\"@id\":\"https:\/\/wekab.com\/blog\/presentacion-de-wekab-en-valencia\/\"},\"wordCount\":232,\"commentCount\":1,\"publisher\":{\"@id\":\"https:\/\/wekab.com\/blog\/#organization\"},\"image\":{\"@id\":\"https:\/\/wekab.com\/blog\/presentacion-de-wekab-en-valencia\/#primaryimage\"},\"thumbnailUrl\":\"https:\/\/wekab.com\/blog\/wp-content\/uploads\/2015\/04\/20150422_Valencia_WeKAb_850x315.png\",\"keywords\":[\"entidad formadora\",\"formador\",\"Juan Diego Pereiro Are\u00e1n\",\"Las Naves\",\"Presentaci\u00f3n\",\"Valencia\",\"WeKAb\"],\"articleSection\":[\"Eventos\",\"Ferias y Congresos\"],\"inLanguage\":\"es\",\"potentialAction\":[{\"@type\":\"CommentAction\",\"name\":\"Comment\",\"target\":[\"https:\/\/wekab.com\/blog\/presentacion-de-wekab-en-valencia\/#respond\"]}]},{\"@type\":\"WebPage\",\"@id\":\"https:\/\/wekab.com\/blog\/presentacion-de-wekab-en-valencia\/\",\"url\":\"https:\/\/wekab.com\/blog\/presentacion-de-wekab-en-valencia\/\",\"name\":\"Presentaci\u00f3n WeKAb en Valencia\",\"isPartOf\":{\"@id\":\"https:\/\/wekab.com\/blog\/#website\"},\"primaryImageOfPage\":{\"@id\":\"https:\/\/wekab.com\/blog\/presentacion-de-wekab-en-valencia\/#primaryimage\"},\"image\":{\"@id\":\"https:\/\/wekab.com\/blog\/presentacion-de-wekab-en-valencia\/#primaryimage\"},\"thumbnailUrl\":\"https:\/\/wekab.com\/blog\/wp-content\/uploads\/2015\/04\/20150422_Valencia_WeKAb_850x315.png\",\"datePublished\":\"2015-04-17T08:29:29+00:00\",\"dateModified\":\"2017-04-04T13:59:09+00:00\",\"description\":\"El mi\u00e9rcoles 22 de abril, WeKAb.com realizar\u00e1 en Valencia una presentaci\u00f3n de su portal de trabajo especializado para formadores y entidades formadoras.\",\"breadcrumb\":{\"@id\":\"https:\/\/wekab.com\/blog\/presentacion-de-wekab-en-valencia\/#breadcrumb\"},\"inLanguage\":\"es\",\"potentialAction\":[{\"@type\":\"ReadAction\",\"target\":[\"https:\/\/wekab.com\/blog\/presentacion-de-wekab-en-valencia\/\"]}]},{\"@type\":\"ImageObject\",\"inLanguage\":\"es\",\"@id\":\"https:\/\/wekab.com\/blog\/presentacion-de-wekab-en-valencia\/#primaryimage\",\"url\":\"https:\/\/wekab.com\/blog\/wp-content\/uploads\/2015\/04\/20150422_Valencia_WeKAb_850x315.png\",\"contentUrl\":\"https:\/\/wekab.com\/blog\/wp-content\/uploads\/2015\/04\/20150422_Valencia_WeKAb_850x315.png\",\"width\":850,\"height\":315},{\"@type\":\"BreadcrumbList\",\"@id\":\"https:\/\/wekab.com\/blog\/presentacion-de-wekab-en-valencia\/#breadcrumb\",\"itemListElement\":[{\"@type\":\"ListItem\",\"position\":1,\"name\":\"Portada\",\"item\":\"https:\/\/wekab.com\/blog\/\"},{\"@type\":\"ListItem\",\"position\":2,\"name\":\"Eventos\",\"item\":\"https:\/\/wekab.com\/blog\/category\/eventos\/\"},{\"@type\":\"ListItem\",\"position\":3,\"name\":\"Presentaci\u00f3n de WeKAb en Valencia\"}]},{\"@type\":\"WebSite\",\"@id\":\"https:\/\/wekab.com\/blog\/#website\",\"url\":\"https:\/\/wekab.com\/blog\/\",\"name\":\"El Blog de WeKAb\",\"description\":\"Trabajo para formadores\",\"publisher\":{\"@id\":\"https:\/\/wekab.com\/blog\/#organization\"},\"potentialAction\":[{\"@type\":\"SearchAction\",\"target\":{\"@type\":\"EntryPoint\",\"urlTemplate\":\"https:\/\/wekab.com\/blog\/?s={search_term_string}\"},\"query-input\":{\"@type\":\"PropertyValueSpecification\",\"valueRequired\":true,\"valueName\":\"search_term_string\"}}],\"inLanguage\":\"es\"},{\"@type\":\"Organization\",\"@id\":\"https:\/\/wekab.com\/blog\/#organization\",\"name\":\"WeKAb\",\"url\":\"https:\/\/wekab.com\/blog\/\",\"logo\":{\"@type\":\"ImageObject\",\"inLanguage\":\"es\",\"@id\":\"https:\/\/wekab.com\/blog\/#\/schema\/logo\/image\/\",\"url\":\"https:\/\/wekab.com\/blog\/wp-content\/uploads\/2015\/04\/logo_0003_ConectConocimiento_white_320__120.png\",\"contentUrl\":\"https:\/\/wekab.com\/blog\/wp-content\/uploads\/2015\/04\/logo_0003_ConectConocimiento_white_320__120.png\",\"width\":320,\"height\":120,\"caption\":\"WeKAb\"},\"image\":{\"@id\":\"https:\/\/wekab.com\/blog\/#\/schema\/logo\/image\/\"},\"sameAs\":[\"https:\/\/www.facebook.com\/WeKnowAbout\/\",\"https:\/\/x.com\/wekab\",\"https:\/\/www.linkedin.com\/company\/wekab\",\"https:\/\/www.youtube.com\/user\/WeKnowAbout\"]},{\"@type\":\"Person\",\"@id\":\"https:\/\/wekab.com\/blog\/#\/schema\/person\/4549c377f58dfe2e7c89ee9fe7b524e2\",\"name\":\"WeKAb\",\"image\":{\"@type\":\"ImageObject\",\"inLanguage\":\"es\",\"@id\":\"https:\/\/wekab.com\/blog\/#\/schema\/person\/image\/\",\"url\":\"https:\/\/secure.gravatar.com\/avatar\/1683069b8479db2ab50e72c0866b4ae05544a7061daba4f941ae697f8925a319?s=96&d=mm&r=g\",\"contentUrl\":\"https:\/\/secure.gravatar.com\/avatar\/1683069b8479db2ab50e72c0866b4ae05544a7061daba4f941ae697f8925a319?s=96&d=mm&r=g\",\"caption\":\"WeKAb\"},\"sameAs\":[\"http:\/\/www.wekab.com\",\"www.facebook.com\/weknowabout\",\"https:\/\/www.linkedin.com\/company\/wekab\",\"https:\/\/x.com\/https:\/\/twitter.com\/WeKAb\",\"https:\/\/www.youtube.com\/user\/WeKnowAbout\"],\"url\":\"https:\/\/wekab.com\/blog\/author\/wekab\/\"}]}<\/script>\n<!-- \/ Yoast SEO plugin. -->","yoast_head_json":{"title":"Presentaci\u00f3n WeKAb en Valencia","description":"El mi\u00e9rcoles 22 de abril, WeKAb.com realizar\u00e1 en Valencia una presentaci\u00f3n de su portal de trabajo especializado para formadores y entidades formadoras.","robots":{"index":"index","follow":"follow","max-snippet":"max-snippet:-1","max-image-preview":"max-image-preview:large","max-video-preview":"max-video-preview:-1"},"canonical":"https:\/\/wekab.com\/blog\/presentacion-de-wekab-en-valencia\/","og_locale":"es_ES","og_type":"article","og_title":"Presentaci\u00f3n WeKAb en Valencia","og_description":"El mi\u00e9rcoles 22 de abril, WeKAb.com realizar\u00e1 en Valencia una presentaci\u00f3n de su portal de trabajo especializado para formadores y entidades formadoras.","og_url":"https:\/\/wekab.com\/blog\/presentacion-de-wekab-en-valencia\/","og_site_name":"El Blog de WeKAb","article_publisher":"https:\/\/www.facebook.com\/WeKnowAbout\/","article_author":"www.facebook.com\/weknowabout","article_published_time":"2015-04-17T08:29:29+00:00","article_modified_time":"2017-04-04T13:59:09+00:00","og_image":[{"width":850,"height":315,"url":"https:\/\/wekab.com\/blog\/wp-content\/uploads\/2015\/04\/20150422_Valencia_WeKAb_850x315.png","type":"image\/png"}],"author":"WeKAb","twitter_card":"summary_large_image","twitter_creator":"@https:\/\/twitter.com\/WeKAb","twitter_site":"@wekab","twitter_misc":{"Escrito por":"WeKAb","Tiempo de lectura":"1 minuto"},"schema":{"@context":"https:\/\/schema.org","@graph":[{"@type":"Article","@id":"https:\/\/wekab.com\/blog\/presentacion-de-wekab-en-valencia\/#article","isPartOf":{"@id":"https:\/\/wekab.com\/blog\/presentacion-de-wekab-en-valencia\/"},"author":{"name":"WeKAb","@id":"https:\/\/wekab.com\/blog\/#\/schema\/person\/4549c377f58dfe2e7c89ee9fe7b524e2"},"headline":"Presentaci\u00f3n de WeKAb en Valencia","datePublished":"2015-04-17T08:29:29+00:00","dateModified":"2017-04-04T13:59:09+00:00","mainEntityOfPage":{"@id":"https:\/\/wekab.com\/blog\/presentacion-de-wekab-en-valencia\/"},"wordCount":232,"commentCount":1,"publisher":{"@id":"https:\/\/wekab.com\/blog\/#organization"},"image":{"@id":"https:\/\/wekab.com\/blog\/presentacion-de-wekab-en-valencia\/#primaryimage"},"thumbnailUrl":"https:\/\/wekab.com\/blog\/wp-content\/uploads\/2015\/04\/20150422_Valencia_WeKAb_850x315.png","keywords":["entidad formadora","formador","Juan Diego Pereiro Are\u00e1n","Las Naves","Presentaci\u00f3n","Valencia","WeKAb"],"articleSection":["Eventos","Ferias y Congresos"],"inLanguage":"es","potentialAction":[{"@type":"CommentAction","name":"Comment","target":["https:\/\/wekab.com\/blog\/presentacion-de-wekab-en-valencia\/#respond"]}]},{"@type":"WebPage","@id":"https:\/\/wekab.com\/blog\/presentacion-de-wekab-en-valencia\/","url":"https:\/\/wekab.com\/blog\/presentacion-de-wekab-en-valencia\/","name":"Presentaci\u00f3n WeKAb en Valencia","isPartOf":{"@id":"https:\/\/wekab.com\/blog\/#website"},"primaryImageOfPage":{"@id":"https:\/\/wekab.com\/blog\/presentacion-de-wekab-en-valencia\/#primaryimage"},"image":{"@id":"https:\/\/wekab.com\/blog\/presentacion-de-wekab-en-valencia\/#primaryimage"},"thumbnailUrl":"https:\/\/wekab.com\/blog\/wp-content\/uploads\/2015\/04\/20150422_Valencia_WeKAb_850x315.png","datePublished":"2015-04-17T08:29:29+00:00","dateModified":"2017-04-04T13:59:09+00:00","description":"El mi\u00e9rcoles 22 de abril, WeKAb.com realizar\u00e1 en Valencia una presentaci\u00f3n de su portal de trabajo especializado para formadores y entidades formadoras.","breadcrumb":{"@id":"https:\/\/wekab.com\/blog\/presentacion-de-wekab-en-valencia\/#breadcrumb"},"inLanguage":"es","potentialAction":[{"@type":"ReadAction","target":["https:\/\/wekab.com\/blog\/presentacion-de-wekab-en-valencia\/"]}]},{"@type":"ImageObject","inLanguage":"es","@id":"https:\/\/wekab.com\/blog\/presentacion-de-wekab-en-valencia\/#primaryimage","url":"https:\/\/wekab.com\/blog\/wp-content\/uploads\/2015\/04\/20150422_Valencia_WeKAb_850x315.png","contentUrl":"https:\/\/wekab.com\/blog\/wp-content\/uploads\/2015\/04\/20150422_Valencia_WeKAb_850x315.png","width":850,"height":315},{"@type":"BreadcrumbList","@id":"https:\/\/wekab.com\/blog\/presentacion-de-wekab-en-valencia\/#breadcrumb","itemListElement":[{"@type":"ListItem","position":1,"name":"Portada","item":"https:\/\/wekab.com\/blog\/"},{"@type":"ListItem","position":2,"name":"Eventos","item":"https:\/\/wekab.com\/blog\/category\/eventos\/"},{"@type":"ListItem","position":3,"name":"Presentaci\u00f3n de WeKAb en Valencia"}]},{"@type":"WebSite","@id":"https:\/\/wekab.com\/blog\/#website","url":"https:\/\/wekab.com\/blog\/","name":"El Blog de WeKAb","description":"Trabajo para formadores","publisher":{"@id":"https:\/\/wekab.com\/blog\/#organization"},"potentialAction":[{"@type":"SearchAction","target":{"@type":"EntryPoint","urlTemplate":"https:\/\/wekab.com\/blog\/?s={search_term_string}"},"query-input":{"@type":"PropertyValueSpecification","valueRequired":true,"valueName":"search_term_string"}}],"inLanguage":"es"},{"@type":"Organization","@id":"https:\/\/wekab.com\/blog\/#organization","name":"WeKAb","url":"https:\/\/wekab.com\/blog\/","logo":{"@type":"ImageObject","inLanguage":"es","@id":"https:\/\/wekab.com\/blog\/#\/schema\/logo\/image\/","url":"https:\/\/wekab.com\/blog\/wp-content\/uploads\/2015\/04\/logo_0003_ConectConocimiento_white_320__120.png","contentUrl":"https:\/\/wekab.com\/blog\/wp-content\/uploads\/2015\/04\/logo_0003_ConectConocimiento_white_320__120.png","width":320,"height":120,"caption":"WeKAb"},"image":{"@id":"https:\/\/wekab.com\/blog\/#\/schema\/logo\/image\/"},"sameAs":["https:\/\/www.facebook.com\/WeKnowAbout\/","https:\/\/x.com\/wekab","https:\/\/www.linkedin.com\/company\/wekab","https:\/\/www.youtube.com\/user\/WeKnowAbout"]},{"@type":"Person","@id":"https:\/\/wekab.com\/blog\/#\/schema\/person\/4549c377f58dfe2e7c89ee9fe7b524e2","name":"WeKAb","image":{"@type":"ImageObject","inLanguage":"es","@id":"https:\/\/wekab.com\/blog\/#\/schema\/person\/image\/","url":"https:\/\/secure.gravatar.com\/avatar\/1683069b8479db2ab50e72c0866b4ae05544a7061daba4f941ae697f8925a319?s=96&d=mm&r=g","contentUrl":"https:\/\/secure.gravatar.com\/avatar\/1683069b8479db2ab50e72c0866b4ae05544a7061daba4f941ae697f8925a319?s=96&d=mm&r=g","caption":"WeKAb"},"sameAs":["http:\/\/www.wekab.com","www.facebook.com\/weknowabout","https:\/\/www.linkedin.com\/company\/wekab","https:\/\/x.com\/https:\/\/twitter.com\/WeKAb","https:\/\/www.youtube.com\/user\/WeKnowAbout"],"url":"https:\/\/wekab.com\/blog\/author\/wekab\/"}]}},"_links":{"self":[{"href":"https:\/\/wekab.com\/blog\/wp-json\/wp\/v2\/posts\/90","targetHints":{"allow":["GET"]}}],"collection":[{"href":"https:\/\/wekab.com\/blog\/wp-json\/wp\/v2\/posts"}],"about":[{"href":"https:\/\/wekab.com\/blog\/wp-json\/wp\/v2\/types\/post"}],"author":[{"embeddable":true,"href":"https:\/\/wekab.com\/blog\/wp-json\/wp\/v2\/users\/2"}],"replies":[{"embeddable":true,"href":"https:\/\/wekab.com\/blog\/wp-json\/wp\/v2\/comments?post=90"}],"version-history":[{"count":0,"href":"https:\/\/wekab.com\/blog\/wp-json\/wp\/v2\/posts\/90\/revisions"}],"wp:featuredmedia":[{"embeddable":true,"href":"https:\/\/wekab.com\/blog\/wp-json\/wp\/v2\/media\/91"}],"wp:attachment":[{"href":"https:\/\/wekab.com\/blog\/wp-json\/wp\/v2\/media?parent=90"}],"wp:term":[{"taxonomy":"category","embeddable":true,"href":"https:\/\/wekab.com\/blog\/wp-json\/wp\/v2\/categories?post=90"},{"taxonomy":"post_tag","embeddable":true,"href":"https:\/\/wekab.com\/blog\/wp-json\/wp\/v2\/tags?post=90"}],"curies":[{"name":"wp","href":"https:\/\/api.w.org\/{rel}","templated":true}]}}